{"id":70264,"date":"2015-10-01T13:32:03","date_gmt":"2015-10-01T16:32:03","guid":{"rendered":"http:\/\/aconteceunovale.com.br\/portal\/?p=70264"},"modified":"2015-10-01T13:32:03","modified_gmt":"2015-10-01T16:32:03","slug":"comerciante-e-preso-suspeito-de-matar-homem-de-48-anos-em-itambacuri","status":"publish","type":"post","link":"https:\/\/aconteceunovale.com.br\/portal\/?p=70264","title":{"rendered":"Comerciante \u00e9 preso suspeito de matar homem de 48 anos em Itambacuri"},"content":{"rendered":"<p>O comerciante Vanderlino Pinto Rodrigues foi preso na noite dessa quarta-feira, 30 de setembro, suspeito de matar Valdecy Diomar Gomes da Silva, de 48 anos. Um denunciante an\u00f4nimo acionou a Pol\u00edcia Militar por volta das 22 horas e relatou que estaria ocorrendo uma briga entre os dois homens na Rua Coronel Francisco Bessa, no Bairro V\u00e1rzea, e que um deles estava ferido.<\/p>\n<p>No local informado, policiais militares encontraram a v\u00edtima Valdecy ca\u00edda ao solo. O Servi\u00e7o de Atendimento M\u00f3vel de Urg\u00eancia (SAMU) constatou que o homem j\u00e1 estava sem os sinais vitais e apresentava uma perfura\u00e7\u00e3o provocada por arma branca na altura do peito. <\/p>\n<p>A Pol\u00edcia Militar iniciou rastreamentos e localizou o suspeito em seu estabelecimento comercial. Vanderlino alegou aos militares que estava deslocando de sua para seu com\u00e9rcio, trazendo consigo uma faca e, ao chegar \u00e0 Rua Coronel Francisco Bessa, deparou com a v\u00edtima, que teria ido a sua dire\u00e7\u00e3o desferindo golpes com um capacete. O comerciante tamb\u00e9m disse que ao tentar correr fora alvejado por uma pedrada nas costas. <\/p>\n<p>Ainda segundo o relato do suspeito, ele e a v\u00edtima teriam entrado em luta corporal, tendo Valdecy tentado enforc\u00e1-lo e tomar a faca. Vanderlino tamb\u00e9m disse que acredita que a v\u00edtima tenha ca\u00eddo em cima da faca, quando se atracaram.<\/p>\n<p>Os dois homens teriam uma desaven\u00e7a antiga. Conforme relato do suspeito, h\u00e1 mais de seis anos ele vinha recebendo amea\u00e7as de morte da v\u00edtima Valdecy e que inclusive registrou v\u00e1rias ocorr\u00eancias policias. <\/p>\n<p>O suspeito apresentava les\u00f5es nos dedos da m\u00e3o esquerda e foi levado a um hospital local para atendimento m\u00e9dico. Ele recebeu voz de pris\u00e3o em flagrante e foi conduzido \u00e0 Delegacia de Plant\u00e3o em Te\u00f3filo Otoni para demais provid\u00eancias.<\/p>\n<p>O corpo da v\u00edtima foi removido ao Instituto M\u00e9dico Legal (IML) de Te\u00f3filo Otoni ap\u00f3s os trabalhos de praxe da Per\u00edcia T\u00e9cnica da Pol\u00edcia Civil. A faca foi apreendida pela Pol\u00edcia.<\/p>\n","protected":false},"excerpt":{"rendered":"<p>O comerciante Vanderlino Pinto Rodrigues foi preso na noite dessa quarta-feira, 30 de setembro, suspeito de matar Valdecy Diomar Gomes da Silva, de 48 anos. Um denunciante an\u00f4nimo acionou a Pol\u00edcia Militar por volta das 22 horas e relatou que estaria ocorrendo uma briga entre os dois homens na Rua Coronel Francisco Bessa, no Bairro [&hellip;]<\/p>\n","protected":false},"author":4,"featured_media":66746,"comment_status":"open","ping_status":"closed","sticky":false,"template":"","format":"standard","meta":{"amp_status":"","footnotes":""},"categories":[121],"tags":[61592,1273,61589,31349,188,33656,61591,61594,61595,61593,61590],"class_list":["post-70264","post","type-post","status-publish","format-standard","has-post-thumbnail","hentry","category-leste","tag-assassinado-em-itambacuri","tag-assassinato-em-itambacuri","tag-comerciante-e-preso-suspeito-de-matar-homem-de-48-anos-em-itambacuri","tag-homicidio-em-itambacuri","tag-itambacuri","tag-morte-em-itambacuri","tag-morto-em-itambacuri","tag-neguinho-do-beco-de-dona-lurdes","tag-valdecy-diomar-gomes-da-silva","tag-vanderlino-pinto-rodrigues","tag-violencia-em-itambacuri"],"_links":{"self":[{"href":"https:\/\/aconteceunovale.com.br\/portal\/index.php?rest_route=\/wp\/v2\/posts\/70264","targetHints":{"allow":["GET"]}}],"collection":[{"href":"https:\/\/aconteceunovale.com.br\/portal\/index.php?rest_route=\/wp\/v2\/posts"}],"about":[{"href":"https:\/\/aconteceunovale.com.br\/portal\/index.php?rest_route=\/wp\/v2\/types\/post"}],"author":[{"embeddable":true,"href":"https:\/\/aconteceunovale.com.br\/portal\/index.php?rest_route=\/wp\/v2\/users\/4"}],"replies":[{"embeddable":true,"href":"https:\/\/aconteceunovale.com.br\/portal\/index.php?rest_route=%2Fwp%2Fv2%2Fcomments&post=70264"}],"version-history":[{"count":0,"href":"https:\/\/aconteceunovale.com.br\/portal\/index.php?rest_route=\/wp\/v2\/posts\/70264\/revisions"}],"wp:featuredmedia":[{"embeddable":true,"href":"https:\/\/aconteceunovale.com.br\/portal\/index.php?rest_route=\/wp\/v2\/media\/66746"}],"wp:attachment":[{"href":"https:\/\/aconteceunovale.com.br\/portal\/index.php?rest_route=%2Fwp%2Fv2%2Fmedia&parent=70264"}],"wp:term":[{"taxonomy":"category","embeddable":true,"href":"https:\/\/aconteceunovale.com.br\/portal\/index.php?rest_route=%2Fwp%2Fv2%2Fcategories&post=70264"},{"taxonomy":"post_tag","embeddable":true,"href":"https:\/\/aconteceunovale.com.br\/portal\/index.php?rest_route=%2Fwp%2Fv2%2Ftags&post=70264"}],"curies":[{"name":"wp","href":"https:\/\/api.w.org\/{rel}","templated":true}]}}