{"id":70262,"date":"2015-10-01T13:06:30","date_gmt":"2015-10-01T16:06:30","guid":{"rendered":"http:\/\/aconteceunovale.com.br\/portal\/?p=70262"},"modified":"2015-10-01T13:06:30","modified_gmt":"2015-10-01T16:06:30","slug":"homem-e-executado-com-varios-tiros-em-pedra-azul","status":"publish","type":"post","link":"https:\/\/aconteceunovale.com.br\/portal\/?p=70262","title":{"rendered":"Homem \u00e9 executado com v\u00e1rios tiros em Pedra Azul"},"content":{"rendered":"<p>Um homem foi morto a tiros na noite dessa quarta-feira, 30 de setembro, em Pedra Azul, no Vale do Jequitinhonha. A Pol\u00edcia Militar (PM) foi acionada por volta das 22 horas e registrou a ocorr\u00eancia de homic\u00eddio consumado. Os autores do crime ainda n\u00e3o foram identificados.<\/p>\n<p>De acordo com a PM, Taciel Alceb\u00edades dos Santos foi encontrado ca\u00eddo em via p\u00fablica com onze perfura\u00e7\u00f5es de entrada e quarto de sa\u00edda provocadas por projetis de arma de fogo. <\/p>\n<p>A Per\u00edcia T\u00e9cnica da Pol\u00edcia Civil foi acionada e ap\u00f3s os trabalhos de praxe, o corpo foi removido ao Instituto M\u00e9dico Legal (IML) da cidade. A per\u00edcia recolheu onze c\u00e1psulas deflagradas de calibre 32, um telefone celular, R$ 53,50 em dinheiro, um anel e uma chave. <\/p>\n<p>Ainda segundo a Pol\u00edcia, os familiares da v\u00edtima n\u00e3o tem nenhum suspeito do crime. Rastreamentos s\u00e3o realizados com intuito de identificar e prender os autores. A motiva\u00e7\u00e3o para o crime n\u00e3o foi esclarecida.<\/p>\n","protected":false},"excerpt":{"rendered":"<p>Um homem foi morto a tiros na noite dessa quarta-feira, 30 de setembro, em Pedra Azul, no Vale do Jequitinhonha. A Pol\u00edcia Militar (PM) foi acionada por volta das 22 horas e registrou a ocorr\u00eancia de homic\u00eddio consumado. Os autores do crime ainda n\u00e3o foram identificados. De acordo com a PM, Taciel Alceb\u00edades dos Santos [&hellip;]<\/p>\n","protected":false},"author":4,"featured_media":13709,"comment_status":"open","ping_status":"closed","sticky":false,"template":"","format":"standard","meta":{"amp_status":"","footnotes":""},"categories":[120],"tags":[56219,32952,61587,32951,32953,56218,455,61588,56220],"class_list":["post-70262","post","type-post","status-publish","format-standard","has-post-thumbnail","hentry","category-jequi","tag-assassinado-em-pedra-azul","tag-assassinato-em-pedra-azul","tag-homem-e-executado-com-varios-tiros-em-pedra-azul","tag-homicidio-em-pedra-azul","tag-morte-em-pedra-azul","tag-morto-em-pedra-azul","tag-pedra-azul","tag-taciel-alcebiades-dos-santos","tag-violencia-em-pedra-azul"],"_links":{"self":[{"href":"https:\/\/aconteceunovale.com.br\/portal\/index.php?rest_route=\/wp\/v2\/posts\/70262","targetHints":{"allow":["GET"]}}],"collection":[{"href":"https:\/\/aconteceunovale.com.br\/portal\/index.php?rest_route=\/wp\/v2\/posts"}],"about":[{"href":"https:\/\/aconteceunovale.com.br\/portal\/index.php?rest_route=\/wp\/v2\/types\/post"}],"author":[{"embeddable":true,"href":"https:\/\/aconteceunovale.com.br\/portal\/index.php?rest_route=\/wp\/v2\/users\/4"}],"replies":[{"embeddable":true,"href":"https:\/\/aconteceunovale.com.br\/portal\/index.php?rest_route=%2Fwp%2Fv2%2Fcomments&post=70262"}],"version-history":[{"count":0,"href":"https:\/\/aconteceunovale.com.br\/portal\/index.php?rest_route=\/wp\/v2\/posts\/70262\/revisions"}],"wp:featuredmedia":[{"embeddable":true,"href":"https:\/\/aconteceunovale.com.br\/portal\/index.php?rest_route=\/wp\/v2\/media\/13709"}],"wp:attachment":[{"href":"https:\/\/aconteceunovale.com.br\/portal\/index.php?rest_route=%2Fwp%2Fv2%2Fmedia&parent=70262"}],"wp:term":[{"taxonomy":"category","embeddable":true,"href":"https:\/\/aconteceunovale.com.br\/portal\/index.php?rest_route=%2Fwp%2Fv2%2Fcategories&post=70262"},{"taxonomy":"post_tag","embeddable":true,"href":"https:\/\/aconteceunovale.com.br\/portal\/index.php?rest_route=%2Fwp%2Fv2%2Ftags&post=70262"}],"curies":[{"name":"wp","href":"https:\/\/api.w.org\/{rel}","templated":true}]}}