{"id":70255,"date":"2015-10-01T10:09:33","date_gmt":"2015-10-01T13:09:33","guid":{"rendered":"http:\/\/aconteceunovale.com.br\/portal\/?p=70255"},"modified":"2015-10-01T10:09:33","modified_gmt":"2015-10-01T13:09:33","slug":"outubro-rosa-tem-acoes-de-conscientizacao-sobre-cancer-de-mama-e-colo-do-utero-para-as-mineiras","status":"publish","type":"post","link":"https:\/\/aconteceunovale.com.br\/portal\/?p=70255","title":{"rendered":"Outubro Rosa tem a\u00e7\u00f5es de conscientiza\u00e7\u00e3o sobre c\u00e2ncer de mama e colo do \u00fatero para as mineiras"},"content":{"rendered":"<p>Em 2015 a campanha do Outubro Rosa, em Minas Gerais, ser\u00e1 mais ampla e vai abordar a sa\u00fade integral da mulher. Al\u00e9m do c\u00e2ncer de mama, as a\u00e7\u00f5es preparadas pela\u00a0Secretaria de Estado de Sa\u00fade (SES-MG)\u00a0tamb\u00e9m trabalham com informa\u00e7\u00f5es e a\u00e7\u00f5es de conscientiza\u00e7\u00e3o e preven\u00e7\u00e3o ao c\u00e2ncer do colo de \u00fatero.<\/p>\n<p>O in\u00edcio da campanha, que acontece nesta quinta-feira (1\/10), ser\u00e1 marcado pela ilumina\u00e7\u00e3o em tom rosa de dois espa\u00e7os da capital mineira: o Pal\u00e1cio da Liberdade e a Pra\u00e7a da Esta\u00e7\u00e3o, onde tamb\u00e9m haver\u00e1 distribui\u00e7\u00e3o de panfletos e la\u00e7os rosa, s\u00edmbolo da campanha.<\/p>\n<p>Na sede do Governo de Minas Gerais, na Cidade Administrativa, tamb\u00e9m ser\u00e3o distribu\u00eddos material informativo, bal\u00f5es e la\u00e7os.<\/p>\n<p>Durante todo o m\u00eas haver\u00e1 ilumina\u00e7\u00e3o de monumentos p\u00fablicos, distribui\u00e7\u00e3o de panfletos informativos e de la\u00e7os, publicidade nos shoppings populares, r\u00e1dio, internet, revistas, jornais da capital e do interior, entre outras a\u00e7\u00f5es de divulga\u00e7\u00e3o e conscientiza\u00e7\u00e3o que ser\u00e3o realizadas em parceria com institui\u00e7\u00f5es p\u00fablicas e privadas.<\/p>\n<p>\u201cAl\u00e9m de abordar a import\u00e2ncia da preven\u00e7\u00e3o pelo diagn\u00f3stico precoce do c\u00e2ncer de mama, a campanha tem o objetivo de compartilhar com as mulheres mineiras informa\u00e7\u00f5es acerca das boas pr\u00e1ticas relacionadas \u00e0 sa\u00fade da mulher, que podem promover melhor qualidade de vida e preven\u00e7\u00e3o de doen\u00e7as cr\u00f4nicas, entre elas o c\u00e2ncer de mama e o c\u00e2ncer de colo do \u00fatero\u201d, explica a coordenadora da Coordena\u00e7\u00e3o de Sa\u00fade da Mulher e Rede Cegonha da SES-MG, Ana Cardoso.<\/p>\n<p>Segundo Ana Cardoso, \u201ca inclus\u00e3o da abordagem \u00e0 preven\u00e7\u00e3o por diagn\u00f3stico precoce do c\u00e2ncer de colo do \u00fatero se deu pela sua import\u00e2ncia para a sa\u00fade da mulher\u201d.<\/p>\n<p><strong>Parcerias<\/strong><\/p>\n<p>Mais de 50 parceiros de diferentes segmentos da sociedade, como educa\u00e7\u00e3o, sa\u00fade, com\u00e9rcio e ONGs v\u00e3o auxiliar na divulga\u00e7\u00e3o das informa\u00e7\u00f5es por meio da distribui\u00e7\u00e3o de material informativo da campanha, divulga\u00e7\u00e3o em redes sociais e promo\u00e7\u00e3o de eventos.<\/p>\n<p>Entre os parceiros est\u00e3o o Grupo P\u00e9rolas de Minas, que vai promover uma exposi\u00e7\u00e3o fotogr\u00e1fica sobre o c\u00e2ncer de mama, palestras e uma caminhada na Pra\u00e7a Alberto Dalva Sim\u00e3o na Pampulha; o Centro de Instru\u00e7\u00e3o da Aeron\u00e1utica (CIAAR), que promove no dia 18\/10, Dia do Aviador, uma caminhada em Lagoa Santa onde haver\u00e1 um estande da sa\u00fade com m\u00e9dicos e enfermeiros para orienta\u00e7\u00e3o sobre a doen\u00e7a; e a Guarda Mirim de Sabar\u00e1, que vai promover palestras nas escolas com a participa\u00e7\u00e3o de mulheres que tiveram a doen\u00e7a e que contar\u00e3o sua hist\u00f3ria, al\u00e9m de a\u00e7\u00f5es de conscientiza\u00e7\u00e3o em pra\u00e7as da cidade e blitz educativa.<\/p>\n<p><strong><a href=\"http:\/\/www.saude.mg.gov.br\/images\/noticias_e_eventos\/00_2015-maio-junho\/Parceiros_Outubro_Rosa_SES_2015.pdf\" target=\"_blank\">Clique aqui<\/a>\u00a0<\/strong>e conhe\u00e7a todos os parceiros e as a\u00e7\u00f5es que ser\u00e3o promovidas.<\/p>\n<p>Para acompanhar todas as atividades e not\u00edcias produzidas pela\u00a0Secretaria de Estado de Sa\u00fade\u00a0no m\u00eas de outubro, acompanhe nossas redes sociais. Outras informa\u00e7\u00f5es sobre a campanha e dados de a\u00e7\u00f5es da SES-MG para controle do c\u00e2ncer de mama e colo do \u00fatero est\u00e3o dispon\u00edveis no site\u00a0<strong><a href=\"http:\/\/www.saude.mg.gov.br\/saudedamulher\">www.saude.mg.gov.br\/saudedamulher<\/a><\/strong>.<\/p>\n","protected":false},"excerpt":{"rendered":"<p>Em 2015 a campanha do Outubro Rosa, em Minas Gerais, ser\u00e1 mais ampla e vai abordar a sa\u00fade integral da mulher. Al\u00e9m do c\u00e2ncer de mama, as a\u00e7\u00f5es preparadas pela\u00a0Secretaria de Estado de Sa\u00fade (SES-MG)\u00a0tamb\u00e9m trabalham com informa\u00e7\u00f5es e a\u00e7\u00f5es de conscientiza\u00e7\u00e3o e preven\u00e7\u00e3o ao c\u00e2ncer do colo de \u00fatero. O in\u00edcio da campanha, que [&hellip;]<\/p>\n","protected":false},"author":4,"featured_media":70256,"comment_status":"open","ping_status":"closed","sticky":false,"template":"","format":"standard","meta":{"amp_status":"","footnotes":""},"categories":[123,40242],"tags":[61569,18000,61572,261,61573,61570,61571],"class_list":["post-70255","post","type-post","status-publish","format-standard","has-post-thumbnail","hentry","category-gerais","category-saude-2","tag-campanha-do-outubro-rosa","tag-cancer-de-mama","tag-cancer-do-colo-de-utero","tag-outubro-rosa","tag-outubro-rosa-tem-acoes-de-conscientizacao-sobre-cancer-de-mama-e-colo-do-utero-para-as-mineiras","tag-prevencao-ao-cancer-de-mama","tag-prevencao-ao-cancer-do-colo-de-utero"],"_links":{"self":[{"href":"https:\/\/aconteceunovale.com.br\/portal\/index.php?rest_route=\/wp\/v2\/posts\/70255","targetHints":{"allow":["GET"]}}],"collection":[{"href":"https:\/\/aconteceunovale.com.br\/portal\/index.php?rest_route=\/wp\/v2\/posts"}],"about":[{"href":"https:\/\/aconteceunovale.com.br\/portal\/index.php?rest_route=\/wp\/v2\/types\/post"}],"author":[{"embeddable":true,"href":"https:\/\/aconteceunovale.com.br\/portal\/index.php?rest_route=\/wp\/v2\/users\/4"}],"replies":[{"embeddable":true,"href":"https:\/\/aconteceunovale.com.br\/portal\/index.php?rest_route=%2Fwp%2Fv2%2Fcomments&post=70255"}],"version-history":[{"count":0,"href":"https:\/\/aconteceunovale.com.br\/portal\/index.php?rest_route=\/wp\/v2\/posts\/70255\/revisions"}],"wp:featuredmedia":[{"embeddable":true,"href":"https:\/\/aconteceunovale.com.br\/portal\/index.php?rest_route=\/wp\/v2\/media\/70256"}],"wp:attachment":[{"href":"https:\/\/aconteceunovale.com.br\/portal\/index.php?rest_route=%2Fwp%2Fv2%2Fmedia&parent=70255"}],"wp:term":[{"taxonomy":"category","embeddable":true,"href":"https:\/\/aconteceunovale.com.br\/portal\/index.php?rest_route=%2Fwp%2Fv2%2Fcategories&post=70255"},{"taxonomy":"post_tag","embeddable":true,"href":"https:\/\/aconteceunovale.com.br\/portal\/index.php?rest_route=%2Fwp%2Fv2%2Ftags&post=70255"}],"curies":[{"name":"wp","href":"https:\/\/api.w.org\/{rel}","templated":true}]}}