{"id":70244,"date":"2015-10-01T09:01:24","date_gmt":"2015-10-01T12:01:24","guid":{"rendered":"http:\/\/aconteceunovale.com.br\/portal\/?p=70244"},"modified":"2015-10-01T09:01:24","modified_gmt":"2015-10-01T12:01:24","slug":"plantao-do-samu-no-norte-de-minas-gerais-30-de-setembro-de-2015","status":"publish","type":"post","link":"https:\/\/aconteceunovale.com.br\/portal\/?p=70244","title":{"rendered":"Plant\u00e3o do Samu no Norte de Minas Gerais, 30 de setembro de 2015"},"content":{"rendered":"<h4><strong><em>Quarta-feira, 30 de setembro de 2015<\/em><\/strong><\/h4>\n<p>As unidades do SAMU realizaram na quarta-feira, em Montes Claros, 48 atendimentos, sendo 35 casos cl\u00ednicos; 10 pessoas feridas em acidentes de tr\u00e2nsito e 03 gestantes em trabalho de parto.<\/p>\n<p>Na madrugada de quinta-feira, por volta das 1h30, a unidade do SAMU foi acionada para atendimento a uma crian\u00e7a de 8 anos que ficou ferida em um capotamento de ve\u00edculo ocorrido na Avenida Geraldo Athayde, bairro Alto ao Jo\u00e3o. Ele estava no banco traseiro do ve\u00edculo e apresentava corte contuso no bra\u00e7o esquerdo.<\/p>\n<p>\u00c0s 22h50, a unidade do SAMU foi acionada para atendimento a um homem de 54 anos que ficou ferido em um acidente envolvendo duas motos, ocorrido na rua Jardel Filho, Vila Regina. Os socorristas do SAMU o encontraram ca\u00eddo ao solo, inconsciente, apresentando corte contuso e edema no couro cabeludo e escoria\u00e7\u00f5es no bra\u00e7o direito.<\/p>\n<p>\u00c0s 18h, um homem de 20 anos caiu de moto no bairro Alterosa I e apresentava corte na testa, com sangramento ativo e escoria\u00e7\u00f5es nas pernas e bra\u00e7os. \u00c0s 16h40, uma crian\u00e7a de 6 anos foi atropelada por um carro na Avenida Leonel Beir\u00e3o de Jesus, bairro Maria C\u00e2ndida, e sofreu ferimentos no rosto com sangramento ativo.<\/p>\n<p>\u00c0s 15h, um jovem de 16 anos caiu de bicicleta no bairro Ac\u00e1cias e se sofreu ferimentos nos bra\u00e7os e pernas. \u00c0s 12h08, uma crian\u00e7a de 4 anos foi atropelada por moto na Vila Sion II e apresentava fratura na perna esquerda e ferimentos no cotovelo esquerdo, dor na cabe\u00e7a e tor\u00e1cica.  \u00c0s 8h, uma mulher de 32 anos caiu de moto no bairro Cristo Rei e ficou ferida nos bra\u00e7os e pernas.<\/p>\n<p>Em todas as ocorr\u00eancias os feridos receberam os primeiros atendimentos no local e foram encaminhados ao hospital para avalia\u00e7\u00e3o. (Jer\u00fasia Arruda)<\/p>\n","protected":false},"excerpt":{"rendered":"<p>Quarta-feira, 30 de setembro de 2015 As unidades do SAMU realizaram na quarta-feira, em Montes Claros, 48 atendimentos, sendo 35 casos cl\u00ednicos; 10 pessoas feridas em acidentes de tr\u00e2nsito e 03 gestantes em trabalho de parto. Na madrugada de quinta-feira, por volta das 1h30, a unidade do SAMU foi acionada para atendimento a uma crian\u00e7a [&hellip;]<\/p>\n","protected":false},"author":4,"featured_media":58741,"comment_status":"open","ping_status":"closed","sticky":false,"template":"","format":"standard","meta":{"amp_status":"","footnotes":""},"categories":[1236],"tags":[61530,206036,210,24659,24089,18898,18108,61531,18629,21139,4040],"class_list":["post-70244","post","type-post","status-publish","format-standard","has-post-thumbnail","hentry","category-norte_de_minas","tag-30-de-setembro-de-2015","tag-jerusia-arruda","tag-montes-claros","tag-plantao-do-samu-de-montes-claros","tag-plantao-do-samu-do-norte-de-minas","tag-plantao-do-samu-macro-norte","tag-plantao-do-samu-no-norte-de-minas-gerais","tag-plantao-do-samu-no-norte-de-minas-gerais-30-de-setembro-de-2015","tag-samu-de-montes-claros","tag-samu-do-norte-de-minas","tag-samu-macro-norte"],"_links":{"self":[{"href":"https:\/\/aconteceunovale.com.br\/portal\/index.php?rest_route=\/wp\/v2\/posts\/70244","targetHints":{"allow":["GET"]}}],"collection":[{"href":"https:\/\/aconteceunovale.com.br\/portal\/index.php?rest_route=\/wp\/v2\/posts"}],"about":[{"href":"https:\/\/aconteceunovale.com.br\/portal\/index.php?rest_route=\/wp\/v2\/types\/post"}],"author":[{"embeddable":true,"href":"https:\/\/aconteceunovale.com.br\/portal\/index.php?rest_route=\/wp\/v2\/users\/4"}],"replies":[{"embeddable":true,"href":"https:\/\/aconteceunovale.com.br\/portal\/index.php?rest_route=%2Fwp%2Fv2%2Fcomments&post=70244"}],"version-history":[{"count":0,"href":"https:\/\/aconteceunovale.com.br\/portal\/index.php?rest_route=\/wp\/v2\/posts\/70244\/revisions"}],"wp:featuredmedia":[{"embeddable":true,"href":"https:\/\/aconteceunovale.com.br\/portal\/index.php?rest_route=\/wp\/v2\/media\/58741"}],"wp:attachment":[{"href":"https:\/\/aconteceunovale.com.br\/portal\/index.php?rest_route=%2Fwp%2Fv2%2Fmedia&parent=70244"}],"wp:term":[{"taxonomy":"category","embeddable":true,"href":"https:\/\/aconteceunovale.com.br\/portal\/index.php?rest_route=%2Fwp%2Fv2%2Fcategories&post=70244"},{"taxonomy":"post_tag","embeddable":true,"href":"https:\/\/aconteceunovale.com.br\/portal\/index.php?rest_route=%2Fwp%2Fv2%2Ftags&post=70244"}],"curies":[{"name":"wp","href":"https:\/\/api.w.org\/{rel}","templated":true}]}}