{"id":70107,"date":"2015-09-29T11:45:23","date_gmt":"2015-09-29T14:45:23","guid":{"rendered":"http:\/\/aconteceunovale.com.br\/portal\/?p=70107"},"modified":"2015-09-29T19:38:06","modified_gmt":"2015-09-29T22:38:06","slug":"populacao-se-revolta-e-coloca-fogo-em-ponte-de-madeira-na-br-367-no-vale-do-jequitinhonha","status":"publish","type":"post","link":"https:\/\/aconteceunovale.com.br\/portal\/?p=70107","title":{"rendered":"Popula\u00e7\u00e3o se revolta e coloca fogo em ponte de madeira na BR-367, no Vale do Jequitinhonha"},"content":{"rendered":"<p>A ponte de madeira que liga os munic\u00edpios de Almenara e Jacinto, no Vale do Jequitinhonha, localizada na BR-367, foi interditada ap\u00f3s protesto realizado por moradores na manh\u00e3 desta ter\u00e7a-feira (29\/09\/2015). Eles pedem melhorias no local que d\u00e1 acesso ao litoral Sul da Bahia e fica sobre o c\u00f3rrego Rubim.<\/p>\n<p>Durante o protesto, os manifestantes incendiaram a ponte, o que segundo a Pol\u00edcia Rodovi\u00e1ria e Ambiental, danificou a estrutura e comprometeu a estrutura. Com isso o tr\u00e1fego na via foi interditado.<\/p>\n<p><em>\u201cPela manh\u00e3 um ve\u00edculo de carga pesada passou pela ponte e comprometeu a estrutura, mas ainda era poss\u00edvel o tr\u00e2nsito de ve\u00edculos menores. Por\u00e9m, moradores inconformados com estrutura prec\u00e1ria da ponte atearam fogo o que comprometeu por completo e tornou imposs\u00edvel o tr\u00e2nsito pela ponte\u201d,<\/em> explicou o tenente Daniel Altair Eler.<\/p>\n<p><img decoding=\"async\" src=\"http:\/\/aconteceunovale.com.br\/portal\/wp-content\/uploads\/2015\/09\/fogo_ponte_almenara_2.jpg\" alt=\"\" \/><em>Populares colocaram fogo em estrutura de madeira &#8211; Foto: Lina Otoni \/ Facebook<\/em><br \/>\n<\/br><\/p>\n<p>Em nota, o Departamento Nacional de Infraestrutura de Transportes (DNIT) confirmou que a ponte est\u00e1 interditada e informou que ser\u00e1 feito um plano emergencial para providenciar um desvio, ao lado da ponte, mas ainda sem previs\u00e3o de data.<\/p>\n<p>Enquanto o problema n\u00e3o \u00e9 resolvido os motoristas t\u00eam duas alternativas de rotas. A primeira pela rodovia LMG-634 &#8211; Almenara a Ava\u00ed do Jacinto, com 37 quil\u00f4metros, depois passar por rodovia municipal que liga Ava\u00ed do Jacinto a Jacinto com 24 quil\u00f4metros (travessia de Balsa), onde dever\u00e1 prosseguir viagem pela BR-367. Total de 61 quil\u00f4metros.<\/p>\n<p>A segunda op\u00e7\u00e3o de tr\u00e1fego \u00e9 pela rodovia MG-406 &#8211; Almenara a Rubim, com 37 quil\u00f4metros, depois passar por rodovia municipal que liga Rubim a Concei\u00e7\u00e3o com 41 quil\u00f4metros, onde dever\u00e1 prosseguir viagem pela BR-367. Total de 78 quil\u00f4metros.<\/p>\n<p><img decoding=\"async\" src=\"http:\/\/aconteceunovale.com.br\/portal\/wp-content\/uploads\/2015\/09\/fogo_ponte_almenara_1.jpg\" alt=\"\" \/><em>Populares colocaram fogo em estrutura de madeira &#8211; Foto: Lina Otoni \/ Facebook<\/em><br \/>\n<\/br><\/p>\n<p><img decoding=\"async\" src=\"http:\/\/aconteceunovale.com.br\/portal\/wp-content\/uploads\/2015\/09\/fogo_ponte_almenara_3.jpg\" alt=\"\" \/><em>Populares colocaram fogo em estrutura de madeira &#8211; Foto: Lina Otoni \/ Facebook<\/em><br \/>\n<\/br><\/p>\n<p><img decoding=\"async\" src=\"http:\/\/aconteceunovale.com.br\/portal\/wp-content\/uploads\/2015\/09\/fogo_em_ponte_367.jpg\" alt=\"\" \/><em>Populares colocaram fogo em estrutura de madeira &#8211; Foto: Reprodu\u00e7\u00e3o \/ Redes Sociais<\/em><br \/>\n<\/br><\/p>\n<p><img decoding=\"async\" src=\"http:\/\/aconteceunovale.com.br\/portal\/wp-content\/uploads\/2015\/09\/fogo_ponte_almenara_4.jpg\" alt=\"\" \/><em>Populares colocaram fogo em estrutura de madeira &#8211; Foto: Reprodu\u00e7\u00e3o \/ Redes Sociais<\/em><br \/>\n<\/br><\/p>\n<p><img decoding=\"async\" src=\"http:\/\/aconteceunovale.com.br\/portal\/wp-content\/uploads\/2015\/09\/fogo_ponte_almenara_5.jpg\" alt=\"\" \/><em>Populares colocaram fogo em estrutura de madeira &#8211; Foto: Reprodu\u00e7\u00e3o \/ Redes Sociais<\/em><br \/>\n<\/br><\/p>\n<p><img decoding=\"async\" src=\"http:\/\/aconteceunovale.com.br\/portal\/wp-content\/uploads\/2015\/09\/fogo_ponte_almenara_6.jpg\" alt=\"\" \/><em>Populares colocaram fogo em estrutura de madeira &#8211; Foto: Reprodu\u00e7\u00e3o \/ Redes Sociais<\/em><br \/>\n<\/br><\/p>\n<p><img decoding=\"async\" src=\"http:\/\/aconteceunovale.com.br\/portal\/wp-content\/uploads\/2015\/09\/fogo_ponte_almenara_7.jpg\" alt=\"\" \/><em>Populares colocaram fogo em estrutura de madeira &#8211; Foto: Reprodu\u00e7\u00e3o \/ Redes Sociais<\/em><br \/>\n<\/br><\/p>\n<p><em>(Fonte: G1 dos Vales)<\/em><\/p>\n","protected":false},"excerpt":{"rendered":"<p>A ponte de madeira que liga os munic\u00edpios de Almenara e Jacinto, no Vale do Jequitinhonha, localizada na BR-367, foi interditada ap\u00f3s protesto realizado por moradores na manh\u00e3 desta ter\u00e7a-feira (29\/09\/2015). Eles pedem melhorias no local que d\u00e1 acesso ao litoral Sul da Bahia e fica sobre o c\u00f3rrego Rubim. Durante o protesto, os manifestantes [&hellip;]<\/p>\n","protected":false},"author":4,"featured_media":70111,"comment_status":"open","ping_status":"closed","sticky":false,"template":"","format":"standard","meta":{"amp_status":"","footnotes":""},"categories":[120],"tags":[1018,54359,61295,61294,61293,61292,61291,61290,61289,61288],"class_list":["post-70107","post","type-post","status-publish","format-standard","has-post-thumbnail","hentry","category-jequi","tag-destaque","tag-ponte-entre-almenara-e-jacinto","tag-ponte-na-br-367","tag-ponte-no-vale-do-jequitinhonha","tag-ponte-sobre-o-rio-rubim","tag-populacao-coloca-fogo-em-ponte-entre-almenara-e-jacinto","tag-populacao-coloca-foto-em-ponte-na-br-367","tag-populacao-queima-ponte-na-br-367","tag-populacao-se-revolta-e-coloca-fogo-em-ponte-de-madeira-na-br-367","tag-populacao-se-revolta-e-coloca-fogo-em-ponte-de-madeira-na-br-367-no-vale-do-jequitinhonha"],"_links":{"self":[{"href":"https:\/\/aconteceunovale.com.br\/portal\/index.php?rest_route=\/wp\/v2\/posts\/70107","targetHints":{"allow":["GET"]}}],"collection":[{"href":"https:\/\/aconteceunovale.com.br\/portal\/index.php?rest_route=\/wp\/v2\/posts"}],"about":[{"href":"https:\/\/aconteceunovale.com.br\/portal\/index.php?rest_route=\/wp\/v2\/types\/post"}],"author":[{"embeddable":true,"href":"https:\/\/aconteceunovale.com.br\/portal\/index.php?rest_route=\/wp\/v2\/users\/4"}],"replies":[{"embeddable":true,"href":"https:\/\/aconteceunovale.com.br\/portal\/index.php?rest_route=%2Fwp%2Fv2%2Fcomments&post=70107"}],"version-history":[{"count":0,"href":"https:\/\/aconteceunovale.com.br\/portal\/index.php?rest_route=\/wp\/v2\/posts\/70107\/revisions"}],"wp:featuredmedia":[{"embeddable":true,"href":"https:\/\/aconteceunovale.com.br\/portal\/index.php?rest_route=\/wp\/v2\/media\/70111"}],"wp:attachment":[{"href":"https:\/\/aconteceunovale.com.br\/portal\/index.php?rest_route=%2Fwp%2Fv2%2Fmedia&parent=70107"}],"wp:term":[{"taxonomy":"category","embeddable":true,"href":"https:\/\/aconteceunovale.com.br\/portal\/index.php?rest_route=%2Fwp%2Fv2%2Fcategories&post=70107"},{"taxonomy":"post_tag","embeddable":true,"href":"https:\/\/aconteceunovale.com.br\/portal\/index.php?rest_route=%2Fwp%2Fv2%2Ftags&post=70107"}],"curies":[{"name":"wp","href":"https:\/\/api.w.org\/{rel}","templated":true}]}}