{"id":70105,"date":"2015-09-29T11:15:10","date_gmt":"2015-09-29T14:15:10","guid":{"rendered":"http:\/\/aconteceunovale.com.br\/portal\/?p=70105"},"modified":"2015-09-29T11:15:10","modified_gmt":"2015-09-29T14:15:10","slug":"publicada-homologacao-de-tres-concursos-da-secretaria-de-educacao-de-minas-gerais","status":"publish","type":"post","link":"https:\/\/aconteceunovale.com.br\/portal\/?p=70105","title":{"rendered":"Publicada homologa\u00e7\u00e3o de tr\u00eas concursos da Secretaria de Educa\u00e7\u00e3o de Minas Gerais"},"content":{"rendered":"<p>Publicada na edi\u00e7\u00e3o de s\u00e1bado (26\/9\/2015) do\u00a0Di\u00e1rio Oficial de Minas Gerais\u00a0a homologa\u00e7\u00e3o de tr\u00eas concursos da\u00a0Secretaria de Estado de Educa\u00e7\u00e3o (SEE). Os concursos s\u00e3o para professores de Educa\u00e7\u00e3o B\u00e1sica (PEB) para atuar nos Conservat\u00f3rios Estaduais de M\u00fasica (Edital Seplag\/SEE 02\/2014), no Ensino Religioso (Edital Seplag\/SEE 03\/2014) e em escolas especiais ou que ofertam atendimento educacional especializado (Edital Seplag\/SEE 05\/2014).<\/p>\n<p>\u201cA homologa\u00e7\u00e3o dos concursos refor\u00e7a a capacidade do Governo de cumprir a meta de nomear 15 mil servidores por ano, fortalecendo, assim, o conjunto das carreiras da Educa\u00e7\u00e3o com a amplia\u00e7\u00e3o do n\u00famero de servidores efetivos. Dados da folha de agosto mostram que apenas 28,5% dos servidores da educa\u00e7\u00e3o s\u00e3o efetivos\u201d, ressalta o subsecret\u00e1rio de Gest\u00e3o de Recursos Humanos da Secretaria de Estado de Educa\u00e7\u00e3o, Antonio David de Sousa J\u00fanior.<\/p>\n<p>A homologa\u00e7\u00e3o do concurso voltado para o provimento de vagas no Ensino Regular (Edital Seplag\/SEE 04\/2014) ser\u00e1 publicada nos pr\u00f3ximos dias. \u201cEsse concurso deve ser homologado nos pr\u00f3ximos dias e apresenta um total de 13.454 vagas no Edital\u201d, afirma o subsecret\u00e1rio de Gest\u00e3o de Recursos Humanos, Antonio David de Sousa J\u00fanior.<\/p>\n<p>Ainda segundo o subsecret\u00e1rio, neste m\u00eas a SEE ir\u00e1 atingir a marca de 10.500 nomea\u00e7\u00f5es no ano. Essas nomea\u00e7\u00f5es s\u00e3o referentes ao concurso que teve seu edital publicado em 2011. \u201cA partir da homologa\u00e7\u00e3o desses quatro novos concursos, n\u00f3s teremos um leque maior de alternativas para nomea\u00e7\u00e3o e um n\u00famero maior de munic\u00edpios contemplados. N\u00f3s temos agora um conjunto novo de profissionais da educa\u00e7\u00e3o aprovados em concursos que cobrem outras carreiras e outros munic\u00edpios de maneira tal que as nomea\u00e7\u00f5es possam atingir, significativamente, \u00e0s v\u00e1rias carreiras da Educa\u00e7\u00e3o e a totalidade do Estado\u201d, conclui.<\/p>\n<p>Considerando todos os cargos, foram ofertadas pelos quatro concursos cerca de 17 mil vagas.<\/p>\n<p><strong>Concursos da Educa\u00e7\u00e3o<\/strong><\/p>\n<p>As provas dos concursos da Educa\u00e7\u00e3o foram aplicadas no m\u00eas de mar\u00e7o deste ano para mais de 193 mil candidatos. Os concursos ofereceram oportunidades para o preenchimento de vagas nas \u00e1reas do Conservat\u00f3rio de M\u00fasica, Educa\u00e7\u00e3o Especial, Ensino Religioso e atua\u00e7\u00e3o no Ensino Regular, que foi a \u00e1rea com o maior n\u00famero de inscri\u00e7\u00f5es: 175.070 candidatos.<\/p>\n<p><strong>Valoriza\u00e7\u00e3o do ensino da m\u00fasica<\/strong><\/p>\n<p>A not\u00edcia da homologa\u00e7\u00e3o dos concursos, principalmente para o preenchimento de vagas para o ensino de m\u00fasica, repercutiu de forma positiva nos Conservat\u00f3rios Estaduais de Musica (CEM\u2019s). Do total das vagas oferecidas, 1.237 ser\u00e3o preenchidas por servidores que v\u00e3o atuar nos 12 conservat\u00f3rios existentes no estado. \u201cA homologa\u00e7\u00e3o desse concurso demonstra a valoriza\u00e7\u00e3o do servidores por parte do atual governo, porque os conservat\u00f3rios nunca tiveram antes\u00a0 profissionais efetivados por meio de concurso\u201d, afirma Cibele Brant, diretora do Conservat\u00f3rio Estadual de M\u00fasica Lorenzo Fernandez Xavier, de Montes Claros, Norte de Minas.<\/p>\n<p>Minas Gerais \u00e9, hoje, o \u00fanico estado do Brasil que integra o ensino de m\u00fasica na rede p\u00fablica de ensino. Distribu\u00eddos em v\u00e1rias regi\u00f5es do interior do Estado, os conservat\u00f3rios, de responsabilidade da Secretaria de Estado da Educa\u00e7\u00e3o (SEE), s\u00e3o voltados para crian\u00e7as, jovens e adultos. Atualmente, os CEM&#8217;s possuem ao todo 31.281 alunos.<\/p>\n<p>Os espa\u00e7os oferecem v\u00e1rias op\u00e7\u00f5es aos estudantes: forma\u00e7\u00e3o inicial e sistem\u00e1tica na \u00e1rea da m\u00fasica; forma\u00e7\u00e3o profissional a n\u00edvel m\u00e9dio, com canto, t\u00e9cnica em instrumento; cursos livres, com dura\u00e7\u00e3o m\u00e1xima de um ano letivo para atender as demandas espec\u00edficas de capacita\u00e7\u00e3o de professores e requalifica\u00e7\u00e3o de profissionais da m\u00fasica; e oficinas de curta dura\u00e7\u00e3o.<\/p>\n<p><strong>Descoberta de talentos<\/strong><\/p>\n<p>Al\u00e9m de despertar talentos, o ensino da m\u00fasica \u00e9 um importante instrumento no desenvolvimento social e cognitivo dos alunos. Alana Marques, de 13 anos, come\u00e7ou estudar m\u00fasica aos 9 no Conservat\u00f3rio Lorenzo Fernandes Xavier, em Montes Claros.<\/p>\n<p>Alana conta que a m\u00fasica ajudou a melhorar sua autoestima e a ter mais concentra\u00e7\u00e3o nos estudos. Tamb\u00e9m foi no conservat\u00f3rio que ela desenvolveu o gosto pelo piano e chegou a vencer um concurso interno. \u201dFiquei feliz de descobriu esse talento e agora quero seguir carreira\u201d, afirma Alana.<\/p>\n<p><strong>Crit\u00e9rios para estudar nos conservat\u00f3rios<\/strong><\/p>\n<p>As vagas dispon\u00edveis nos CEM&#8217;s s\u00e3o destinadas, em sua maioria, aos alunos regularmente matriculados ou egressos das escolas p\u00fablicas de educa\u00e7\u00e3o b\u00e1sica, com faixa et\u00e1ria entre 6 e 15 anos. Os jovens e adultos que apresentam n\u00edvel de conhecimento e forma\u00e7\u00e3o superior \u2013 cursos t\u00e9cnicos ou superiores \u2013 na \u00e1rea da M\u00fasica podem ser beneficiados em cursos livres de curta dura\u00e7\u00e3o ou oficinas previstas nas programa\u00e7\u00f5es de cada escola.<\/p>\n<p>Os Conservat\u00f3rios fundados desde a d\u00e9cada de 50 est\u00e3o localizados nas cidades de Araguari (1985), Ituiutaba (1967), Uberaba (1967) e Uberl\u00e2ndia (1967), no Tri\u00e2ngulo Mineiro, em S\u00e3o Jo\u00e3o del-Rei (1953) \u2013 primeiro conservat\u00f3rio do Estado -, Juiz de Fora (1955), Leopoldina (1956) e Visconde do Rio Banco (1953), na Zona da Mata, em Montes Claros (1962), no Norte de Minas, Diamantina (1970), no Vale do Jequitinhonha, e em Pouso Alegre (1954) e Varginha (1985), no Sul do Estado. (Ag\u00eancia Minas)<\/p>\n","protected":false},"excerpt":{"rendered":"<p>Publicada na edi\u00e7\u00e3o de s\u00e1bado (26\/9\/2015) do\u00a0Di\u00e1rio Oficial de Minas Gerais\u00a0a homologa\u00e7\u00e3o de tr\u00eas concursos da\u00a0Secretaria de Estado de Educa\u00e7\u00e3o (SEE). Os concursos s\u00e3o para professores de Educa\u00e7\u00e3o B\u00e1sica (PEB) para atuar nos Conservat\u00f3rios Estaduais de M\u00fasica (Edital Seplag\/SEE 02\/2014), no Ensino Religioso (Edital Seplag\/SEE 03\/2014) e em escolas especiais ou que ofertam atendimento educacional [&hellip;]<\/p>\n","protected":false},"author":4,"featured_media":58647,"comment_status":"open","ping_status":"closed","sticky":false,"template":"","format":"standard","meta":{"amp_status":"","footnotes":""},"categories":[40238],"tags":[34653,47092,29096,61285,61284,61286,61283,61282,61287],"class_list":["post-70105","post","type-post","status-publish","format-standard","has-post-thumbnail","hentry","category-educacao-2","tag-concursos-da-educacao","tag-concursos-da-educacao-em-minas-gerais","tag-concursos-publicos-em-minas-gerais","tag-edital-seplagsee-022014","tag-edital-seplagsee-032014","tag-edital-seplagsee-052014","tag-homologacao-de-concursos-da-see-mg","tag-homologacao-de-tres-concursos-da-secretaria-de-estado-de-educacao-de-minas-gerais","tag-publicada-homologacao-de-tres-concursos-da-secretaria-de-educacao-de-minas-gerais"],"_links":{"self":[{"href":"https:\/\/aconteceunovale.com.br\/portal\/index.php?rest_route=\/wp\/v2\/posts\/70105","targetHints":{"allow":["GET"]}}],"collection":[{"href":"https:\/\/aconteceunovale.com.br\/portal\/index.php?rest_route=\/wp\/v2\/posts"}],"about":[{"href":"https:\/\/aconteceunovale.com.br\/portal\/index.php?rest_route=\/wp\/v2\/types\/post"}],"author":[{"embeddable":true,"href":"https:\/\/aconteceunovale.com.br\/portal\/index.php?rest_route=\/wp\/v2\/users\/4"}],"replies":[{"embeddable":true,"href":"https:\/\/aconteceunovale.com.br\/portal\/index.php?rest_route=%2Fwp%2Fv2%2Fcomments&post=70105"}],"version-history":[{"count":0,"href":"https:\/\/aconteceunovale.com.br\/portal\/index.php?rest_route=\/wp\/v2\/posts\/70105\/revisions"}],"wp:featuredmedia":[{"embeddable":true,"href":"https:\/\/aconteceunovale.com.br\/portal\/index.php?rest_route=\/wp\/v2\/media\/58647"}],"wp:attachment":[{"href":"https:\/\/aconteceunovale.com.br\/portal\/index.php?rest_route=%2Fwp%2Fv2%2Fmedia&parent=70105"}],"wp:term":[{"taxonomy":"category","embeddable":true,"href":"https:\/\/aconteceunovale.com.br\/portal\/index.php?rest_route=%2Fwp%2Fv2%2Fcategories&post=70105"},{"taxonomy":"post_tag","embeddable":true,"href":"https:\/\/aconteceunovale.com.br\/portal\/index.php?rest_route=%2Fwp%2Fv2%2Ftags&post=70105"}],"curies":[{"name":"wp","href":"https:\/\/api.w.org\/{rel}","templated":true}]}}