{"id":69629,"date":"2015-09-25T11:34:14","date_gmt":"2015-09-25T14:34:14","guid":{"rendered":"http:\/\/aconteceunovale.com.br\/portal\/?p=69629"},"modified":"2015-09-25T11:37:59","modified_gmt":"2015-09-25T14:37:59","slug":"circuito-turistico-mata-atlantica-quer-que-o-vale-seja-conhecido-alem-do-aco","status":"publish","type":"post","link":"https:\/\/aconteceunovale.com.br\/portal\/?p=69629","title":{"rendered":"Circuito Tur\u00edstico Mata Atl\u00e2ntica quer que o Vale seja conhecido al\u00e9m do a\u00e7o"},"content":{"rendered":"<p>Belezas naturais, hospitalidade e gastronomia colocam as cidades mineiras em destaque na rota do turismo nacional. Nesse cen\u00e1rio, as oportunidades de neg\u00f3cio e de fortalecimento da economia local\u00a0 mobilizam representantes do poder p\u00fablico dos munic\u00edpios do Vale do A\u00e7o e os empreendedores.<\/p>\n<p>Eles v\u00e3o discutir o assunto durante a 3\u00aa\u00a0Semana de Turismo de Ipatinga, que come\u00e7a no pr\u00f3ximo domingo (27\/9) e vai at\u00e9 o dia 4 de outubro.<\/p>\n<p>A programa\u00e7\u00e3o inclui semin\u00e1rio, com debate sobre fomento e roteiro de turismo rural, feira\u00a0 de produtos t\u00edpicos, oficinas de artesanato e cursos de capacita\u00e7\u00e3o.\u00a0 A\u00a0 Semana de Turismo servir\u00e1 para a\u00a0 troca de informa\u00e7\u00f5es e apresenta\u00e7\u00e3o de novas alternativas para o turismo regional.<\/p>\n<p>Ipatinga, Coronel Fabriciano, Tim\u00f3teo, Santana do Para\u00edso, no Valo do A\u00e7o, al\u00e9m Marli\u00e9ria, S\u00e3o Domingos do Prata, A\u00e7ucena e Belo Oriente fazem parte do Circuito Mata Atl\u00e2ntica. A regi\u00e3o possui cerca de 500 mil habitantes.<\/p>\n<p>Tradicionalmente conhecida por concentrar usinas sider\u00fargicas de grande porte e ter a economia dependente dessas empresas, a regi\u00e3o quer ser lembrada tamb\u00e9m por outras voca\u00e7\u00f5es tur\u00edsticas.<\/p>\n<p><img decoding=\"async\" src=\"http:\/\/aconteceunovale.com.br\/portal\/wp-content\/uploads\/2015\/09\/circuito-turistico-mata-atlantica-quer-que-o-vale-seja-conhecido-alem-do-aco.jpg\" alt=\"\" \/><em>Cavalgada no Parque Estadual do Rio Doce &#8211; Foto: Evandro Rodney \/ Ag\u00eancia Minas<\/em><br \/>\n<\/br><\/p>\n<p><strong>Quase 200 atrativos<\/strong><\/p>\n<p>Al\u00e9m do turista em busca de neg\u00f3cio, propriet\u00e1rios de hot\u00e9is, donos de restaurantes, prefeituras e gestores do turismo querem atrair turistas de fora e da pr\u00f3pria regi\u00e3o para apreciar a cultura local, a gastronomia e o ecoturismo.<\/p>\n<p>\u201cNosso objetivo \u00e9 que o Vale seja conhecido al\u00e9m do a\u00e7o\u201d, afirma o presidente do Circuito Tur\u00edstico Mata Atl\u00e2ntica, Hor\u00e1cio de Carvalho, destacando as festas t\u00edpicas, cachoeiras, parques naturais, hot\u00e9is fazendas, pousadas e outras atra\u00e7\u00f5es e servi\u00e7os que podem ser oferecidos aos visitantes.<\/p>\n<p>O Circuito Mata Atl\u00e2ntica \u00e9 um dos incentivadores e parceiros nas a\u00e7\u00f5es de est\u00edmulo ao turismo local, junto com as prefeituras, Sebrae, Senac, Emater, empreendedores e representantes do setor de servi\u00e7os.<\/p>\n<p>O trabalho feito pela inciativa privada e institui\u00e7\u00f5es de fomento tem permitido a cataloga\u00e7\u00e3o de 198 atrativos tur\u00edsticos da regi\u00e3o, a\u00a0 capacita\u00e7\u00e3o dos empres\u00e1rios na gest\u00e3o de neg\u00f3cios, orienta\u00e7\u00e3o t\u00e9cnica de agricultores familiares na produ\u00e7\u00e3o de quitandas, realiza\u00e7\u00e3o de f\u00f3runs e congressos para troca de informa\u00e7\u00f5es.<\/p>\n<p><strong>Nova perspectiva<\/strong><\/p>\n<p>Segundo Hor\u00e1cio Oliveira, depois dessas a\u00e7\u00f5es os empres\u00e1rios come\u00e7aram a ter outra vis\u00e3o do turismo,\u00a0 investindo no setor com mais qualidade e de forma estrat\u00e9gica.<\/p>\n<p>Andr\u00e9 Maia Magalh\u00e3es, dono de um hotel tradicional em Tim\u00f3teo, tem a maior parte da clientela formada por executivos e funcion\u00e1rios das usinas instaladas na regi\u00e3o, e de pessoas contratadas para desenvolver algum trabalho nessas empresas.\u00a0 Esses clientes representam 85% da ocupa\u00e7\u00e3o do hotel. Os outros 15% s\u00e3o visitantes.<\/p>\n<p>O empres\u00e1rio, que faz parte do grupo de empreendedores interessados em investir no turismo no Vale do A\u00e7o, acredita no potencial ecol\u00f3gico, cultural e gastron\u00f4mico da regi\u00e3o para atrair outro perfil de visitante. \u201cEstamos trabalhando para isso e temos expectativa de aumentar o turismo de lazer e\u00a0 fortalecer a economia local\u201d, afirma Andr\u00e9 Magalh\u00e3es.<\/p>\n<p><strong>Panorama do setor<\/strong><\/p>\n<p>Pesquisa feita pela\u00a0Secretaria de Estado de Turismo (Setur)\u00a0mostra que, em 2014 o estado recebeu 24,4 milh\u00f5es de turistas, n\u00famero 6,1% maior que o ano de 2013. No per\u00edodo, o setor injetou mais de R$ 17 bilh\u00f5es na economia mineira.<\/p>\n<p>O estudo tamb\u00e9m aponta que a receita direta gerada pela pessoa que veio\u00a0 a Minas Gerais fazer neg\u00f3cio, em 2014, foi de R$5,66 bilh\u00f5es. Esse visitante gastou, em m\u00e9dia, R$1.021 por viagem, permanecendo no estado cerca de 10 dias.<\/p>\n<p><strong>Identidade consolidada<\/strong><\/p>\n<p>Na avalia\u00e7\u00e3o do diretor de Pesquisa e Estat\u00edstica da Setur, Rafael Oliveira, o desempenho positivo se deve \u00e0 divulga\u00e7\u00e3o e consolida\u00e7\u00e3o da identidade de Minas Gerais como destino tur\u00edstico, principalmente durante a Copa do Mundo. Ele diz que a expectativa para 2015 tamb\u00e9m\u00a0 \u00e9 de crescimento ou de manuten\u00e7\u00e3o da m\u00e9dia do ano passado.<\/p>\n<p>Um dos indicativos dessa estimativa \u00e9 o levantamento do Minist\u00e9rio do Turismo que mostrou que Minas Gerais\u00a0 dever\u00e1 ficar em quarto lugar no\u00a0<em>ranking<\/em>dos estados que mais ir\u00e3o receber turistas nos feriados prolongados de 2015.<\/p>\n<p>Para saber mais sobre o Circuito Mata Atlantica, acesse o endere\u00e7o eletr\u00f4nico \u00a0<a href=\"http:\/\/www.circuitomataatlantica.com.br\/\">http:\/\/www.circuitomataatlantica.com.br\/<\/a><\/p>\n","protected":false},"excerpt":{"rendered":"<p>Belezas naturais, hospitalidade e gastronomia colocam as cidades mineiras em destaque na rota do turismo nacional. Nesse cen\u00e1rio, as oportunidades de neg\u00f3cio e de fortalecimento da economia local\u00a0 mobilizam representantes do poder p\u00fablico dos munic\u00edpios do Vale do A\u00e7o e os empreendedores. Eles v\u00e3o discutir o assunto durante a 3\u00aa\u00a0Semana de Turismo de Ipatinga, que [&hellip;]<\/p>\n","protected":false},"author":4,"featured_media":69630,"comment_status":"open","ping_status":"closed","sticky":false,"template":"","format":"standard","meta":{"amp_status":"","footnotes":""},"categories":[121],"tags":[60856,971,350,60855,60858,1524,1018,201,1742,2101,14911,60857,1105],"class_list":["post-69629","post","type-post","status-publish","format-standard","has-post-thumbnail","hentry","category-leste","tag-3a-semana-de-turismo-de-ipatinga","tag-acucena","tag-belo-oriente","tag-circuito-mata-atlantica","tag-circuito-turistico-mata-atlantica-quer-que-o-vale-seja-conhecido-alem-do-aco","tag-coronel-fabriciano","tag-destaque","tag-ipatinga","tag-marlieria","tag-santana-do-paraiso","tag-sao-domingos-do-prata","tag-semana-de-turismo-de-ipatinga","tag-timoteo"],"_links":{"self":[{"href":"https:\/\/aconteceunovale.com.br\/portal\/index.php?rest_route=\/wp\/v2\/posts\/69629","targetHints":{"allow":["GET"]}}],"collection":[{"href":"https:\/\/aconteceunovale.com.br\/portal\/index.php?rest_route=\/wp\/v2\/posts"}],"about":[{"href":"https:\/\/aconteceunovale.com.br\/portal\/index.php?rest_route=\/wp\/v2\/types\/post"}],"author":[{"embeddable":true,"href":"https:\/\/aconteceunovale.com.br\/portal\/index.php?rest_route=\/wp\/v2\/users\/4"}],"replies":[{"embeddable":true,"href":"https:\/\/aconteceunovale.com.br\/portal\/index.php?rest_route=%2Fwp%2Fv2%2Fcomments&post=69629"}],"version-history":[{"count":0,"href":"https:\/\/aconteceunovale.com.br\/portal\/index.php?rest_route=\/wp\/v2\/posts\/69629\/revisions"}],"wp:featuredmedia":[{"embeddable":true,"href":"https:\/\/aconteceunovale.com.br\/portal\/index.php?rest_route=\/wp\/v2\/media\/69630"}],"wp:attachment":[{"href":"https:\/\/aconteceunovale.com.br\/portal\/index.php?rest_route=%2Fwp%2Fv2%2Fmedia&parent=69629"}],"wp:term":[{"taxonomy":"category","embeddable":true,"href":"https:\/\/aconteceunovale.com.br\/portal\/index.php?rest_route=%2Fwp%2Fv2%2Fcategories&post=69629"},{"taxonomy":"post_tag","embeddable":true,"href":"https:\/\/aconteceunovale.com.br\/portal\/index.php?rest_route=%2Fwp%2Fv2%2Ftags&post=69629"}],"curies":[{"name":"wp","href":"https:\/\/api.w.org\/{rel}","templated":true}]}}