{"id":69623,"date":"2015-09-25T11:26:21","date_gmt":"2015-09-25T14:26:21","guid":{"rendered":"http:\/\/aconteceunovale.com.br\/portal\/?p=69623"},"modified":"2015-09-25T11:26:21","modified_gmt":"2015-09-25T14:26:21","slug":"produtores-do-norte-de-minas-recebem-orientacao-sobre-uso-da-palma-na-alimentacao-bovina","status":"publish","type":"post","link":"https:\/\/aconteceunovale.com.br\/portal\/?p=69623","title":{"rendered":"Produtores do Norte de Minas recebem orienta\u00e7\u00e3o sobre uso da palma na alimenta\u00e7\u00e3o bovina"},"content":{"rendered":"<p>Um trabalho desenvolvido pela Emater-MG, em parceria com outras institui\u00e7\u00f5es, estimula agricultores do Norte de Minas a cultivarem palma forrageira. A ideia \u00e9 utilizar a planta juntamente com outras culturas como o sorgo, milho e milheto, na alimenta\u00e7\u00e3o complementar do rebanho bovino. A iniciativa faz parte de um conv\u00eanio entre a Emater-MG e o Minist\u00e9rio da Ci\u00eancia, Tecnologia e Inova\u00e7\u00e3o.<\/p>\n<p>O trabalho teve in\u00edcio na safra 2011\/2012, quando foram implantados campos de multiplica\u00e7\u00e3o de palma forrageira em \u00e1reas de agricultores familiares. Na safra 2013\/2014 foram distribu\u00eddas 42 mil mudas da planta para 39 agricultores. Os beneficiados assumiram o compromisso de doar uma parte do material produzido no primeiro ano para outros agricultores.<\/p>\n<p>\u201cAgora, estamos avan\u00e7ado em um trabalho integrado de ensino, pesquisa, extens\u00e3o e gest\u00e3o, em parceria com a Universidade Estadual de Montes Claros, Epamig, Embrapa e a Cooperativa Crescer. Estamos formalizando um Termo de Coopera\u00e7\u00e3o Interinstitucional\u201d, diz Andr\u00e9 Mendes Caxito, coordenador t\u00e9cnico da unidade regional da Emater-MG em Jana\u00faba.<\/p>\n<p>Entre os objetivos desse termo est\u00e1 a implanta\u00e7\u00e3o de uma Unidade de Refer\u00eancia Tecnol\u00f3gica de Palma Forrageira (URT Palma) no munic\u00edpio de Porteirinha. Uma das propostas \u00e9 realizar um processo de transfer\u00eancia de tecnologia para os produtores da regi\u00e3o, al\u00e9m de ser um campo de multiplica\u00e7\u00e3o de palma forrageira.<\/p>\n<p>De acordo com Andr\u00e9 Caxito, outro objetivo do termo de coopera\u00e7\u00e3o \u00e9 desenvolver uma pesquisa relacionada com a palma forrageira na composi\u00e7\u00e3o de dietas de vacas leiteiras.<\/p>\n<p>Ainda segundo o coordenador regional da Emater-MG, a palma forrageira \u00e9 uma cultura t\u00edpica do semi\u00e1rido brasileiro, com \u00e1rea aproximada de 400 mil hectares. Ele explica que trata-se de uma cultura com ampla adapta\u00e7\u00e3o clim\u00e1tica e que exige uma nutri\u00e7\u00e3o adequada devido \u00e0 alta extra\u00e7\u00e3o de nutrientes do solo.<\/p>\n<p><img decoding=\"async\" src=\"http:\/\/aconteceunovale.com.br\/portal\/wp-content\/uploads\/2015\/09\/emater-mg-orienta-produtores-na-utilizacao-de-palma-na-alimentacao-bovina.jpg\" alt=\"\" \/><em>Palma \u00e9 alternativa quando a lavoura de sorgo ficar comprometida &#8211; Foto: Divulga\u00e7\u00e3o\/Emater-MG<\/em><br \/>\n<\/br><\/p>\n<p><strong>T\u00e9cnica de plantio<\/strong><\/p>\n<p>Andr\u00e9 Caxito ressalta que o pr\u00e9-plantio \u00e9 uma etapa fundamental no processo. \u00c9 nesse momento que ocorre a sele\u00e7\u00e3o e o preparo das mudas, que devem ficar na sombra por 15 dias para a cicatriza\u00e7\u00e3o do corte realizado.<\/p>\n<p>No preparo de solo, explica o t\u00e9cnico, deve ser avaliado o grau de compacta\u00e7\u00e3o da \u00e1rea e, em muitos casos, \u00e9 preciso fazer a subsolagem, ara\u00e7\u00e3o e gradagem. O alinhamento de plantio obedece a declividade do terreno. Caso seja plano, o ideal \u00e9 plantar no sentido leste-oeste.<\/p>\n<p>\u201cA cultura da palma forrageira, quando bem manejada, \u00e9 sin\u00f4nimo de seguran\u00e7a produtiva para o agricultor familiar. Ela \u00e9 altamente eficiente no uso da \u00e1gua e da radia\u00e7\u00e3o solar. Quando bem conduzida, consegue passar pelo per\u00edodo de estiagem e pelo per\u00edodo da seca\u201d, diz Caxito.<\/p>\n<p>Para o t\u00e9cnico, o principal custo de implanta\u00e7\u00e3o da lavoura \u00e9 na aquisi\u00e7\u00e3o das mudas. No entanto, segundo ele, \u201co agricultor n\u00e3o precisa fazer um investimento alto, adquirindo muitas mudas, pois ele mesmo poder\u00e1 multiplicar o pr\u00f3prio material produzido em sua propriedade, ampliando o seu palmal nos anos seguintes\u201d afirma.<\/p>\n<p>Ap\u00f3s um ano de cultivo, a palma cultivada pode servir como mudas e na alimenta\u00e7\u00e3o do rebanho. Tamb\u00e9m pode entrar como seguran\u00e7a produtiva durante a estiagem, per\u00edodo em que a produ\u00e7\u00e3o do sorgo fica comprometida.  \u201cE\u00e7apassa pela estiagem sem comprometer a quantidade. No per\u00edodo da seca, est\u00e1 adequada para fazer parte da ra\u00e7\u00e3o, sendo inserida junto com a silagem\u201d, explica o coordenador regional da Emater-MG.<\/p>\n<p>Para divulgar a cultura da palma forrageira no Norte de Minas, a Emater-MG e parceiros t\u00eam promovido alguns eventos, como mutir\u00e3o de plantio e demonstra\u00e7\u00e3o t\u00e9cnica. Um deles acontece nesta sexta-feira (25\/9), em Mato Verde. Ser\u00e3o discutidos temas como preparo de solo e mudas, plantio e aduba\u00e7\u00e3o, manejo de pragas, doen\u00e7as e plantas daninhas, e o uso da palma forrageira na alimenta\u00e7\u00e3o de bovinos.<\/p>\n","protected":false},"excerpt":{"rendered":"<p>Um trabalho desenvolvido pela Emater-MG, em parceria com outras institui\u00e7\u00f5es, estimula agricultores do Norte de Minas a cultivarem palma forrageira. A ideia \u00e9 utilizar a planta juntamente com outras culturas como o sorgo, milho e milheto, na alimenta\u00e7\u00e3o complementar do rebanho bovino. A iniciativa faz parte de um conv\u00eanio entre a Emater-MG e o Minist\u00e9rio [&hellip;]<\/p>\n","protected":false},"author":4,"featured_media":69624,"comment_status":"open","ping_status":"closed","sticky":false,"template":"","format":"standard","meta":{"amp_status":"","footnotes":""},"categories":[1236],"tags":[60849,1018,60850,60844,60848,60846,60845,60847],"class_list":["post-69623","post","type-post","status-publish","format-standard","has-post-thumbnail","hentry","category-norte_de_minas","tag-andre-mendes-caxito","tag-destaque","tag-emater-mg-em-janauba","tag-emater-mg-orienta-produtores-na-utilizacao-de-palma-na-alimentacao-bovina","tag-palma-forrageira","tag-produtores-do-norte-de-minas-recebem-orientacao-sobre-uso-da-palma-na-alimentacao-bovina","tag-produtores-recebem-orientacao-sobre-uso-da-palma-na-alimentacao-bovina","tag-uso-da-palma-na-alimentacao-bovina"],"_links":{"self":[{"href":"https:\/\/aconteceunovale.com.br\/portal\/index.php?rest_route=\/wp\/v2\/posts\/69623","targetHints":{"allow":["GET"]}}],"collection":[{"href":"https:\/\/aconteceunovale.com.br\/portal\/index.php?rest_route=\/wp\/v2\/posts"}],"about":[{"href":"https:\/\/aconteceunovale.com.br\/portal\/index.php?rest_route=\/wp\/v2\/types\/post"}],"author":[{"embeddable":true,"href":"https:\/\/aconteceunovale.com.br\/portal\/index.php?rest_route=\/wp\/v2\/users\/4"}],"replies":[{"embeddable":true,"href":"https:\/\/aconteceunovale.com.br\/portal\/index.php?rest_route=%2Fwp%2Fv2%2Fcomments&post=69623"}],"version-history":[{"count":0,"href":"https:\/\/aconteceunovale.com.br\/portal\/index.php?rest_route=\/wp\/v2\/posts\/69623\/revisions"}],"wp:featuredmedia":[{"embeddable":true,"href":"https:\/\/aconteceunovale.com.br\/portal\/index.php?rest_route=\/wp\/v2\/media\/69624"}],"wp:attachment":[{"href":"https:\/\/aconteceunovale.com.br\/portal\/index.php?rest_route=%2Fwp%2Fv2%2Fmedia&parent=69623"}],"wp:term":[{"taxonomy":"category","embeddable":true,"href":"https:\/\/aconteceunovale.com.br\/portal\/index.php?rest_route=%2Fwp%2Fv2%2Fcategories&post=69623"},{"taxonomy":"post_tag","embeddable":true,"href":"https:\/\/aconteceunovale.com.br\/portal\/index.php?rest_route=%2Fwp%2Fv2%2Ftags&post=69623"}],"curies":[{"name":"wp","href":"https:\/\/api.w.org\/{rel}","templated":true}]}}