{"id":69617,"date":"2015-09-25T10:49:52","date_gmt":"2015-09-25T13:49:52","guid":{"rendered":"http:\/\/aconteceunovale.com.br\/portal\/?p=69617"},"modified":"2015-09-25T10:49:52","modified_gmt":"2015-09-25T13:49:52","slug":"tudo-pronto-para-o-9o-balcao-da-cidadania-em-governador-valadares","status":"publish","type":"post","link":"https:\/\/aconteceunovale.com.br\/portal\/?p=69617","title":{"rendered":"Tudo pronto para o 9\u00ba Balc\u00e3o da Cidadania em Governador Valadares"},"content":{"rendered":"<p>No s\u00e1bado, dia 26\/09\/14, de 9h \u00e0s 12 horas, no Campus I, a Univale realizar\u00e1 a nona edi\u00e7\u00e3o do Balc\u00e3o da Cidadania. O evento \u00e9 organizado pelo curso de Direito atrav\u00e9s do Escrit\u00f3rio de Assist\u00eancia Judici\u00e1ria \u2013 EAJ. O objetivo \u00e9 fazer a presta\u00e7\u00e3o de servi\u00e7os \u00e0 comunidade local, al\u00e9m de divulgar os cursos oferecidos pela Institui\u00e7\u00e3o.<\/p>\n<p>Durante o Balc\u00e3o da Cidadania, ser\u00e3o realizadas 135 convers\u00f5es de uni\u00e3o est\u00e1vel em casamento. Os casais j\u00e1 foram selecionados e apresentaram a documenta\u00e7\u00e3o comprobat\u00f3ria, que foi repassada ao juiz da 2\u00aa Vara C\u00edvel, Dr. Roberto Apolin\u00e1rio. A a\u00e7\u00e3o \u00e9 feita em parceria com o Poder Judici\u00e1rio e o Minist\u00e9rio P\u00fablico. <\/p>\n<p>Outros servi\u00e7os tamb\u00e9m ser\u00e3o oferecidos. Alunos do curso de Direito far\u00e3o orienta\u00e7\u00f5es jur\u00eddicas, j\u00e1 os de Gest\u00e3o P\u00fablica, Administra\u00e7\u00e3o e Ci\u00eancias Cont\u00e1beis dar\u00e3o orienta\u00e7\u00f5es sobre abertura de empresas. Os alunos do curso de Farm\u00e1cia v\u00e3o participar com informa\u00e7\u00f5es sobre o uso racional de medicamentos e aferi\u00e7\u00e3o de pulso e press\u00e3o arterial e os de Fisioterapia com avalia\u00e7\u00e3o postural e dos p\u00e9s.<\/p>\n<p>O curso de Odontologia ir\u00e1 apresentar uma pe\u00e7a de teatro, atrav\u00e9s do Projeto M\u00e1gico, ensinando crian\u00e7as de 0 a 6 anos a fazer uma boa escova\u00e7\u00e3o. O curso de Pedagogia trar\u00e1 uma brinquedoteca tamb\u00e9m voltada para as crian\u00e7as, assim como o funcion\u00e1rio R\u00f4mulo Mafra, que ir\u00e1 ministrar uma oficina de origami.<\/p>\n<p>Outros parceiros tamb\u00e9m colaboram: Cart\u00f3rios de Registro Civil, com a emiss\u00e3o de segunda via de registro de nascimento e casamento, a Embeleze com corte de cabelo, design de sobrancelhas e manicure, a Cont\u00e9m 1g com maquiagem para noivas, a Loc Festas far\u00e1 a ornamenta\u00e7\u00e3o do local para fotos dos noivos e as Padarias Lopes e Prado doar\u00e3o os bolos que ser\u00e3o distribu\u00eddos para os noivos.<\/p>\n<p>Todos os servi\u00e7os do Balc\u00e3o da Cidadania s\u00e3o gratuitos.<\/p>\n<p>Servi\u00e7o: 9\u00ba Balc\u00e3o da Cidadania<br \/>\nDia: 26\/09\/14 (s\u00e1bado)<br \/>\nHor\u00e1rio: 9h \u00e0s 12 horas<br \/>\nLocal: p\u00e1tio do Campus I da Univale<br \/>\nEndere\u00e7o: Rua Juiz de Paz Jos\u00e9 Lemos, 279 &#8211; Bairro Vila Bretas (Isadora Rabello)<\/p>\n","protected":false},"excerpt":{"rendered":"<p>No s\u00e1bado, dia 26\/09\/14, de 9h \u00e0s 12 horas, no Campus I, a Univale realizar\u00e1 a nona edi\u00e7\u00e3o do Balc\u00e3o da Cidadania. O evento \u00e9 organizado pelo curso de Direito atrav\u00e9s do Escrit\u00f3rio de Assist\u00eancia Judici\u00e1ria \u2013 EAJ. O objetivo \u00e9 fazer a presta\u00e7\u00e3o de servi\u00e7os \u00e0 comunidade local, al\u00e9m de divulgar os cursos oferecidos [&hellip;]<\/p>\n","protected":false},"author":4,"featured_media":47642,"comment_status":"open","ping_status":"closed","sticky":false,"template":"","format":"standard","meta":{"amp_status":"","footnotes":""},"categories":[121],"tags":[60830,60832,60831,60833],"class_list":["post-69617","post","type-post","status-publish","format-standard","has-post-thumbnail","hentry","category-leste","tag-8o-balcao-da-cidadania","tag-8o-balcao-da-cidadania-em-governador-valadares","tag-8o-balcao-da-cidadania-univale","tag-tudo-pronto-para-o-9o-balcao-da-cidadania-em-governador-valadares"],"_links":{"self":[{"href":"https:\/\/aconteceunovale.com.br\/portal\/index.php?rest_route=\/wp\/v2\/posts\/69617","targetHints":{"allow":["GET"]}}],"collection":[{"href":"https:\/\/aconteceunovale.com.br\/portal\/index.php?rest_route=\/wp\/v2\/posts"}],"about":[{"href":"https:\/\/aconteceunovale.com.br\/portal\/index.php?rest_route=\/wp\/v2\/types\/post"}],"author":[{"embeddable":true,"href":"https:\/\/aconteceunovale.com.br\/portal\/index.php?rest_route=\/wp\/v2\/users\/4"}],"replies":[{"embeddable":true,"href":"https:\/\/aconteceunovale.com.br\/portal\/index.php?rest_route=%2Fwp%2Fv2%2Fcomments&post=69617"}],"version-history":[{"count":0,"href":"https:\/\/aconteceunovale.com.br\/portal\/index.php?rest_route=\/wp\/v2\/posts\/69617\/revisions"}],"wp:featuredmedia":[{"embeddable":true,"href":"https:\/\/aconteceunovale.com.br\/portal\/index.php?rest_route=\/wp\/v2\/media\/47642"}],"wp:attachment":[{"href":"https:\/\/aconteceunovale.com.br\/portal\/index.php?rest_route=%2Fwp%2Fv2%2Fmedia&parent=69617"}],"wp:term":[{"taxonomy":"category","embeddable":true,"href":"https:\/\/aconteceunovale.com.br\/portal\/index.php?rest_route=%2Fwp%2Fv2%2Fcategories&post=69617"},{"taxonomy":"post_tag","embeddable":true,"href":"https:\/\/aconteceunovale.com.br\/portal\/index.php?rest_route=%2Fwp%2Fv2%2Ftags&post=69617"}],"curies":[{"name":"wp","href":"https:\/\/api.w.org\/{rel}","templated":true}]}}