{"id":69614,"date":"2015-09-25T10:37:11","date_gmt":"2015-09-25T13:37:11","guid":{"rendered":"http:\/\/aconteceunovale.com.br\/portal\/?p=69614"},"modified":"2015-09-25T10:37:11","modified_gmt":"2015-09-25T13:37:11","slug":"festival-de-historia-divulga-programacao-tematica-em-diamantina","status":"publish","type":"post","link":"https:\/\/aconteceunovale.com.br\/portal\/?p=69614","title":{"rendered":"Festival de Hist\u00f3ria divulga programa\u00e7\u00e3o tem\u00e1tica em Diamantina"},"content":{"rendered":"<h4><strong><em>Evento em Diamantina investiga identidades hist\u00f3ricas e culturais de Brasil e Portugal<\/em><\/strong><\/h4>\n<p>Entre os dias 8 e 11 de outubro, Diamantina, no Vale do Jequitinhonha, recepcionar\u00e1 um p\u00fablico seleto no 3\u00ba Festival de Hist\u00f3ria para discutir nove grandes temas do passado brasileiro e portugu\u00eas, que repercutem ainda hoje no modo de vida e na organiza\u00e7\u00e3o dos dois pa\u00edses.<\/p>\n<p>Promovido a cada dois anos, o festival inclui oficinas de hist\u00f3ria e programa\u00e7\u00e3o cultural, como lan\u00e7amento de livros e apresenta\u00e7\u00f5es musicais. Em mar\u00e7o deste ano, uma edi\u00e7\u00e3o do festival, com formata\u00e7\u00e3o semelhante, foi realizada em Braga, uma das cidades mais antigas de Portugal.<\/p>\n<p>Em Diamantina, os temas ser\u00e3o debatidos na \u201cTenda da Hist\u00f3ria\u201d, na pra\u00e7a Dr. Prado, no centro da cidade.<\/p>\n<p>A abertura do evento contar\u00e1 com a presen\u00e7a do jornalista e ex-ministro Franklin Martins e da professora de hist\u00f3ria Heloisa Starling, da Universidade Federal de Minas Gerais (UFMG). Martins far\u00e1 uma confer\u00eancia sobre a influ\u00eancia da pol\u00edtica na m\u00fasica popular brasileira. O assunto foi estudado por ele, exaustivamente, por quase duas d\u00e9cadas.<\/p>\n<p>Na solenidade de abertura estar\u00e3o presentes ainda, entre outros, a arquiteta e urbanista Jurema Machado, presidente do Instituto do Patrim\u00f4nio Hist\u00f3rico e Art\u00edstico Nacional (IPHAN); o  secret\u00e1rio municipal do Patrim\u00f4nio de Braga, Miguel Bandeira; o prefeito de Diamantina, Paulo C\u00e9lio de Almeida Hugo; e a educadora Maca\u00e9 Evaristo, secret\u00e1ria de Educa\u00e7\u00e3o de Minas Gerais.<\/p>\n<p><strong>Grandes temas<\/strong><\/p>\n<p>Os temas das mesas tem\u00e1ticas do 3\u00ba fHist ser\u00e3o debatidos por 30 especialistas, entre historiadores, jornalistas, arquitetos, economistas, soci\u00f3logos, educadores e ge\u00f3grafos.  <\/p>\n<p>Entre os historiadores, o mineiro Jos\u00e9 Murilo de Carvalho, doutor em Ci\u00eancia Pol\u00edtica pela Universidade de Stanford (EUA); Marcello Basile, da Universidade Federal Rural do Rio de Janeiro (UFRRJ); e Jo\u00e3o Jos\u00e9 Reis, doutor em  Hist\u00f3ria pela Universidade de Minnesota (EUA), hoje na Universidade Federal da Bahia (UFBA).<\/p>\n<p>A academia portuguesa estar\u00e1 representada por Ant\u00f4nio Costa Pinto, do Instituto de Ci\u00eancias Sociais da Universidade de Lisboa, e Miguel Sopas de Melo Bandeira, doutor em Geografia Humana pelas Universidades de Coimbra e do Minho.<\/p>\n<p>Entre os temas em pauta, que transcorreram em territ\u00f3rio brasileiro, mas correlacionados \u00e0 cultura ib\u00e9rica e africana, se encontram os panfletos que instigaram a independ\u00eancia do Brasil; a resist\u00eancia dos negros \u00e0 escravid\u00e3o e ao preconceito no Brasil; a preserva\u00e7\u00e3o do patrim\u00f4nio hist\u00f3rico e cultural e a ocupa\u00e7\u00e3o urbana; o massacre de tribos ind\u00edgenas nos anos 60; as guerrilhas urbanas e rurais no per\u00edodo militar (1964-1985); e Diamantina no s\u00e9culo XIX.<\/p>\n<p>Outros temas dizem respeito a experi\u00eancias que ocorreram tanto em Portugal quanto no Brasil, como as ditaduras e a arte barroca nos dois pa\u00edses.<\/p>\n<p>O 3\u00ba Festival de Hist\u00f3ria est\u00e1 com inscri\u00e7\u00f5es abertas no portal <a href=\"http:\/\/www.festivaldehistoria.com.br\" target=\"_blank\">www.festivaldehistoria.com.br<\/a>, com meia entrada a R$ 50,00 e inteira a R$ 100,00.<\/p>\n<p>O evento \u00e9 organizado pelas empresas Strat\u00e9gia e Nota Comunica\u00e7\u00e3o, com as parcerias do Minist\u00e9rio da Cultura, do Minist\u00e9rio da Educa\u00e7\u00e3o, da C\u00e2mara Municipal de Braga, da Prefeitura de Diamantina, do IPHAN, da Universidade do Minho e da UFMG. Conta ainda com o apoio da Funda\u00e7\u00e3o SM, da Hplus Hotelaria, da Editora \u00c1tica e da Caixa, e o patroc\u00ednio da Cemig, do Governo de Minas Gerais e do BNDES.<\/p>\n<p>Confira a seguir a programa\u00e7\u00e3o completa das mesas tem\u00e1ticas do festival:<\/p>\n<p><strong>Tenda da Hist\u00f3ria<\/strong><\/p>\n<p>Diamantina, 8 a 11 de outubro de 2015<\/p>\n<p>Programa\u00e7\u00e3o<\/p>\n<p><strong>Dia 8 de outubro &#8211; Quinta-feira<\/strong><\/p>\n<p>Abertura oficial<br \/>\nHora: 19h00<\/p>\n<p>Confer\u00eancia &#8211; AS CAN\u00c7\u00d5ES QUE VOC\u00ca FEZ PRA MIM<br \/>\nHora: 19h30<\/p>\n<p>Convidados:<br \/>\n&#8211; Franklin Martins, jornalista e escritor. Martins \u00e9 autor da trilogia \u201cQuem inventou o Brasil\u201d, lan\u00e7ada este ano, que aborda as \u00edntimas rela\u00e7\u00f5es entre a m\u00fasica e a pol\u00edtica entre 1902 e 2002.<\/p>\n<p>&#8211; Heloisa Starling. Professora titular de Hist\u00f3ria do Brasil na Universidade Federal de Minas Gerais (UFMG). Entre os seus trabalhos recentes destaca-se o livro \u201cBrasil: Uma Biografia\u201d, escrito em parceria com a historiadora Lilia Schwartz. <\/p>\n<p><strong>Dia 9 de outubro &#8211; Sexta-feira<\/strong><\/p>\n<p>Mesa 1 &#8211; OS PANFLETOS DA INDEPEND\u00caNCIA DO BRASIL<br \/>\nHora: 10h00<\/p>\n<p>Convidados:<br \/>\n&#8211; Jos\u00e9 Murilo de Carvalho, graduado em Sociologia e Pol\u00edtica pela Universidade Federal de Minas Gerais (UFMG), com mestrado e doutorado em Ci\u00eancia Pol\u00edtica na Stanford University e p\u00f3s-doutorado em Hist\u00f3ria da Am\u00e9rica Latina na University of London.<\/p>\n<p>&#8211; Marcello Basile \u00e9 escritor e professor da Universidade Federal Rural do Rio de Janeiro (UFRRJ).<\/p>\n<p>Mesa 2 &#8211; DA ESCRAVID\u00c3O AO RACISMO: PARADIGMAS DA RESIST\u00caNCIA<br \/>\nHora: 14h00<\/p>\n<p>Convidados:<br \/>\n&#8211; Maca\u00e9 Evaristo, educadora e secret\u00e1ria de Estado da Educa\u00e7\u00e3o de Minas Gerais.<br \/>\n&#8211; Jo\u00e3o Jos\u00e9 Reis, historiador e professor da Universidade Federal da Bahia (UFBA).<br \/>\n&#8211; Rafael da Cruz Alves, historiador e pesquisador do Projeto Rep\u00fablica da UFMG.<\/p>\n<p>Mesa 3 &#8211; DIREITO \u00c0 CIDADE, OCUPA\u00c7\u00d5ES URBANAS E PATRIM\u00d4NIO CULTURAL<br \/>\nHora: 16h00<\/p>\n<p>Convidados:<br \/>\n&#8211; Jurema Machado, arquiteta e presidente do Instituto do Patrim\u00f4nio Hist\u00f3rico e Art\u00edstico Nacional (IPHAN).<br \/>\n&#8211; M\u00f4nica Lima e Souza \u00e9 professora de Hist\u00f3ria da \u00c1frica do Instituto de Hist\u00f3ria da UFRJ, mestre em Estudos Africanos por El Col\u00e9gio de M\u00e9xico e doutora em Hist\u00f3ria pela Universidade Federal Fluminense (UFF)\/\u00c9cole des Hautes \u00c9tudes en Science Sociales &#8211; EHESS.<br \/>\n&#8211; Glauco Umbelino. Ge\u00f3grafo, doutor em Demografia. Professor da Universidade Federal dos Vales do Jequitinhonha e Mucuri (UFVJM), com experi\u00eancia em geoprocessamento, planejamento urbano e proje\u00e7\u00f5es populacionais.<\/p>\n<p><strong>Dia 10 de outubro &#8211; S\u00e1bado<\/strong><\/p>\n<p>Mesa 4 &#8211; BRASIL\/PORTUGAL: TEMPOS DE DITADURAS E DE RUPTURAS<br \/>\nHora: 10h00<\/p>\n<p>Convidados:<br \/>\n&#8211; Lucas Figueiredo. Jornalista e escritor.<br \/>\n&#8211; Ant\u00f3nio Costa Pinto. Doutorado pelo Instituto Universit\u00e1rio Europeu, \u00e9 investigador coordenador no Instituto de Ci\u00eancias Sociais da Universidade de Lisboa.<br \/>\n&#8211; Wilkie Buzatti. Historiador, com mestrado pela UFMG, atua em Hist\u00f3ria do Brasil Republicano, com \u00eanfase nos temas da ditadura militar e do movimento estudantil.<\/p>\n<p>Mesa 5 &#8211; TRAVESSIAS BARROCAS: DE BRAGA AO ARRAIAL DO TIJUCO<br \/>\nHora: 14h00<\/p>\n<p>Convidados:<br \/>\n&#8211; Cl\u00e1udia Orlandi, professora de Hist\u00f3ria da Arte da Universidade Federal dos Vales do Jequitinhonha e do Mucuri (UFVJM).<br \/>\n&#8211; Miguel Sopas de Melo Bandeira \u00e9 mestre e doutor em Geografia Humana pelas Universidades de Coimbra e do Minho, onde leciona. \u00c9 vereador da C\u00e2mara Municipal de Braga.<br \/>\n&#8211; Andrey Rosenthal Schlee, arquiteto e professor da Universidade Nacional de Bras\u00edlia, diretor do IPHAN.<br \/>\n&#8211; Luiz Philippe Torelly \u00e9 arquiteto e diretor do Departamento de Articula\u00e7\u00e3o e Fomento do IPHAN.<\/p>\n<p>Mesa 6 &#8211; GENOC\u00cdDIO DOCUMENTADO: O RELAT\u00d3RIO FIGUEIREDO E A QUEST\u00c3O IND\u00cdGENA<br \/>\nHora: 16h00<\/p>\n<p>Convidados:<br \/>\n&#8211; Marcelo Zelic. Vice-presidente do Grupo Tortura Nunca Mais\/SP e membro da Comiss\u00e3o Justi\u00e7a e Paz da Arquidiocese de S\u00e3o Paulo. \u00c9 coordenador do Projeto Armaz\u00e9m Mem\u00f3ria.<br \/>\n&#8211; Rubens Valente \u00e9 escritor e jornalista, atuando como rep\u00f3rter da sucursal da Folha de S\u00e3o Paulo em Bras\u00edlia.<br \/>\n&#8211; Otto Sarkis. Jornalista com passagem por v\u00e1rios ve\u00edculos de comunica\u00e7\u00e3o, \u00e9 empres\u00e1rio e integra a coordena\u00e7\u00e3o do fHist.<\/p>\n<p><strong>Dia 11 de outubro &#8211; Domingo<\/strong><\/p>\n<p>Mesa 7 &#8211; GUERRILHEIROS: MEM\u00d3RIAS DE UMA GUERRA SUJA<br \/>\nHora: 10h00<\/p>\n<p>Convidados:<br \/>\n&#8211; Daniela Arbex \u00e9 jornalista e escritora. Entre outros livros, \u00e9 autora do rec\u00e9m lan\u00e7ado \u201cCova 232\u201d, que aborda a Guerrilha do Capara\u00f3.<br \/>\n&#8211; Ant\u00f4nio Nahas J\u00fanior \u00e9 economista e autor de diversos trabalhos sobre a Hist\u00f3ria de Minas, entre os quais o livro \u201cA Queda, Rua Atacarambu, 120\u201d que aborda a repress\u00e3o aos grupos que optaram pela luta armada no final da d\u00e9cada de 1960.<br \/>\n&#8211; Hugo Stuart. Jornalista com passagem por diversos ve\u00edculos de comunica\u00e7\u00e3o e professor. \u00c9 autor do livro \u201cA lei da selva\u201d, sobre a Guerrilha do Araguaia.<\/p>\n<p>Mesa 8 &#8211; DIAMANTINA NO S\u00c9CULO XIX<br \/>\nHora: 14h00<\/p>\n<p>Convidados:<br \/>\n&#8211; Marcos Lobato \u00e9 professor da UFVJM, com doutorado em Hist\u00f3ria Econ\u00f4mica pela USP. Atua principalmente nos temas da minera\u00e7\u00e3o de diamantes e homens de neg\u00f3cio de Diamantina e do abastecimento e estradas regionais no per\u00edodo 1870-1930.<br \/>\n&#8211; James William Goodwin. Historiador graduado pela Universidade Federal de Juiz de Fora (UFJF), \u00e9 doutor em Hist\u00f3ria Social pela USP. Ele agrega suas pesquisas sob o t\u00edtulo &#8220;O Progresso em Palavras&#8221;, destacando como a imprensa mineira ajudou a moldar conceitos e pr\u00e1ticas sobre o progresso, a t\u00e9cnica, a ci\u00eancia e a educa\u00e7\u00e3o.<br \/>\n&#8211; Am\u00e9rico Antunes, jornalista e coordenador do fHist. (\u00daltimo Valadares)<\/p>\n","protected":false},"excerpt":{"rendered":"<p>Evento em Diamantina investiga identidades hist\u00f3ricas e culturais de Brasil e Portugal Entre os dias 8 e 11 de outubro, Diamantina, no Vale do Jequitinhonha, recepcionar\u00e1 um p\u00fablico seleto no 3\u00ba Festival de Hist\u00f3ria para discutir nove grandes temas do passado brasileiro e portugu\u00eas, que repercutem ainda hoje no modo de vida e na organiza\u00e7\u00e3o [&hellip;]<\/p>\n","protected":false},"author":4,"featured_media":69615,"comment_status":"open","ping_status":"closed","sticky":false,"template":"","format":"standard","meta":{"amp_status":"","footnotes":""},"categories":[120],"tags":[60827,60828,198,60826,60825,60824,60829],"class_list":["post-69614","post","type-post","status-publish","format-standard","has-post-thumbnail","hentry","category-jequi","tag-3o-festival-de-historia","tag-3o-fhist","tag-diamantina","tag-evento-em-diamantina-investiga-identidades-historicas-e-culturais-de-brasil-e-portugal","tag-festival-de-historia-diamantina","tag-festival-de-historia-divulga-programacao-tematica-em-diamantina","tag-fhist"],"_links":{"self":[{"href":"https:\/\/aconteceunovale.com.br\/portal\/index.php?rest_route=\/wp\/v2\/posts\/69614","targetHints":{"allow":["GET"]}}],"collection":[{"href":"https:\/\/aconteceunovale.com.br\/portal\/index.php?rest_route=\/wp\/v2\/posts"}],"about":[{"href":"https:\/\/aconteceunovale.com.br\/portal\/index.php?rest_route=\/wp\/v2\/types\/post"}],"author":[{"embeddable":true,"href":"https:\/\/aconteceunovale.com.br\/portal\/index.php?rest_route=\/wp\/v2\/users\/4"}],"replies":[{"embeddable":true,"href":"https:\/\/aconteceunovale.com.br\/portal\/index.php?rest_route=%2Fwp%2Fv2%2Fcomments&post=69614"}],"version-history":[{"count":0,"href":"https:\/\/aconteceunovale.com.br\/portal\/index.php?rest_route=\/wp\/v2\/posts\/69614\/revisions"}],"wp:featuredmedia":[{"embeddable":true,"href":"https:\/\/aconteceunovale.com.br\/portal\/index.php?rest_route=\/wp\/v2\/media\/69615"}],"wp:attachment":[{"href":"https:\/\/aconteceunovale.com.br\/portal\/index.php?rest_route=%2Fwp%2Fv2%2Fmedia&parent=69614"}],"wp:term":[{"taxonomy":"category","embeddable":true,"href":"https:\/\/aconteceunovale.com.br\/portal\/index.php?rest_route=%2Fwp%2Fv2%2Fcategories&post=69614"},{"taxonomy":"post_tag","embeddable":true,"href":"https:\/\/aconteceunovale.com.br\/portal\/index.php?rest_route=%2Fwp%2Fv2%2Ftags&post=69614"}],"curies":[{"name":"wp","href":"https:\/\/api.w.org\/{rel}","templated":true}]}}