{"id":69611,"date":"2015-09-25T10:23:49","date_gmt":"2015-09-25T13:23:49","guid":{"rendered":"http:\/\/aconteceunovale.com.br\/portal\/?p=69611"},"modified":"2015-09-25T10:25:07","modified_gmt":"2015-09-25T13:25:07","slug":"empreendimentos-do-agronegocio-serao-fiscalizados-no-norte-de-minas","status":"publish","type":"post","link":"https:\/\/aconteceunovale.com.br\/portal\/?p=69611","title":{"rendered":"Empreendimentos do agroneg\u00f3cio ser\u00e3o fiscalizados no Norte de Minas"},"content":{"rendered":"<h4><strong><em>Crea-Minas realiza primeira a\u00e7\u00e3o de fiscaliza\u00e7\u00e3o inteiramente no novo modelo de agroneg\u00f3cio nas cidades de Montes Claros, Ja\u00edba, Matias Cardoso, Nova Porteirinha e distrito do Mocambinho.<\/em><\/strong><\/h4>\n<p>Os projetos de Irriga\u00e7\u00e3o Ja\u00edba e do Per\u00edmetro de Gorutuba, al\u00e9m dos sistemas de irriga\u00e7\u00e3o em Montes Claros, ser\u00e3o os primeiros empreendimentos a serem fiscalizados inteiramente no novo modelo de Fiscaliza\u00e7\u00e3o do Agroneg\u00f3cio do Conselho Regional de Engenharia e Agronomia de Minas Gerais (Crea-Minas).  A a\u00e7\u00e3o ser\u00e1 realizada do dia 28 de setembro a 02 de outubro de 2015, nos munic\u00edpios de Ja\u00edba, Matias Cardoso e no distrito do Mocambinho, al\u00e9m das cidades Nova Porteirinha e Montes Claros. O objetivo \u00e9 verificar se os servi\u00e7os t\u00e9cnicos da engenharia na \u00e1rea do agroneg\u00f3cio est\u00e3o sendo exercidos por profissionais habilitados.<\/p>\n<p>Segundo a fiscal da Regional Norte do Crea-Minas, engenheira civil Ivana Souto, a fiscaliza\u00e7\u00e3o em Montes Claros vai focar em empresas de projetos e montagens de sistemas de irriga\u00e7\u00e3o, de perfura\u00e7\u00f5es de po\u00e7os tubulares profundos e empresas de agrimensura. Vai verificar tamb\u00e9m a autoriza\u00e7\u00e3o  de outorgas de \u00e1guas superficiais e subterr\u00e2neas, \u00f3rg\u00e3os p\u00fablicos que contratam servi\u00e7os t\u00e9cnicos de abastecimentos de \u00e1gua e afins como a Companhia de Saneamento de Minas Gerais (Copasa), a Companhia de Desenvolvimento dos Vales do S\u00e3o Francisco e do Parna\u00edba (Codevasf) e o Instituto de Desenvolvimento do Norte e Nordeste de Minas Gerais (Idene).<\/p>\n<p> Nos demais munic\u00edpios, o foco ser\u00e1 nos projetos de Irriga\u00e7\u00e3o Ja\u00edba e do Per\u00edmetro de Gorutuba. A fiscal do Crea-Minas explica que a a\u00e7\u00e3o ser\u00e1 em empreendimentos rurais que exercem atividades de produ\u00e7\u00f5es de frutas, viveiros de mudas, em empresas processadoras de frutas, entre outras. \u201cA produ\u00e7\u00e3o obtida nos Projetos Ja\u00edba e do Gorutuba atingem o com\u00e9rcio nacional como tamb\u00e9m possuem qualidade de exporta\u00e7\u00e3o, sendo estes comercializados em diversos estados brasileiros como tamb\u00e9m no exterior\u201d, acrescenta Souto.<\/p>\n<p>Para o gerente de Fiscaliza\u00e7\u00e3o do Crea-Minas, engenheiro mec\u00e2nico Guilherme Rodrigues, um dos principais objetivos \u00e9 proteger a sociedade da presta\u00e7\u00e3o de servi\u00e7os de profissionais n\u00e3o habilitados, ou at\u00e9 mesmo leigos, no exerc\u00edcio de atividades t\u00e9cnicas. \u201c\u00c9 importante os profissionais da engenharia rural terem uma atua\u00e7\u00e3o como respons\u00e1veis t\u00e9cnicos dos projetos, com controle de qualidade, infraestrutura adequada e log\u00edstica eficaz nas atividades do agroneg\u00f3cio\u201d, frisa Rodrigues.<\/p>\n<p>O supervisor de Fiscaliza\u00e7\u00e3o do Agroneg\u00f3cio no Crea-Minas, engenheiro agr\u00f4nomo Em\u00edlio Mouchrek, ressalta o fato de o Crea-Minas ser o \u00fanico Conselho no Brasil a possuir a Supervis\u00e3o de Fiscaliza\u00e7\u00e3o no Agroneg\u00f3cio. \u201cO agroneg\u00f3cio \u00e9 um dos pilares da economia brasileira e Minas tem bastante destaque nesse cen\u00e1rio. Por esse motivo foi muito importante o Crea-Minas ter especializado a fiscaliza\u00e7\u00e3o nesse setor\u201d, comenta.<\/p>\n<p><strong>Projeto Distrito de Irriga\u00e7\u00e3o Ja\u00edba<\/strong><\/p>\n<p>O Projeto Distrito de Irriga\u00e7\u00e3o Ja\u00edba, situado no extremo norte de Minas Gerais, \u00e0 margem do rio S\u00e3o Francisco, \u00e9 um empreendimento no qual atuam os tr\u00eas poderes executivos da esfera p\u00fablica, com a ativa participa\u00e7\u00e3o da iniciativa privada. O local \u00e9 um polo de produ\u00e7\u00e3o de frutas, onde j\u00e1 se colhem 1,3 milh\u00e3o de toneladas de produtos agr\u00edcolas cultivados em uma \u00e1rea de 18.561 hectares.<\/p>\n<p><strong>Projeto do Per\u00edmetro Gorutuba<\/strong><\/p>\n<p>O Projeto do Per\u00edmetro Gorutuba com \u00e1rea irrig\u00e1vel e ocupada de 4.734 hectares possui infraestrutura de 127 km de canais, 320 km de estradas, 136 km de drenos, predomin\u00e2ncia da fruticultura com destaque para o cultivo de banana e uma produ\u00e7\u00e3o de 55.000 toneladas de alimentos em 2014.<\/p>\n<p><strong>Servi\u00e7os<\/strong><\/p>\n<p>Fiscaliza\u00e7\u00e3o Regional Dirigida &#8220;Sistemas de Irriga\u00e7\u00e3o&#8221;<br \/>\nData: 28\/09 a 02 de outubro de 2015<br \/>\nCidade: Montes Claros\/MG<\/p>\n<p>Fiscaliza\u00e7\u00e3o Regional Dirigida &#8211; &#8220;Distrito de Irriga\u00e7\u00e3o Ja\u00edba e Distrito de Irriga\u00e7\u00e3o do Per\u00edmetro Gorutuba&#8221;<br \/>\nData: 28\/09 a 02 de outubro de 2015<br \/>\nCidades: Ja\u00edba, Matias Cardoso, distrito do Mocambinho e Nova Porteirinha. (Bruna Garcia)<\/p>\n","protected":false},"excerpt":{"rendered":"<p>Crea-Minas realiza primeira a\u00e7\u00e3o de fiscaliza\u00e7\u00e3o inteiramente no novo modelo de agroneg\u00f3cio nas cidades de Montes Claros, Ja\u00edba, Matias Cardoso, Nova Porteirinha e distrito do Mocambinho. Os projetos de Irriga\u00e7\u00e3o Ja\u00edba e do Per\u00edmetro de Gorutuba, al\u00e9m dos sistemas de irriga\u00e7\u00e3o em Montes Claros, ser\u00e3o os primeiros empreendimentos a serem fiscalizados inteiramente no novo modelo [&hellip;]<\/p>\n","protected":false},"author":4,"featured_media":20646,"comment_status":"open","ping_status":"closed","sticky":false,"template":"","format":"standard","meta":{"amp_status":"","footnotes":""},"categories":[1236],"tags":[60820,60821,1708,9537,60819,1805,60822,60823],"class_list":["post-69611","post","type-post","status-publish","format-standard","has-post-thumbnail","hentry","category-norte_de_minas","tag-empreendimentos-do-agronegocio-serao-fiscalizados-no-norte-de-minas","tag-irrigacao-jaiba","tag-matias-cardoso","tag-mocambinho","tag-montes-claros-jaiba","tag-nova-porteirinha","tag-perimetro-de-gorutuba","tag-projeto-distrito-de-irrigacao-jaiba"],"_links":{"self":[{"href":"https:\/\/aconteceunovale.com.br\/portal\/index.php?rest_route=\/wp\/v2\/posts\/69611","targetHints":{"allow":["GET"]}}],"collection":[{"href":"https:\/\/aconteceunovale.com.br\/portal\/index.php?rest_route=\/wp\/v2\/posts"}],"about":[{"href":"https:\/\/aconteceunovale.com.br\/portal\/index.php?rest_route=\/wp\/v2\/types\/post"}],"author":[{"embeddable":true,"href":"https:\/\/aconteceunovale.com.br\/portal\/index.php?rest_route=\/wp\/v2\/users\/4"}],"replies":[{"embeddable":true,"href":"https:\/\/aconteceunovale.com.br\/portal\/index.php?rest_route=%2Fwp%2Fv2%2Fcomments&post=69611"}],"version-history":[{"count":0,"href":"https:\/\/aconteceunovale.com.br\/portal\/index.php?rest_route=\/wp\/v2\/posts\/69611\/revisions"}],"wp:featuredmedia":[{"embeddable":true,"href":"https:\/\/aconteceunovale.com.br\/portal\/index.php?rest_route=\/wp\/v2\/media\/20646"}],"wp:attachment":[{"href":"https:\/\/aconteceunovale.com.br\/portal\/index.php?rest_route=%2Fwp%2Fv2%2Fmedia&parent=69611"}],"wp:term":[{"taxonomy":"category","embeddable":true,"href":"https:\/\/aconteceunovale.com.br\/portal\/index.php?rest_route=%2Fwp%2Fv2%2Fcategories&post=69611"},{"taxonomy":"post_tag","embeddable":true,"href":"https:\/\/aconteceunovale.com.br\/portal\/index.php?rest_route=%2Fwp%2Fv2%2Ftags&post=69611"}],"curies":[{"name":"wp","href":"https:\/\/api.w.org\/{rel}","templated":true}]}}