{"id":68940,"date":"2015-09-16T19:29:07","date_gmt":"2015-09-16T22:29:07","guid":{"rendered":"http:\/\/aconteceunovale.com.br\/portal\/?p=68940"},"modified":"2015-09-16T19:29:07","modified_gmt":"2015-09-16T22:29:07","slug":"conflito-entre-moradores-de-leliveldia-e-transportadoras-de-madeira-sera-debatido-na-almg","status":"publish","type":"post","link":"https:\/\/aconteceunovale.com.br\/portal\/?p=68940","title":{"rendered":"Conflito entre moradores de Leliv\u00e9ldia e transportadoras de madeira ser\u00e1 debatido na ALMG"},"content":{"rendered":"<p>A Comiss\u00e3o de Transportes da Assembleia Legislativa de Minas Gerais (ALMG) realiza nesta quinta-feira, 17 de setembro, em Belo Horizonte, audi\u00eancia p\u00fablica para debater o impasse entre moradores de Leliv\u00e9ldia, distrito de Berilo, no Vale do Jequitinhonha, e as transportadoras de eucalipto. A reuni\u00e3o ser\u00e1 realizada a partir das 10 da manh\u00e3.<\/p>\n<p>As carretas viajam com cargas desprotegidas, fazendo comboio e destruindo um trecho de estrada de terra de 42 km da LMG-677, entre Ijicatu (Jos\u00e9 Gon\u00e7alves de Minas) e Virgem da Lapa. Em muitos pontos da estrada, toras de madeira caem das cargas, colocando em risco a vida dos demais usu\u00e1rios da via. <\/p>\n<p>Um acidente na manh\u00e3 do dia 10 de setembro matou um motociclista de 25 anos. A colis\u00e3o aconteceu na LMG-677, a um quil\u00f4metro Leliv\u00e9ldia. Revoltados, os moradores bloquearam a estrada com queima de pneus e peda\u00e7os de madeira. Os manifestantes acreditam que o excesso de poeira tenha contribu\u00eddo para o acidente.<\/p>\n<p>Na segunda-feira (14) o deputado estadual intermediou um acordo entre moradores, Pol\u00edcia Militar e a empresa respons\u00e1vel pelo transporte de madeira. Ficou acordado que uma nova reuni\u00e3o seria realizada na ALMG no dia 17 de setembro, \u00e0s 10 horas. Todos os presentes ter\u00e3o direito \u00e0 fala para relatar o problema e apontar poss\u00edveis solu\u00e7\u00f5es.<\/p>\n<p><img decoding=\"async\" src=\"http:\/\/aconteceunovale.com.br\/portal\/wp-content\/uploads\/2015\/09\/leliveldia_protesto_2.jpg\" alt=\"\" \/><em>Moradores impediram a passagem de carretas &#8211; Foto: Reprodu\u00e7\u00e3o<\/em><br \/>\n<\/br><\/p>\n<p><img decoding=\"async\" src=\"http:\/\/aconteceunovale.com.br\/portal\/wp-content\/uploads\/2015\/09\/editada_protesto_leliveldia_5.jpg\" alt=\"\" \/><em>Manifesta\u00e7\u00e3o come\u00e7ou ap\u00f3s acidente com morte &#8211; Foto: Reprodu\u00e7\u00e3o<\/em><\/p>\n","protected":false},"excerpt":{"rendered":"<p>A Comiss\u00e3o de Transportes da Assembleia Legislativa de Minas Gerais (ALMG) realiza nesta quinta-feira, 17 de setembro, em Belo Horizonte, audi\u00eancia p\u00fablica para debater o impasse entre moradores de Leliv\u00e9ldia, distrito de Berilo, no Vale do Jequitinhonha, e as transportadoras de eucalipto. A reuni\u00e3o ser\u00e1 realizada a partir das 10 da manh\u00e3. As carretas viajam [&hellip;]<\/p>\n","protected":false},"author":4,"featured_media":68243,"comment_status":"open","ping_status":"closed","sticky":false,"template":"","format":"standard","meta":{"amp_status":"","footnotes":""},"categories":[120],"tags":[59071,59786,841,59785,59784,59783,13364,21022,59075],"class_list":["post-68940","post","type-post","status-publish","format-standard","has-post-thumbnail","hentry","category-jequi","tag-acidente-em-leliveldia","tag-asfaltamento-em-leliveldia","tag-berilo","tag-bloqueio-de-carretas-em-leliveldia","tag-conflito-entre-moradores-de-leliveldia-e-transportadoras-de-madeira","tag-conflito-entre-moradores-de-leliveldia-e-transportadoras-de-madeira-sera-debatido-na-almg","tag-leliveldia","tag-lmg-677","tag-manifestacao-em-leliveldia"],"_links":{"self":[{"href":"https:\/\/aconteceunovale.com.br\/portal\/index.php?rest_route=\/wp\/v2\/posts\/68940","targetHints":{"allow":["GET"]}}],"collection":[{"href":"https:\/\/aconteceunovale.com.br\/portal\/index.php?rest_route=\/wp\/v2\/posts"}],"about":[{"href":"https:\/\/aconteceunovale.com.br\/portal\/index.php?rest_route=\/wp\/v2\/types\/post"}],"author":[{"embeddable":true,"href":"https:\/\/aconteceunovale.com.br\/portal\/index.php?rest_route=\/wp\/v2\/users\/4"}],"replies":[{"embeddable":true,"href":"https:\/\/aconteceunovale.com.br\/portal\/index.php?rest_route=%2Fwp%2Fv2%2Fcomments&post=68940"}],"version-history":[{"count":0,"href":"https:\/\/aconteceunovale.com.br\/portal\/index.php?rest_route=\/wp\/v2\/posts\/68940\/revisions"}],"wp:featuredmedia":[{"embeddable":true,"href":"https:\/\/aconteceunovale.com.br\/portal\/index.php?rest_route=\/wp\/v2\/media\/68243"}],"wp:attachment":[{"href":"https:\/\/aconteceunovale.com.br\/portal\/index.php?rest_route=%2Fwp%2Fv2%2Fmedia&parent=68940"}],"wp:term":[{"taxonomy":"category","embeddable":true,"href":"https:\/\/aconteceunovale.com.br\/portal\/index.php?rest_route=%2Fwp%2Fv2%2Fcategories&post=68940"},{"taxonomy":"post_tag","embeddable":true,"href":"https:\/\/aconteceunovale.com.br\/portal\/index.php?rest_route=%2Fwp%2Fv2%2Ftags&post=68940"}],"curies":[{"name":"wp","href":"https:\/\/api.w.org\/{rel}","templated":true}]}}