{"id":68928,"date":"2015-09-16T18:20:36","date_gmt":"2015-09-16T21:20:36","guid":{"rendered":"http:\/\/aconteceunovale.com.br\/portal\/?p=68928"},"modified":"2015-09-16T18:59:51","modified_gmt":"2015-09-16T21:59:51","slug":"professor-da-ufvjm-morre-em-acidente-em-diamantina","status":"publish","type":"post","link":"https:\/\/aconteceunovale.com.br\/portal\/?p=68928","title":{"rendered":"Professor da UFVJM morre em acidente em Diamantina"},"content":{"rendered":"<p>Um professor da UFVJM (Universidade Federal dos Vales do Jequitinhonha e Mucuri) morreu em um acidente no in\u00edcio da tarde desta quarta-feira, 16 de setembro, em Diamantina, no Vale do Jequitinhonha. Aldrin Vieira Pires, de 41 anos, trabalhava no Departamento de Zootecnia da Universidade.<\/p>\n<p>O professor transitava em uma motocicleta quando se envolveu em um acidente com caminh\u00e3o de pequeno porte por volta das 13h30. Ap\u00f3s a colis\u00e3o, o ve\u00edculo de carga saiu da pista e colidiu contra o barranco \u00e0s margens da rodovia. <\/p>\n<p>De acordo com informa\u00e7\u00f5es repassadas ao Aconteceu no Vale por integrantes das equipes de resgate, com o impacto do acidente, Aldrin ficou gravemente ferido e foi socorrido para um hospital do munic\u00edpio, mas n\u00e3o resistiu e veio a \u00f3bito ap\u00f3s tentativas de reanima\u00e7\u00e3o.<\/p>\n<p><img decoding=\"async\" src=\"http:\/\/aconteceunovale.com.br\/portal\/wp-content\/uploads\/2015\/09\/acidente_professor_ufvjm_1.jpg\" alt=\"\" \/><em>Caminh\u00e3o envolvido no acidente &#8211; Foto: Reprodu\u00e7\u00e3o<\/em><br \/>\n<\/br><\/p>\n<p><strong>UFVJM decreta luto por tr\u00eas dias<\/strong><\/p>\n<p>A UFVJM divulgou nota no portal institucional decretando luto oficial por tr\u00eas dias e informou o local onde acontecer\u00e1 o vel\u00f3rio. <em>&#8220;A Reitoria da UFVJM decreta luto oficial por tr\u00eas dias, em virtude do falecimento do servidor Aldrin Vieira Pires, professor do Departamento de Zootecnia da Faculdade de Ci\u00eancias Agr\u00e1rias, ocorrido no dia 16 de setembro de 2015. O corpo ser\u00e1 velado no Vel\u00f3rio S\u00e3o Francisco de Assis, na Travessa S\u00e3o Francisco, n.\u00ba 80, no Centro, em Diamantina, a partir das 20h30. A universidade manifesta sentimentos de solidariedade \u00e0 fam\u00edlia do servidor.&#8221;<\/em>, informa a nota.<\/p>\n<p><img decoding=\"async\" src=\"http:\/\/aconteceunovale.com.br\/portal\/wp-content\/uploads\/2015\/09\/acidente_professor_ufvjm_2.jpg\" alt=\"\" \/><em>Aldrin Vieira Pires tinha 41 anos &#8211; Foto: Reprodu\u00e7\u00e3o<\/em><br \/>\n<\/br><\/p>\n<p><img decoding=\"async\" src=\"http:\/\/aconteceunovale.com.br\/portal\/wp-content\/uploads\/2015\/09\/acidente_professor_ufvjm_3.jpg\" alt=\"\" \/><em>Acidente aconteceu na tarde desta quarta-feira &#8211; Foto: Reprodu\u00e7\u00e3o<\/em><br \/>\n<\/br><\/p>\n<p><img decoding=\"async\" src=\"http:\/\/aconteceunovale.com.br\/portal\/wp-content\/uploads\/2015\/09\/acidente_professor_ufvjm_4.jpg\" alt=\"\" \/><em>Acidente aconteceu na tarde desta quarta-feira &#8211; Foto: Reprodu\u00e7\u00e3o<\/em><\/p>\n","protected":false},"excerpt":{"rendered":"<p>Um professor da UFVJM (Universidade Federal dos Vales do Jequitinhonha e Mucuri) morreu em um acidente no in\u00edcio da tarde desta quarta-feira, 16 de setembro, em Diamantina, no Vale do Jequitinhonha. Aldrin Vieira Pires, de 41 anos, trabalhava no Departamento de Zootecnia da Universidade. O professor transitava em uma motocicleta quando se envolveu em um [&hellip;]<\/p>\n","protected":false},"author":4,"featured_media":68929,"comment_status":"open","ping_status":"closed","sticky":false,"template":"","format":"standard","meta":{"amp_status":"","footnotes":""},"categories":[120],"tags":[59780,59774,59769,59772,59779,59773,1018,198,59781,59778,59767,59775,59768,59776,59777,59782,59771,59770,250,59766],"class_list":["post-68928","post","type-post","status-publish","format-standard","has-post-thumbnail","hentry","category-jequi","tag-acidente-com-aldrin-pires","tag-acidente-com-professor-aldrin-vieira-pires","tag-acidente-com-professor-da-ufvjm","tag-acidente-com-professor-da-ufvjm-em-diamantina","tag-aldrin-pires","tag-aldrin-vieira-pires","tag-destaque","tag-diamantina","tag-fotos-do-acidente-com-aldrin-pires","tag-fotos-do-acidente-com-o-professor-aldrin-vieira-pires","tag-luto-oficial-na-ufvjm","tag-morre-o-professor-aldrin-vieira-pires","tag-morte-de-professor-da-ufvjm","tag-morte-do-professor","tag-morte-do-professor-aldrin-vieira-pires","tag-noticia-do-acidente-com-aldrin-pires","tag-professor-da-ufvjm-morre-em-acidente","tag-professor-da-ufvjm-morre-em-acidente-em-diamantina","tag-ufvjm","tag-ufvjm-decreta-luto-por-tres-dias"],"_links":{"self":[{"href":"https:\/\/aconteceunovale.com.br\/portal\/index.php?rest_route=\/wp\/v2\/posts\/68928","targetHints":{"allow":["GET"]}}],"collection":[{"href":"https:\/\/aconteceunovale.com.br\/portal\/index.php?rest_route=\/wp\/v2\/posts"}],"about":[{"href":"https:\/\/aconteceunovale.com.br\/portal\/index.php?rest_route=\/wp\/v2\/types\/post"}],"author":[{"embeddable":true,"href":"https:\/\/aconteceunovale.com.br\/portal\/index.php?rest_route=\/wp\/v2\/users\/4"}],"replies":[{"embeddable":true,"href":"https:\/\/aconteceunovale.com.br\/portal\/index.php?rest_route=%2Fwp%2Fv2%2Fcomments&post=68928"}],"version-history":[{"count":0,"href":"https:\/\/aconteceunovale.com.br\/portal\/index.php?rest_route=\/wp\/v2\/posts\/68928\/revisions"}],"wp:featuredmedia":[{"embeddable":true,"href":"https:\/\/aconteceunovale.com.br\/portal\/index.php?rest_route=\/wp\/v2\/media\/68929"}],"wp:attachment":[{"href":"https:\/\/aconteceunovale.com.br\/portal\/index.php?rest_route=%2Fwp%2Fv2%2Fmedia&parent=68928"}],"wp:term":[{"taxonomy":"category","embeddable":true,"href":"https:\/\/aconteceunovale.com.br\/portal\/index.php?rest_route=%2Fwp%2Fv2%2Fcategories&post=68928"},{"taxonomy":"post_tag","embeddable":true,"href":"https:\/\/aconteceunovale.com.br\/portal\/index.php?rest_route=%2Fwp%2Fv2%2Ftags&post=68928"}],"curies":[{"name":"wp","href":"https:\/\/api.w.org\/{rel}","templated":true}]}}