{"id":68925,"date":"2015-09-16T17:40:43","date_gmt":"2015-09-16T20:40:43","guid":{"rendered":"http:\/\/aconteceunovale.com.br\/portal\/?p=68925"},"modified":"2015-09-16T17:40:43","modified_gmt":"2015-09-16T20:40:43","slug":"vereadores-trocam-socos-durante-reuniao-da-camara-de-jaiba","status":"publish","type":"post","link":"https:\/\/aconteceunovale.com.br\/portal\/?p=68925","title":{"rendered":"Vereadores trocam socos durante reuni\u00e3o da C\u00e2mara de Ja\u00edba"},"content":{"rendered":"<p>A reuni\u00e3o da C\u00e2mara de Ja\u00edba, na regi\u00e3o Norte de Minas, foi suspensa depois que dois vereadores se envolveram em uma confus\u00e3o nesta ter\u00e7a-feira (15\/09). O v\u00eddeo mostra o momento em que Adilson de Freitas David (PRB) e Noelson Costa de Oliveira (PSL) brigam enquanto algumas pessoas tentam separ\u00e1-los. <\/p>\n<p>O presidente da C\u00e2mara Farrique Xavier (PSB) explicou que no momento estavam sendo prestados esclarecimentos para a popula\u00e7\u00e3o sobre investiga\u00e7\u00f5es do Minist\u00e9rio P\u00fablico e da Pol\u00edcia Federal que envolvem os agentes pol\u00edticos do munic\u00edpio.<\/p>\n<p>O vereador Adilson de Freitas disse ao G1 que a confus\u00e3o ocorreu depois que uma professora leu um documento, que falava do envolvimento de parlamentares com gastos indevidos de di\u00e1rias.<\/p>\n<p>\u201cFui para tribuna e parabenizei a iniciativa e a coragem dela em tocar no assunto, em seguida o vereador Noelson tomou a palavra e come\u00e7ou a me agredir com palavras, sendo que na minha fala eu n\u00e3o tinha dito nomes. Me levantei da cadeira e pedi que o presidente colocasse ordem na sess\u00e3o, foi quando ele [Noelson] pulou em cima de mim e me deu murros e socos\u201d, explica Freitas.<\/p>\n<p>O vereador registrou boletim de ocorr\u00eancia, fez exame de corpo de delito e vai prestar depoimento na Pol\u00edcia Civil. Afirmou tamb\u00e9m que vai acionar a Justi\u00e7a, e que sente dores nos bra\u00e7os, cabe\u00e7a e costas.<\/p>\n<p>J\u00e1 Noelson Costa conta outra vers\u00e3o. \u201cEle teve o momento de falar antes de mim, me agrediu com palavras e j\u00e1 no meu direito de resposta, quando comecei a falar, ele levantou da cadeira, foi at\u00e9 mim e me agrediu com socos\u201d.<\/p>\n<p>O parlamentar registrou boletim de ocorr\u00eancia, fez corpo de delito e vai prestar depoimento na Pol\u00edcia Civil. Ele destaca tamb\u00e9m que vai acionar a Justi\u00e7a, e que teve ferimentos no maxilar e no rosto.<\/p>\n<p>O presidente da C\u00e2mara lamentou o epis\u00f3dio e destacou que \u201co local tem a fun\u00e7\u00e3o de ser um espa\u00e7o de di\u00e1logo, de debate de ideias e de projetos em benef\u00edcio da popula\u00e7\u00e3o\u201d. <\/p>\n<p>Ele tamb\u00e9m explicou como a confus\u00e3o come\u00e7ou. \u201cO vereador Noelson fazia o uso legal da palavra quando foi interrompido pelo vereador Adilson, que j\u00e1 havia falado, e se levantou partindo para a agress\u00e3o\u201d, esclarece Farrique Xavier.<\/p>\n<p>Segundo a assessoria jur\u00eddica da C\u00e2mara, o projeto e os requerimentos que estavam em pauta j\u00e1 haviam sido votados quando a confus\u00e3o ocorreu. A Comiss\u00e3o de \u00c9tica deve se reunir para decidir quais provid\u00eancias ser\u00e3o tomadas.<\/p>\n<p><iframe loading=\"lazy\" width=\"640\" height=\"360\" src=\"https:\/\/www.youtube.com\/embed\/3QZOAZlEUAo\" frameborder=\"0\" allowfullscreen><\/iframe><\/p>\n<p><em>(Fonte: Inter TV Grande Minas \/ G1)<\/em><\/p>\n","protected":false},"excerpt":{"rendered":"<p>A reuni\u00e3o da C\u00e2mara de Ja\u00edba, na regi\u00e3o Norte de Minas, foi suspensa depois que dois vereadores se envolveram em uma confus\u00e3o nesta ter\u00e7a-feira (15\/09). O v\u00eddeo mostra o momento em que Adilson de Freitas David (PRB) e Noelson Costa de Oliveira (PSL) brigam enquanto algumas pessoas tentam separ\u00e1-los. O presidente da C\u00e2mara Farrique Xavier [&hellip;]<\/p>\n","protected":false},"author":4,"featured_media":68926,"comment_status":"open","ping_status":"closed","sticky":false,"template":"","format":"standard","meta":{"amp_status":"","footnotes":""},"categories":[1236],"tags":[59759,59757,59755,1018,59761,59760,59763,59765,59756,59758,59764,59762],"class_list":["post-68925","post","type-post","status-publish","format-standard","has-post-thumbnail","hentry","category-norte_de_minas","tag-adilson-de-freitas-david","tag-briga-na-camara-de-jaiba","tag-camara-de-jaiba","tag-destaque","tag-farrique-xavier","tag-noelson-costa-de-oliveira","tag-reuniao-na-camara-de-jaiba-termina-em-pancadaria-entre-dois-vereadores","tag-tela-vereador","tag-vereadores-brigam-na-camara-de-jaiba","tag-vereadores-brigando-na-camara-de-jaiba","tag-vereadores-trocam-socos-durante-reuniao-da-camara-de-jaiba","tag-vereadores-trocam-socos-durante-reuniao-da-camara-municipal-de-jaiba"],"_links":{"self":[{"href":"https:\/\/aconteceunovale.com.br\/portal\/index.php?rest_route=\/wp\/v2\/posts\/68925","targetHints":{"allow":["GET"]}}],"collection":[{"href":"https:\/\/aconteceunovale.com.br\/portal\/index.php?rest_route=\/wp\/v2\/posts"}],"about":[{"href":"https:\/\/aconteceunovale.com.br\/portal\/index.php?rest_route=\/wp\/v2\/types\/post"}],"author":[{"embeddable":true,"href":"https:\/\/aconteceunovale.com.br\/portal\/index.php?rest_route=\/wp\/v2\/users\/4"}],"replies":[{"embeddable":true,"href":"https:\/\/aconteceunovale.com.br\/portal\/index.php?rest_route=%2Fwp%2Fv2%2Fcomments&post=68925"}],"version-history":[{"count":0,"href":"https:\/\/aconteceunovale.com.br\/portal\/index.php?rest_route=\/wp\/v2\/posts\/68925\/revisions"}],"wp:featuredmedia":[{"embeddable":true,"href":"https:\/\/aconteceunovale.com.br\/portal\/index.php?rest_route=\/wp\/v2\/media\/68926"}],"wp:attachment":[{"href":"https:\/\/aconteceunovale.com.br\/portal\/index.php?rest_route=%2Fwp%2Fv2%2Fmedia&parent=68925"}],"wp:term":[{"taxonomy":"category","embeddable":true,"href":"https:\/\/aconteceunovale.com.br\/portal\/index.php?rest_route=%2Fwp%2Fv2%2Fcategories&post=68925"},{"taxonomy":"post_tag","embeddable":true,"href":"https:\/\/aconteceunovale.com.br\/portal\/index.php?rest_route=%2Fwp%2Fv2%2Ftags&post=68925"}],"curies":[{"name":"wp","href":"https:\/\/api.w.org\/{rel}","templated":true}]}}