{"id":68920,"date":"2015-09-16T17:14:56","date_gmt":"2015-09-16T20:14:56","guid":{"rendered":"http:\/\/aconteceunovale.com.br\/portal\/?p=68920"},"modified":"2015-09-16T17:15:16","modified_gmt":"2015-09-16T20:15:16","slug":"carro-derruba-poste-de-energia-eletrica-e-provoca-incendio-em-montes-claros","status":"publish","type":"post","link":"https:\/\/aconteceunovale.com.br\/portal\/?p=68920","title":{"rendered":"Ve\u00edculo derruba poste de energia el\u00e9trica e provoca inc\u00eandio em Montes Claros"},"content":{"rendered":"<p>Um acidente de carro na tarde desta quarta-feira (16\/09) provocou um inc\u00eandio no terreno de uma empresa na Avenida Sidney Chaves, em Montes Claros, na regi\u00e3o Norte de Minas Gerais. O motorista, de 25 anos, relatou aos socorristas do Samu que ao fazer uma curva perdeu o controle da dire\u00e7\u00e3o e acabou capotando o ve\u00edculo, quando evitava cair no Rio Vieiras.<\/p>\n<p>Desgovernado, o ve\u00edculo atingiu um poste de ilumina\u00e7\u00e3o e a fia\u00e7\u00e3o derrubou outro poste. O contato dos fios com a vegeta\u00e7\u00e3o deu in\u00edcio ao inc\u00eandio. A vegeta\u00e7\u00e3o seca e o vento forte fizeram com que as chamas se propagassem rapidamente, mas equipes de brigadistas e do Corpo de Bombeiros conseguiram conter o fogo.<\/p>\n<p>De acordo com o Samu, o condutor queixava de dores, e por isso foi encaminhado ao hospital Santa Casa. A v\u00edtima informou tamb\u00e9m que no carro estava uma passageira, que saiu sem sofrer ferimentos.<\/p>\n<p><img decoding=\"async\" src=\"http:\/\/aconteceunovale.com.br\/portal\/wp-content\/uploads\/2015\/09\/acidente_moc_poste_1.jpg\" alt=\"\" \/><em>Condutor perdeu o controle ao fazer uma curva (Foto: Thiago Fran\u00e7a \/ G1)<\/em><br \/>\n<\/br><\/p>\n<p><img decoding=\"async\" src=\"http:\/\/aconteceunovale.com.br\/portal\/wp-content\/uploads\/2015\/09\/acidente_moc_poste_2.jpg\" alt=\"\" \/><em>Condutor perdeu o controle ao fazer uma curva (Foto: P\u00e1gina Eventos Moc)<\/em><br \/>\n<\/br><\/p>\n<p><em>(Fonte: Inter TV Grande Minas \/ G1)<\/em><\/p>\n","protected":false},"excerpt":{"rendered":"<p>Um acidente de carro na tarde desta quarta-feira (16\/09) provocou um inc\u00eandio no terreno de uma empresa na Avenida Sidney Chaves, em Montes Claros, na regi\u00e3o Norte de Minas Gerais. O motorista, de 25 anos, relatou aos socorristas do Samu que ao fazer uma curva perdeu o controle da dire\u00e7\u00e3o e acabou capotando o ve\u00edculo, [&hellip;]<\/p>\n","protected":false},"author":4,"featured_media":68921,"comment_status":"open","ping_status":"closed","sticky":false,"template":"","format":"standard","meta":{"amp_status":"","footnotes":""},"categories":[1236],"tags":[59752,16673,12530,59749,59753,59750,210,59751,59754],"class_list":["post-68920","post","type-post","status-publish","format-standard","has-post-thumbnail","hentry","category-norte_de_minas","tag-acidente-com-pedro-henrique-soares-pinheiro-rocha","tag-acidente-em-montes-claros","tag-acidente-na-avenida-sidney-chaves-em-montes-claros","tag-carro-derruba-dois-postes-de-energia-eletrica-e-provoca-incendio-em-montes-claros","tag-carro-derruba-poste-de-energia-eletrica-e-provoca-incendio-em-montes-claros","tag-carro-derruba-postes-em-montes-claros","tag-montes-claros","tag-pedro-henrique-soares-pinheiro-rocha","tag-veiculo-derruba-poste-de-energia-eletrica-e-provoca-incendio-em-montes-claros"],"_links":{"self":[{"href":"https:\/\/aconteceunovale.com.br\/portal\/index.php?rest_route=\/wp\/v2\/posts\/68920","targetHints":{"allow":["GET"]}}],"collection":[{"href":"https:\/\/aconteceunovale.com.br\/portal\/index.php?rest_route=\/wp\/v2\/posts"}],"about":[{"href":"https:\/\/aconteceunovale.com.br\/portal\/index.php?rest_route=\/wp\/v2\/types\/post"}],"author":[{"embeddable":true,"href":"https:\/\/aconteceunovale.com.br\/portal\/index.php?rest_route=\/wp\/v2\/users\/4"}],"replies":[{"embeddable":true,"href":"https:\/\/aconteceunovale.com.br\/portal\/index.php?rest_route=%2Fwp%2Fv2%2Fcomments&post=68920"}],"version-history":[{"count":0,"href":"https:\/\/aconteceunovale.com.br\/portal\/index.php?rest_route=\/wp\/v2\/posts\/68920\/revisions"}],"wp:featuredmedia":[{"embeddable":true,"href":"https:\/\/aconteceunovale.com.br\/portal\/index.php?rest_route=\/wp\/v2\/media\/68921"}],"wp:attachment":[{"href":"https:\/\/aconteceunovale.com.br\/portal\/index.php?rest_route=%2Fwp%2Fv2%2Fmedia&parent=68920"}],"wp:term":[{"taxonomy":"category","embeddable":true,"href":"https:\/\/aconteceunovale.com.br\/portal\/index.php?rest_route=%2Fwp%2Fv2%2Fcategories&post=68920"},{"taxonomy":"post_tag","embeddable":true,"href":"https:\/\/aconteceunovale.com.br\/portal\/index.php?rest_route=%2Fwp%2Fv2%2Ftags&post=68920"}],"curies":[{"name":"wp","href":"https:\/\/api.w.org\/{rel}","templated":true}]}}