{"id":68917,"date":"2015-09-16T17:06:39","date_gmt":"2015-09-16T20:06:39","guid":{"rendered":"http:\/\/aconteceunovale.com.br\/portal\/?p=68917"},"modified":"2015-09-16T17:06:39","modified_gmt":"2015-09-16T20:06:39","slug":"dois-homens-suspeitos-de-assassinato-sao-presos-em-governador-valadares","status":"publish","type":"post","link":"https:\/\/aconteceunovale.com.br\/portal\/?p=68917","title":{"rendered":"Dois homens suspeitos de assassinato s\u00e3o presos em Governador Valadares"},"content":{"rendered":"<p>A Pol\u00edcia Militar (PM) prendeu nessa ter\u00e7a-feira (15\/09) dois homens, de 28 e 35 anos, suspeitos de terem assassinado um morador de rua no Centro de  Governador Valadares, no Vale do Rio Doce. Os suspeitos teriam se envolvido em uma discuss\u00e3o com a v\u00edtima horas antes do crime, pr\u00f3ximo a rodovi\u00e1ria da cidade.<\/p>\n<p>A PM informou que os suspeitos foram encontrados pr\u00f3ximo \u00e0 pra\u00e7a do shopping de Valadares. Toda a a\u00e7\u00e3o do crime foi registrada pelo Sistema \u201cOlho Vivo\u201d. Segundo a pol\u00edcia, as imagens mostram que os dois homens foram ao local onde o homem dormia, e o jovem de 28 anos teria esfaqueado a v\u00edtima.<\/p>\n<p>Segundo a pol\u00edcia, o homem de 35 anos disse que no domingo (13\/09), a v\u00edtima teria amea\u00e7ado o jovem de morte, e que dias antes, teria agredido meninas que seriam do conv\u00edvio dele. O homem confessou que estava presente no momento em que o jovem atacou a v\u00edtima e que estaria l\u00e1 a pedido do morador de rua, que estava com medo de ser atacado pelo rapaz. A arma utilizada no crime seria uma faca peixeira, que os militares encontraram envolvida em folhas de jornal, suja de sangue, na Rua Caio Martins, pr\u00f3xima ao mercado municipal da cidade. Os dois homens foram presos e encaminhados \u00e0 delegacia de Valadares juntamente com a arma apreendida.<\/p>\n<p>Ap\u00f3s exames feitos pelo Instituto M\u00e9dico Legal, a pol\u00edcia descobriu que o homem assassinado tinha 33 anos e era natural de Coronel Fabriciano, no Vale do A\u00e7o.<\/p>\n<p><strong>Entenda o caso<\/strong><\/p>\n<p>Na manh\u00e3 desta ter\u00e7a-feira (15\/09) a pol\u00edcia encontrou o corpo de um morador de rua na carroceria de uma caminhonete, pr\u00f3ximo ao mercado municipal de Valadares. Segundo a pol\u00edcia, o homem era conhecido do dono da caminhonete e tinha o h\u00e1bito de dormir l\u00e1.<\/p>\n<p>A pol\u00edcia ainda informou que a v\u00edtima estava na cidade h\u00e1 cerca de tr\u00eas meses, vinda de Belo Horizonte (MG). O homem tinha uma perfura\u00e7\u00e3o no t\u00f3rax, pr\u00f3ximo ao cora\u00e7\u00e3o.<\/p>\n<p><em>(Fonte: Inter TV dos Vales \/ G1)<\/em><\/p>\n","protected":false},"excerpt":{"rendered":"<p>A Pol\u00edcia Militar (PM) prendeu nessa ter\u00e7a-feira (15\/09) dois homens, de 28 e 35 anos, suspeitos de terem assassinado um morador de rua no Centro de Governador Valadares, no Vale do Rio Doce. Os suspeitos teriam se envolvido em uma discuss\u00e3o com a v\u00edtima horas antes do crime, pr\u00f3ximo a rodovi\u00e1ria da cidade. A PM [&hellip;]<\/p>\n","protected":false},"author":4,"featured_media":68918,"comment_status":"open","ping_status":"closed","sticky":false,"template":"","format":"standard","meta":{"amp_status":"","footnotes":""},"categories":[121],"tags":[44655,8179,194,1524,59747,247,21862,822,59748,43038,44656],"class_list":["post-68917","post","type-post","status-publish","format-standard","has-post-thumbnail","hentry","category-leste","tag-assassinado-em-governador-valadares","tag-assassinato-em-governador-valadares","tag-belo-horizonte","tag-coronel-fabriciano","tag-dois-homens-suspeitos-de-assassinato-sao-presos-em-governador-valadares","tag-governador-valadares","tag-homicidio-governador-valadares","tag-homicidio-no-mercado-municipal","tag-morte-de-morador-de-rua-em-governador-valadares","tag-morto-em-governador-valadares","tag-violencia-em-governador-valadares"],"_links":{"self":[{"href":"https:\/\/aconteceunovale.com.br\/portal\/index.php?rest_route=\/wp\/v2\/posts\/68917","targetHints":{"allow":["GET"]}}],"collection":[{"href":"https:\/\/aconteceunovale.com.br\/portal\/index.php?rest_route=\/wp\/v2\/posts"}],"about":[{"href":"https:\/\/aconteceunovale.com.br\/portal\/index.php?rest_route=\/wp\/v2\/types\/post"}],"author":[{"embeddable":true,"href":"https:\/\/aconteceunovale.com.br\/portal\/index.php?rest_route=\/wp\/v2\/users\/4"}],"replies":[{"embeddable":true,"href":"https:\/\/aconteceunovale.com.br\/portal\/index.php?rest_route=%2Fwp%2Fv2%2Fcomments&post=68917"}],"version-history":[{"count":0,"href":"https:\/\/aconteceunovale.com.br\/portal\/index.php?rest_route=\/wp\/v2\/posts\/68917\/revisions"}],"wp:featuredmedia":[{"embeddable":true,"href":"https:\/\/aconteceunovale.com.br\/portal\/index.php?rest_route=\/wp\/v2\/media\/68918"}],"wp:attachment":[{"href":"https:\/\/aconteceunovale.com.br\/portal\/index.php?rest_route=%2Fwp%2Fv2%2Fmedia&parent=68917"}],"wp:term":[{"taxonomy":"category","embeddable":true,"href":"https:\/\/aconteceunovale.com.br\/portal\/index.php?rest_route=%2Fwp%2Fv2%2Fcategories&post=68917"},{"taxonomy":"post_tag","embeddable":true,"href":"https:\/\/aconteceunovale.com.br\/portal\/index.php?rest_route=%2Fwp%2Fv2%2Ftags&post=68917"}],"curies":[{"name":"wp","href":"https:\/\/api.w.org\/{rel}","templated":true}]}}