{"id":68913,"date":"2015-09-16T16:32:48","date_gmt":"2015-09-16T19:32:48","guid":{"rendered":"http:\/\/aconteceunovale.com.br\/portal\/?p=68913"},"modified":"2015-09-16T16:32:48","modified_gmt":"2015-09-16T19:32:48","slug":"mutirao-direito-a-ter-pai-acontece-em-35-municipios-mineiros","status":"publish","type":"post","link":"https:\/\/aconteceunovale.com.br\/portal\/?p=68913","title":{"rendered":"\u201cMutir\u00e3o Direito a Ter Pai\u201d acontece em 35 munic\u00edpios mineiros"},"content":{"rendered":"<p>Come\u00e7a nesta quinta-feira (17\/9) e vai at\u00e9 o dia 16 de outubro o cadastramento para o \u201cMutir\u00e3o Direito a Ter Pai\u201d. A a\u00e7\u00e3o \u00e9 promovida pela\u00a0Defensoria P\u00fablica do Estado de Minas Gerais\u00a0e tem o objetivo de garantir \u00e0 crian\u00e7a, ao adolescente e, eventualmente, ao adulto, o direito a ter o nome do pai em seu registro de nascimento.<\/p>\n<p>O mutir\u00e3o ser\u00e1 realizado no dia 29 de outubro, simultaneamente, na capital e em mais 34 munic\u00edpios do interior do estado.<\/p>\n<p>Ser\u00e3o realizados gratuitamente exames de DNA, com coleta feita por profissionais de sa\u00fade, e reconhecimento extrajudicial de paternidade, com lavratura de certid\u00e3o de nascimento imediata. Para isso, ser\u00e3o instalados, no local,\u00a0 laborat\u00f3rios e cart\u00f3rio de registro.<\/p>\n<p>Segundo a defensora p\u00fablica geral, Christiane Proc\u00f3pio, al\u00e9m de oferecer uma solu\u00e7\u00e3o r\u00e1pida para o reconhecimento de paternidade, o mutir\u00e3o permite a\u00a0 reconstru\u00e7\u00e3o do v\u00ednculo afetivo entre pais e filhos,\u00a0 \u201cagente fundamental de transforma\u00e7\u00e3o social\u201d.<\/p>\n<p><strong>Direito fundamental<\/strong><\/p>\n<p>Ter o nome do pai na certid\u00e3o de nascimento \u00e9 um direito fundamental da crian\u00e7a garantido na Constitui\u00e7\u00e3o e no Estatuto da Crian\u00e7a e do Adolescente. Al\u00e9m do valor afetivo, o registro paterno assegura direitos como recebimento de pens\u00e3o aliment\u00edcia e de heran\u00e7a.<\/p>\n<p>De acordo com dados do Censo Escolar 2012, cerca de 5,5 milh\u00f5es de brasileiros em idade escolar n\u00e3o t\u00eam o nome do pai na certid\u00e3o.<\/p>\n<p>Desde que foi implantado, em 2011, o \u201cMutir\u00e3o Direito a Ter Pai\u201d tem facilitado o reconhecimento de paternidade em Minas Gerais. O programa j\u00e1 atendeu 19.807 pessoas em todo o estado.<\/p>\n<p>Nas quatro edi\u00e7\u00f5es anteriores, foram feitas 3.453 coletas de material gen\u00e9tico para exames de DNA e realizados 970 reconhecimentos espont\u00e2neos de paternidade, sem necessidade de advogado e sem custos para o pai ou a m\u00e3e.<\/p>\n<p><img decoding=\"async\" src=\"http:\/\/aconteceunovale.com.br\/portal\/wp-content\/uploads\/2015\/09\/defensoria-publica-abre-o-mutirao-direito-a-ter-pai-em-bh-e-mais-34-municipios.jpg\" alt=\"\" \/><em>Mutir\u00e3o vai realizar exames de DNA gratuitamente &#8211; Foto: Divulga\u00e7\u00e3o \/ Defensoria P\u00fablica de MG<\/em><br \/>\n<\/br><\/p>\n<p><strong>Cadastro pr\u00e9vio<\/strong><\/p>\n<p>Para participar, a m\u00e3e da crian\u00e7a, ou a pessoa maior de 18 anos em busca do reconhecimento de sua paternidade, deve\u00a0 fazer o cadastro pr\u00e9vio nas unidades da Defensoria P\u00fablica, no per\u00edodo\u00a0<strong>de<\/strong><strong>17 de setembro at\u00e9 o dia 16 de outubro<\/strong>, de segunda a sexta-feira, das 12 \u00e0s 17 horas.<\/p>\n<p>Os endere\u00e7os das unidades est\u00e3o dispon\u00edveis no site da Defensoria P\u00fablica:\u00a0\u00a0<a href=\"http:\/\/www.defensoria.mg.gov.br\/\">www.defensoria.mg.gov.br<\/a><\/p>\n<p>Os documentos b\u00e1sicos para o cadastro s\u00e3o certid\u00e3o de nascimento do menor, CPF do menor, RG, CPF e endere\u00e7o completo da m\u00e3e e nome e endere\u00e7o completo do suposto pai. Nos casos de reconhecimento volunt\u00e1rio tamb\u00e9m \u00e9 necess\u00e1ria a apresenta\u00e7\u00e3o de RG, CPF e endere\u00e7o completo do pai.<\/p>\n<p>O pai ser\u00e1 notificado a comparecer \u00e0 Defensoria P\u00fablica no dia do mutir\u00e3o para reconhecer espontaneamente o filho, ou fazer o exame de DNA, caso seja necess\u00e1rio.<\/p>\n<p>Se n\u00e3o for poss\u00edvel o reconhecimento volunt\u00e1rio de paternidade, ou a realiza\u00e7\u00e3o do exame de DNA, ser\u00e1 proposta a\u00e7\u00e3o de investiga\u00e7\u00e3o de paternidade contra o suposto pai, podendo conter tamb\u00e9m o pedido de pens\u00e3o aliment\u00edcia.<\/p>\n<p><strong>Parcerias<\/strong><\/p>\n<p>A a\u00e7\u00e3o conta com apoio do Tribunal de Justi\u00e7a de Minas Gerais (TJMG), da Secretaria Estadual de Sa\u00fade, da Associa\u00e7\u00e3o dos Defensores P\u00fablicos de Minas Gerais (Adep-MG) e do Sindicato dos Corretores de Seguros de Minas Geriais (Sincor-MG), al\u00e9m dos parceiros locais nos munic\u00edpios onde o mutir\u00e3o ser\u00e1 realizado.<\/p>\n<p><strong>Cidades participantes<\/strong><\/p>\n<p>O \u201cMutir\u00e3o Direito a Ter Pai\u201d ser\u00e1 realizado nos seguintes munic\u00edpios: Al\u00e9m Para\u00edba, Araguari, Baependi, Barbacena, Belo Horizonte, Betim, Campanha, C\u00e1ssia, Cataguases, Conselheiro Lafaiete, Divin\u00f3polis, Governador Valadares, Ipatinga, Ituiutaba, Iturama, Jaboticatubas, Juiz de Fora, Montes Claros, Muria\u00e9, Nova Lima, Passos, Patos de Minas, Pedro Leopoldo, Pitangui, Po\u00e7os de Caldas, Ponte Nova, Pouso Alegre, Sabar\u00e1, S\u00e3o Louren\u00e7o, Sete Lagoas, Te\u00f3filo Otoni, Uberaba, Uberl\u00e2ndia, Vi\u00e7osa e Varginha.<\/p>\n<p><strong>Servi\u00e7o: Mutir\u00e3o \u201cDireito a Ter Pai\u201d<\/strong><\/p>\n<p><strong>Data:<\/strong>29 de outubro, das 8 \u00e0s 17h<\/p>\n<p><strong>Per\u00edodo de cadastramento:<\/strong>de 17 de setembro a 16 de outubro, de segunda a sexta-feira, das 12 \u00e0s 17h<\/p>\n<p><strong>Ser\u00e3o feitos gratuitamente: r<\/strong>econhecimento de paternidade espont\u00e2neo e exame de DNA<\/p>\n<p><strong>Locais de cadastramento e do mutir\u00e3o<\/strong>: informa\u00e7\u00f5es no endere\u00e7o eletr\u00f4nico \u00a0\u00a0\u00a0<a href=\"http:\/\/www.defensoria.mg.gov.br\/\">www.defensoria.mg.gov.br<\/a>\u00a0ou pelo telefone (31) 2522-8789<\/p>\n","protected":false},"excerpt":{"rendered":"<p>Come\u00e7a nesta quinta-feira (17\/9) e vai at\u00e9 o dia 16 de outubro o cadastramento para o \u201cMutir\u00e3o Direito a Ter Pai\u201d. A a\u00e7\u00e3o \u00e9 promovida pela\u00a0Defensoria P\u00fablica do Estado de Minas Gerais\u00a0e tem o objetivo de garantir \u00e0 crian\u00e7a, ao adolescente e, eventualmente, ao adulto, o direito a ter o nome do pai em seu [&hellip;]<\/p>\n","protected":false},"author":4,"featured_media":68915,"comment_status":"open","ping_status":"closed","sticky":false,"template":"","format":"standard","meta":{"amp_status":"","footnotes":""},"categories":[123],"tags":[3677,1490,12265,193,194,1495,15623,3688,1503,1528,199,247,201,203,1555,2600,206,210,1502,59746,59745,1496,213,214,3065,20686,215,217,216,1779,1540,1532,164,220,221,223,18771],"class_list":["post-68913","post","type-post","status-publish","format-standard","has-post-thumbnail","hentry","category-gerais","tag-alem-paraiba","tag-araguari","tag-baependi","tag-barbacena","tag-belo-horizonte","tag-betim","tag-campanha","tag-cassia","tag-cataguases","tag-conselheiro-lafaiete","tag-divinopolis","tag-governador-valadares","tag-ipatinga","tag-ituiutaba","tag-iturama","tag-jaboticatubas","tag-juiz-de-fora","tag-montes-claros","tag-muriae","tag-mutirao-direito-a-ter-pai","tag-mutirao-direito-a-ter-pai-acontece-em-35-municipios-mineiros","tag-nova-lima","tag-passos","tag-patos-de-minas","tag-pedro-leopoldo","tag-pitangui","tag-pocos-de-caldas","tag-ponte-nova","tag-pouso-alegre","tag-sabara","tag-sao-lourenco","tag-sete-lagoas","tag-teofilo-otoni","tag-uberaba","tag-uberlandia","tag-varginha","tag-vicosa"],"_links":{"self":[{"href":"https:\/\/aconteceunovale.com.br\/portal\/index.php?rest_route=\/wp\/v2\/posts\/68913","targetHints":{"allow":["GET"]}}],"collection":[{"href":"https:\/\/aconteceunovale.com.br\/portal\/index.php?rest_route=\/wp\/v2\/posts"}],"about":[{"href":"https:\/\/aconteceunovale.com.br\/portal\/index.php?rest_route=\/wp\/v2\/types\/post"}],"author":[{"embeddable":true,"href":"https:\/\/aconteceunovale.com.br\/portal\/index.php?rest_route=\/wp\/v2\/users\/4"}],"replies":[{"embeddable":true,"href":"https:\/\/aconteceunovale.com.br\/portal\/index.php?rest_route=%2Fwp%2Fv2%2Fcomments&post=68913"}],"version-history":[{"count":0,"href":"https:\/\/aconteceunovale.com.br\/portal\/index.php?rest_route=\/wp\/v2\/posts\/68913\/revisions"}],"wp:featuredmedia":[{"embeddable":true,"href":"https:\/\/aconteceunovale.com.br\/portal\/index.php?rest_route=\/wp\/v2\/media\/68915"}],"wp:attachment":[{"href":"https:\/\/aconteceunovale.com.br\/portal\/index.php?rest_route=%2Fwp%2Fv2%2Fmedia&parent=68913"}],"wp:term":[{"taxonomy":"category","embeddable":true,"href":"https:\/\/aconteceunovale.com.br\/portal\/index.php?rest_route=%2Fwp%2Fv2%2Fcategories&post=68913"},{"taxonomy":"post_tag","embeddable":true,"href":"https:\/\/aconteceunovale.com.br\/portal\/index.php?rest_route=%2Fwp%2Fv2%2Ftags&post=68913"}],"curies":[{"name":"wp","href":"https:\/\/api.w.org\/{rel}","templated":true}]}}