{"id":68907,"date":"2015-09-16T16:25:45","date_gmt":"2015-09-16T19:25:45","guid":{"rendered":"http:\/\/aconteceunovale.com.br\/portal\/?p=68907"},"modified":"2015-09-16T16:25:45","modified_gmt":"2015-09-16T19:25:45","slug":"governo-de-minas-inicia-reformas-em-197-escolas-estaduais-e-retoma-13-obras-paralisadas","status":"publish","type":"post","link":"https:\/\/aconteceunovale.com.br\/portal\/?p=68907","title":{"rendered":"Governo de Minas inicia reformas em 197 escolas estaduais e retoma 13 obras paralisadas"},"content":{"rendered":"<p>Escola mal cuidada, educa\u00e7\u00e3o comprometida. Pensando em reverter essa equa\u00e7\u00e3o, o Governo de Minas Gerais deu in\u00edcio a um investimento em reformas nas escolas estaduais. S\u00f3 neste ano, a Secretaria de Estado de Educa\u00e7\u00e3o (SEE) liberou cerca de R$ 41 milh\u00f5es para obras em 197 escolas de 149 munic\u00edpios, em 15 dos 17 territ\u00f3rios de desenvolvimento.<\/p>\n<p>Al\u00e9m disso, o Governo retomou obras em outras 13 escolas estaduais, paralisadas pela gest\u00e3o anterior em sete territ\u00f3rios de desenvolvimento. Ao iniciar a gest\u00e3o, o Governo diagnosticou que 74% das unidades escolares n\u00e3o estavam em boas condi\u00e7\u00f5es. Algumas das constru\u00e7\u00f5es estavam h\u00e1 muito tempo sem reparos. <\/p>\n<p>Na Escola Estadual Oswaldo Lucas Mendes, em Taiobeiras, Regi\u00e3o Norte de Minas Gerais, a situa\u00e7\u00e3o estava cr\u00edtica. A queda do muro por causa das chuvas, em 2013, deixou a escola sem prote\u00e7\u00e3o por mais de dois anos.<\/p>\n<p>Nem os tapumes improvisados impediram os quase dez furtos ao n\u00facleo de inform\u00e1tica, que quase acabou por falta de equipamentos. O longo tempo sem adequa\u00e7\u00e3o no sistema el\u00e9trico tamb\u00e9m colocava em risco a seguran\u00e7a e provocava a queima frequente de l\u00e2mpadas.<\/p>\n<p>\u201cForam nove anos de luta e espera. Por causa da falta de estrutura, hav\u00edamos perdido o controle da escola, trabalh\u00e1vamos com medo e v\u00edamos alunos e professores desmotivados. O come\u00e7o das obras nos devolveu a autoestima. Sentimos que estamos cuidados e assim cuidamos melhor. Meu facebook \u00e9 cheio de elogios\u201d relata a diretora, M\u00f4nica Alves Costa.<\/p>\n<p>Para a aluna Winny Moreira, est\u00e1 mais f\u00e1cil estudar \u201cAs salas est\u00e3o mais claras porque as paredes foram pintadas e as janelas substitu\u00eddas. Sou do colegiado e tamb\u00e9m batalhei pela libera\u00e7\u00e3o do dinheiro.\u201d comemora.<\/p>\n<p><img decoding=\"async\" src=\"http:\/\/aconteceunovale.com.br\/portal\/wp-content\/uploads\/2015\/09\/escolas_reforma_1.jpg\" alt=\"\" \/><br \/>\n<\/br><\/p>\n<p>Consertar o telhado \u00e9 a prioridade da Escola Estadual Vin\u00edcius Meyer, em Pouso Alegre, Sul de Minas Gerais. Segundo a diretora Vivian Garcia, o problema das goteiras \u00e9 antigo. Quando chovia forte, as salas ficavam molhadas e, \u00e0s vezes, as aulas suspensas.<\/p>\n<p>\u201cQuando estudei aqui o problema j\u00e1 existia. Piorou quando minha filha e genro eram estudantes. Agora, como diretora, tenho o prazer de ver o problema ser resolvido. E, com certeza, meu netinho vai estudar aqui\u201d, refor\u00e7a, V\u00edvian.<\/p>\n<p>Paula Bontempo, 34 anos, tem dois filhos na escola e est\u00e1 satisfeita com a conquista da comunidade. E faz planos. \u201cA reforma me animou e ano que vem vou concluir meus estudos. E volto para a sala de aula, com tudo novinho!\u201d.<\/p>\n<p>Na Regi\u00e3o Metropolitana de Belo Horizonte (RMBH), os problemas tamb\u00e9m come\u00e7aram a ser resolvidos.  A Escola Estadual Henrique Sapori, em Ribeir\u00e3o das Neves, \u00e9 um exemplo. A cantina fora das normas da Vigil\u00e2ncia Sanit\u00e1ria e a falta do refeit\u00f3rio causavam desconforto.<\/p>\n<p>\u201cS\u00f3 t\u00ednhamos umas mesinhas do lado de fora. A quantidade era insuficiente e o que se via eram as crian\u00e7as de 6 e 7 anos comendo em p\u00e9, com prato na m\u00e3o. Agora, vamos ter um espa\u00e7o pr\u00f3prio para a alimenta\u00e7\u00e3o dos estudantes, al\u00e9m das outras benfeitorias\u201d, desabafa a diretora Marta Nascimento.<\/p>\n<p><img decoding=\"async\" src=\"http:\/\/aconteceunovale.com.br\/portal\/wp-content\/uploads\/2015\/09\/escolas_reforma_2.jpg\" alt=\"\" \/><br \/>\n<\/br><\/p>\n<p>A revitaliza\u00e7\u00e3o total do pr\u00e9dio da Escola Estadual Governador Milton Campos, em Belo Hortizonte, deve ficar pronta ainda neste ano. Iniciada em agosto de 2013 e paralisada no final de 2014, a obra, no valor de quase R$ 18 milh\u00f5es, foi retomada em julho deste ano. Os laborat\u00f3rios de f\u00edsica, qu\u00edmica e biologia tamb\u00e9m ser\u00e3o adaptados.<\/p>\n<p>O diretor Jeferson Lopes Pimenta conta que j\u00e1 estava passando da hora de reform\u00e1-la.  \u201cO pr\u00e9dio tem 67 anos e, por ser tombado, nunca havia passado por uma grande interven\u00e7\u00e3o. Somos refer\u00eancia no ensino mineiro. At\u00e9 o governador estudou aqui. Em novas instala\u00e7\u00f5es mais modernas, teremos uma educa\u00e7\u00e3o ainda melhor\u201d.<\/p>\n<p>Para a secret\u00e1ria de Estado da Educa\u00e7\u00e3o, Maca\u00e9 Evaristo, trata-se de um in\u00edcio de retomada de investimentos nas escolas. \u201cA situa\u00e7\u00e3o das escolas \u00e9 muito preocupante. Vamos fazer um esfor\u00e7o para que nestes quatro anos a gente possa garantir infraestrutura para todas as escolas\u201d.<\/p>\n<p><strong>Veja o mapa regionalizado das escolas que ser\u00e3o revitalizadas:<\/strong><\/p>\n<p><img decoding=\"async\" src=\"http:\/\/aconteceunovale.com.br\/portal\/wp-content\/uploads\/2015\/09\/escolas_reforma_3.jpg\" alt=\"\" \/><br \/>\n<\/br><\/p>\n<p><strong>Contexto<\/strong><\/p>\n<p>No come\u00e7o de 2015, o Governo encontrou um cen\u00e1rio desfavor\u00e1vel nas escolas estaduais de Minas Gerais. Segundo dados do diagn\u00f3stico feito pela atual gest\u00e3o, 74% das institui\u00e7\u00f5es de ensino estaduais n\u00e3o estavam em boas condi\u00e7\u00f5es e necessitam de algum tipo de interven\u00e7\u00e3o na infraestrutura para atender de forma adequada os estudantes. Desde ent\u00e3o, a SEE definiu prioridades, planejou os investimentos na rede f\u00edsica e a quita\u00e7\u00e3o de pend\u00eancias do ano passado. (Ag\u00eancia Minas)<\/p>\n","protected":false},"excerpt":{"rendered":"<p>Escola mal cuidada, educa\u00e7\u00e3o comprometida. Pensando em reverter essa equa\u00e7\u00e3o, o Governo de Minas Gerais deu in\u00edcio a um investimento em reformas nas escolas estaduais. S\u00f3 neste ano, a Secretaria de Estado de Educa\u00e7\u00e3o (SEE) liberou cerca de R$ 41 milh\u00f5es para obras em 197 escolas de 149 munic\u00edpios, em 15 dos 17 territ\u00f3rios de [&hellip;]<\/p>\n","protected":false},"author":4,"featured_media":68911,"comment_status":"open","ping_status":"closed","sticky":false,"template":"","format":"standard","meta":{"amp_status":"","footnotes":""},"categories":[123],"tags":[59744,59743,2249,59742,59739,216,59741,59740,3674,419],"class_list":["post-68907","post","type-post","status-publish","format-standard","has-post-thumbnail","hentry","category-gerais","tag-escola-estadual-governador-milton-campos","tag-escola-estadual-henrique-sapori","tag-escola-estadual-oswaldo-lucas-mendes","tag-escola-estadual-vinicius-meyer","tag-governo-de-minas-inicia-reformas-em-197-escolas-estaduais-e-retoma-13-obras-paralisadas","tag-pouso-alegre","tag-reforma-de-197-escolas-estaduais","tag-reforma-de-escolas-estaduais","tag-ribeirao-das-neves","tag-taiobeiras"],"_links":{"self":[{"href":"https:\/\/aconteceunovale.com.br\/portal\/index.php?rest_route=\/wp\/v2\/posts\/68907","targetHints":{"allow":["GET"]}}],"collection":[{"href":"https:\/\/aconteceunovale.com.br\/portal\/index.php?rest_route=\/wp\/v2\/posts"}],"about":[{"href":"https:\/\/aconteceunovale.com.br\/portal\/index.php?rest_route=\/wp\/v2\/types\/post"}],"author":[{"embeddable":true,"href":"https:\/\/aconteceunovale.com.br\/portal\/index.php?rest_route=\/wp\/v2\/users\/4"}],"replies":[{"embeddable":true,"href":"https:\/\/aconteceunovale.com.br\/portal\/index.php?rest_route=%2Fwp%2Fv2%2Fcomments&post=68907"}],"version-history":[{"count":0,"href":"https:\/\/aconteceunovale.com.br\/portal\/index.php?rest_route=\/wp\/v2\/posts\/68907\/revisions"}],"wp:featuredmedia":[{"embeddable":true,"href":"https:\/\/aconteceunovale.com.br\/portal\/index.php?rest_route=\/wp\/v2\/media\/68911"}],"wp:attachment":[{"href":"https:\/\/aconteceunovale.com.br\/portal\/index.php?rest_route=%2Fwp%2Fv2%2Fmedia&parent=68907"}],"wp:term":[{"taxonomy":"category","embeddable":true,"href":"https:\/\/aconteceunovale.com.br\/portal\/index.php?rest_route=%2Fwp%2Fv2%2Fcategories&post=68907"},{"taxonomy":"post_tag","embeddable":true,"href":"https:\/\/aconteceunovale.com.br\/portal\/index.php?rest_route=%2Fwp%2Fv2%2Ftags&post=68907"}],"curies":[{"name":"wp","href":"https:\/\/api.w.org\/{rel}","templated":true}]}}