{"id":68903,"date":"2015-09-16T16:14:09","date_gmt":"2015-09-16T19:14:09","guid":{"rendered":"http:\/\/aconteceunovale.com.br\/portal\/?p=68903"},"modified":"2015-09-16T16:14:09","modified_gmt":"2015-09-16T19:14:09","slug":"vazio-sanitario-para-o-feijao-e-para-o-algodao-comeca-no-proximo-domingo","status":"publish","type":"post","link":"https:\/\/aconteceunovale.com.br\/portal\/?p=68903","title":{"rendered":"Vazio sanit\u00e1rio para o feij\u00e3o e para o algod\u00e3o come\u00e7a no pr\u00f3ximo domingo"},"content":{"rendered":"<p>Os vazios sanit\u00e1rios para o feij\u00e3o e para o algod\u00e3o come\u00e7am no domingo (20\/9) e prosseguem, respectivamente, at\u00e9 20 de outubro e 20 de novembro. Neste per\u00edodo, ficam proibidos o plantio dessas culturas e a preserva\u00e7\u00e3o de plantas vivas remanescentes da safra anterior, conforme estabelecido pelo\u00a0Instituto Mineiro de Agropecu\u00e1ria (IMA).<\/p>\n<p>O vazio sanit\u00e1rio para o feij\u00e3o ser\u00e1 aplicado somente em 18 munic\u00edpios da regi\u00e3o Noroeste de Minas. No caso do algod\u00e3o o vazio ir\u00e1 vigorar em todo o estado. Como o ciclo dessa cultura \u00e9 maior do que o do feij\u00e3o, e por recomenda\u00e7\u00e3o da Empresa Brasileira de Pesquisa Agropecu\u00e1ria (Embrapa), o vazio para o algod\u00e3o \u00e9 de, no m\u00ednimo, 60 dias.<\/p>\n<p>Para ambas as culturas, o IMA permite, durante o vazio, o plantio de algumas \u00e1reas para pesquisa e produ\u00e7\u00e3o de sementes gen\u00e9ticas, obtidas por meio do processo de melhoramento de plantas. Permite, tamb\u00e9m, o cultivo de sementes b\u00e1sicas, originadas da multiplica\u00e7\u00e3o de sementes gen\u00e9ticas. E ainda, o plantio das sementes das classes C1,C2,S1 e S2, resultado da multiplica\u00e7\u00e3o de sementes b\u00e1sicas.<\/p>\n<p><img decoding=\"async\" src=\"http:\/\/aconteceunovale.com.br\/portal\/wp-content\/uploads\/2015\/09\/vazio-sanitario-para-o-feijao-e-para-o-algodao-comeca-no-proximo-domingo.jpg\" alt=\"\" \/><em>No caso do algod\u00e3o, o vazio vigora at\u00e9 o dia 20 de novembro &#8211; Foto: Divulga\u00e7\u00e3o\/IMA<\/em><br \/>\n<\/br><\/p>\n<p><strong>Preven\u00e7\u00e3o contra doen\u00e7as<\/strong><\/p>\n<p>O vazio sanit\u00e1rio visa coibir e reduzir a prolifera\u00e7\u00e3o de doen\u00e7as que atacam as lavouras destas duas culturas e destroem as planta\u00e7\u00f5es, trazendo preju\u00edzos econ\u00f4micos aos agricultores. No caso do feij\u00e3o, a preven\u00e7\u00e3o \u00e9 contra o mosaico dourado, causado por v\u00edrus transmitido pela mosca branca (Bem\u00edsia tabaci), e no algod\u00e3o contra o besouro bicudo-do-algodoeiro (Anthonomus grandis).<\/p>\n<p>As propriedades rurais cadastradas no IMA \u00a0estar\u00e3o sob a vigil\u00e2ncia \u00a0dos fiscais do Instituto. Se forem detectadas quaisquer tipos de inconformidades, o produtor ser\u00e1 notificado e ter\u00e1 um prazo \u00a0m\u00e1ximo \u00a0de dez dias para erradicar as plantas presentes na propriedade. Ap\u00f3s esse prazo equipe de fiscaliza\u00e7\u00e3o retorna \u00e0s propriedades notificadas para a confer\u00eancia dos ajustes. Caso o propriet\u00e1rio n\u00e3o tenha feito a erradica\u00e7\u00e3o das plantas remanescentes ser\u00e1 autuado com base na Lei Estadual de Defesa Vegetal n\u00ba 15.697\/2005, \u00a0com multa que pode chegar a 1.500 Ufemgs &#8211; Unidades Fiscais do Estado de Minas Gerais, com valor total de cerca de R$ 4.084,35.<\/p>\n<p>De acordo com o engenheiro agr\u00f4nomo e fiscal agropecu\u00e1rio Wagner Machado, da Ger\u00eancia de Defesa Sanit\u00e1ria Vegetal do IMA, a \u00a0pr\u00e1tica do vazio sanit\u00e1rio \u00e9 a forma mais barata para se fazer o controle de pragas. Isso porque o vazio reduz o uso de agrot\u00f3xicos para tratar as lavouras infectadas, o que resulta em menor agress\u00e3o ao meio ambiente e ao ser humano. \u201cPor isso \u00e9 importante que os produtores respeitem as normas estabelecidas durante o per\u00edodo dos vazios\u201d, ressalta.<\/p>\n<p><strong>Demanda de produtores<\/strong><\/p>\n<p>No caso espec\u00edfico do feij\u00e3o, o vazio sanit\u00e1rio ser\u00e1 aplicado somente nas propriedades rurais situadas na regi\u00e3o Noroeste de Minas, acima de 700 metros de altitude, nos munic\u00edpios de Arinos, Bonfin\u00f3polis de Minas, Brasil\u00e2ndia de Minas, Buritis, Cabeceira Grande, Chapada Gaucha, Dom Bosco, Formoso, Guarda-Mor, Jo\u00e3o Pinheiro, Lagoa Grande, Natal\u00e2ndia, Paracatu, Riachinho, Una\u00ed, Uruana de Minas, Urucuia e Vazante. A decis\u00e3o de estabelecer o vazio para essa regi\u00e3o \u00e9 da C\u00e2mara T\u00e9cnica de Defesa Agropecu\u00e1ria da\u00a0Secretaria de Estado de Agricultura, Pecu\u00e1ria e Abastecimento (Seapa)\u00a0e atende \u00e0 reivindica\u00e7\u00e3o dos produtores locais. Isso porque a regi\u00e3o \u00e9 um importante polo produtor e os agricultores querem prevenir-se contra a presen\u00e7a da praga do mosaico dourado.<\/p>\n<p>De acordo com informa\u00e7\u00f5es da Secretaria de Estado de Agricultura, Pecu\u00e1ria e Abastecimento (Seapa), com base nos dados fornecidos pelo Instituto Brasileiro de Geografia e Estat\u00edstica (IBGE), Minas Gerais ocupa o 2\u00ba lugar no ranking nacional em produ\u00e7\u00e3o de feij\u00e3o. O estado possui \u00a0335,9 mil hectares de \u00e1rea plantada, com produ\u00e7\u00e3o de 515 mil toneladas por ano, \u00a0o que representa 16,6% da produ\u00e7\u00e3o nacional. J\u00e1 no caso do algod\u00e3o, o estado est\u00e1 na sexta posi\u00e7\u00e3o nacional. Numa \u00e1rea de 18,4 mil hectares, a produ\u00e7\u00e3o dessa cultura \u00e9 de 67,6 mil toneladas. (Ag\u00eancia Minas)<\/p>\n","protected":false},"excerpt":{"rendered":"<p>Os vazios sanit\u00e1rios para o feij\u00e3o e para o algod\u00e3o come\u00e7am no domingo (20\/9) e prosseguem, respectivamente, at\u00e9 20 de outubro e 20 de novembro. Neste per\u00edodo, ficam proibidos o plantio dessas culturas e a preserva\u00e7\u00e3o de plantas vivas remanescentes da safra anterior, conforme estabelecido pelo\u00a0Instituto Mineiro de Agropecu\u00e1ria (IMA). O vazio sanit\u00e1rio para o [&hellip;]<\/p>\n","protected":false},"author":4,"featured_media":68905,"comment_status":"open","ping_status":"closed","sticky":false,"template":"","format":"standard","meta":{"amp_status":"","footnotes":""},"categories":[123],"tags":[44014,253,1537,1488,1795,3685,3057,1802,59737,334,59738,1538,15519,57159,212,1797,222,5260,1813,1539,59736,59735,59734],"class_list":["post-68903","post","type-post","status-publish","format-standard","has-post-thumbnail","hentry","category-gerais","tag-algodao","tag-arinos","tag-bonfinopolis-de-minas","tag-brasilandia-de-minas","tag-buritis","tag-cabeceira-grande","tag-chapada-gaucha","tag-dom-bosco","tag-feijao","tag-formoso","tag-guarda-mor","tag-joao-pinheiro","tag-lagoa-grande","tag-natalandia","tag-paracatu","tag-riachinho","tag-unai","tag-uruana-de-minas","tag-urucuia","tag-vazante","tag-vazio-sanitario-para-o-algodao","tag-vazio-sanitario-para-o-feijao","tag-vazio-sanitario-para-o-feijao-e-para-o-algodao-comeca-no-proximo-domingo"],"_links":{"self":[{"href":"https:\/\/aconteceunovale.com.br\/portal\/index.php?rest_route=\/wp\/v2\/posts\/68903","targetHints":{"allow":["GET"]}}],"collection":[{"href":"https:\/\/aconteceunovale.com.br\/portal\/index.php?rest_route=\/wp\/v2\/posts"}],"about":[{"href":"https:\/\/aconteceunovale.com.br\/portal\/index.php?rest_route=\/wp\/v2\/types\/post"}],"author":[{"embeddable":true,"href":"https:\/\/aconteceunovale.com.br\/portal\/index.php?rest_route=\/wp\/v2\/users\/4"}],"replies":[{"embeddable":true,"href":"https:\/\/aconteceunovale.com.br\/portal\/index.php?rest_route=%2Fwp%2Fv2%2Fcomments&post=68903"}],"version-history":[{"count":0,"href":"https:\/\/aconteceunovale.com.br\/portal\/index.php?rest_route=\/wp\/v2\/posts\/68903\/revisions"}],"wp:featuredmedia":[{"embeddable":true,"href":"https:\/\/aconteceunovale.com.br\/portal\/index.php?rest_route=\/wp\/v2\/media\/68905"}],"wp:attachment":[{"href":"https:\/\/aconteceunovale.com.br\/portal\/index.php?rest_route=%2Fwp%2Fv2%2Fmedia&parent=68903"}],"wp:term":[{"taxonomy":"category","embeddable":true,"href":"https:\/\/aconteceunovale.com.br\/portal\/index.php?rest_route=%2Fwp%2Fv2%2Fcategories&post=68903"},{"taxonomy":"post_tag","embeddable":true,"href":"https:\/\/aconteceunovale.com.br\/portal\/index.php?rest_route=%2Fwp%2Fv2%2Ftags&post=68903"}],"curies":[{"name":"wp","href":"https:\/\/api.w.org\/{rel}","templated":true}]}}