{"id":68608,"date":"2015-09-13T20:49:25","date_gmt":"2015-09-13T23:49:25","guid":{"rendered":"http:\/\/aconteceunovale.com.br\/portal\/?p=68608"},"modified":"2026-09-02T12:52:52","modified_gmt":"2026-09-02T15:52:52","slug":"homem-esta-perdido-em-diamantina","status":"publish","type":"post","link":"https:\/\/aconteceunovale.com.br\/portal\/?p=68608","title":{"rendered":"Homem est\u00e1 perdido em Diamantina"},"content":{"rendered":"<p>O senhor da foto abaixo se encontra perdido na cidade de Diamantina, no Vale do Jequitinhonha. V\u00e1rios moradores relataram t\u00ea-lo visto perambulando pelas ruas da cidade no s\u00e1bado, 12 de setembro. Alguns informaram que ele chegou a tomar banho sem roupas em um chafariz.<\/p>\n<p>No in\u00edcio do m\u00eas, esse mesmo senhor estava na cidade de Itamarandiba. Na \u00e9poca a Assessoria de Comunica\u00e7\u00e3o da Prefeitura divulgou uma nota informando sobre a situa\u00e7\u00e3o. <em>\u201cEste senhor foi encontrado sem nenhuma identifica\u00e7\u00e3o e\/ou documentos. Aparentemente apresenta dist\u00farbio psicol\u00f3gico e n\u00e3o fala.\u201d<\/em>, informou a Prefeitura. <\/p>\n<p>O homem chegou a ficar internado em um hospital itamarandibano e o Centro de Refer\u00eancia Especializado de Assist\u00eancia Social (CREAS) do munic\u00edpio procurou por informa\u00e7\u00f5es dele e\/ou de seus familiares, mas pelo visto ele foi liberado e no momento est\u00e1 em Diamantina.<\/p>\n<p>Se voc\u00ea conhece os familiares desse senhor informe sobre a situa\u00e7\u00e3o do mesmo. Se n\u00e3o conhece, compartilhe a foto ou esta publica\u00e7\u00e3o e ajude a divulgar.<\/p>\n<p><img decoding=\"async\" src=\"http:\/\/aconteceunovale.com.br\/portal\/wp-content\/uploads\/2015\/09\/perdido_dtna_1.jpg\" alt=\"\" \/><\/p>\n<p><img decoding=\"async\" src=\"http:\/\/aconteceunovale.com.br\/portal\/wp-content\/uploads\/2015\/09\/perdido_dtna_2.jpg\" alt=\"\" \/><em>(Fotos: Reprodu\u00e7\u00e3o \/ Redes Sociais)<\/em><\/p>\n","protected":false},"excerpt":{"rendered":"<p>O senhor da foto abaixo se encontra perdido na cidade de Diamantina, no Vale do Jequitinhonha. V\u00e1rios moradores relataram t\u00ea-lo visto perambulando pelas ruas da cidade no s\u00e1bado, 12 de setembro. Alguns informaram que ele chegou a tomar banho sem roupas em um chafariz. No in\u00edcio do m\u00eas, esse mesmo senhor estava na cidade de [&hellip;]<\/p>\n","protected":false},"author":4,"featured_media":68611,"comment_status":"open","ping_status":"closed","sticky":false,"template":"","format":"standard","meta":{"amp_status":"","footnotes":""},"categories":[272543,120],"tags":[198,59431,59432,59433],"class_list":["post-68608","post","type-post","status-publish","format-standard","has-post-thumbnail","hentry","category-diamantina","category-jequi","tag-diamantina","tag-homem-esta-perdido-em-diamantina","tag-homem-perdido-em-diamantina","tag-perdido-em-diamantina"],"yoast_head":"<!-- This site is optimized with the Yoast SEO plugin v28.3 - https:\/\/yoast.com\/product\/yoast-seo-wordpress\/ -->\n<title>Homem est\u00e1 perdido em Diamantina - Aconteceu no Vale<\/title>\n<meta name=\"robots\" content=\"index, follow, max-snippet:-1, max-image-preview:large, max-video-preview:-1\" \/>\n<link rel=\"canonical\" href=\"https:\/\/aconteceunovale.com.br\/portal\/?p=68608\" \/>\n<meta property=\"og:locale\" content=\"pt_BR\" \/>\n<meta property=\"og:type\" content=\"article\" \/>\n<meta property=\"og:title\" content=\"Homem est\u00e1 perdido em Diamantina - Aconteceu no Vale\" \/>\n<meta property=\"og:description\" content=\"O senhor da foto abaixo se encontra perdido na cidade de Diamantina, no Vale do Jequitinhonha. V\u00e1rios moradores relataram t\u00ea-lo visto perambulando pelas ruas da cidade no s\u00e1bado, 12 de setembro. Alguns informaram que ele chegou a tomar banho sem roupas em um chafariz. No in\u00edcio do m\u00eas, esse mesmo senhor estava na cidade de [&hellip;]\" \/>\n<meta property=\"og:url\" content=\"https:\/\/aconteceunovale.com.br\/portal\/?p=68608\" \/>\n<meta property=\"og:site_name\" content=\"Aconteceu no Vale\" \/>\n<meta property=\"article:publisher\" content=\"https:\/\/www.facebook.com\/aconteceunovale\/\" \/>\n<meta property=\"article:published_time\" content=\"2015-09-13T23:49:25+00:00\" \/>\n<meta property=\"article:modified_time\" content=\"2026-09-02T15:52:52+00:00\" \/>\n<meta property=\"og:image\" content=\"https:\/\/aconteceunovale.com.br\/portal\/wp-content\/uploads\/2015\/09\/perdido_dtna_3.jpg\" \/>\n\t<meta property=\"og:image:width\" content=\"678\" \/>\n\t<meta property=\"og:image:height\" content=\"377\" \/>\n\t<meta property=\"og:image:type\" content=\"image\/jpeg\" \/>\n<meta name=\"author\" content=\"Reda\u00e7\u00e3o Aconteceu no Vale\" \/>\n<meta name=\"twitter:card\" content=\"summary_large_image\" \/>\n<meta name=\"twitter:creator\" content=\"@noticiadosvales\" \/>\n<meta name=\"twitter:site\" content=\"@noticiadosvales\" \/>\n<meta name=\"twitter:label1\" content=\"Escrito por\" \/>\n\t<meta name=\"twitter:data1\" content=\"Reda\u00e7\u00e3o Aconteceu no Vale\" \/>\n\t<meta name=\"twitter:label2\" content=\"Est. tempo de leitura\" \/>\n\t<meta name=\"twitter:data2\" content=\"1 minuto\" \/>\n<script type=\"application\/ld+json\" class=\"yoast-schema-graph\">{\"@context\":\"https:\\\/\\\/schema.org\",\"@graph\":[{\"@type\":\"Article\",\"@id\":\"https:\\\/\\\/aconteceunovale.com.br\\\/portal\\\/?p=68608#article\",\"isPartOf\":{\"@id\":\"https:\\\/\\\/aconteceunovale.com.br\\\/portal\\\/?p=68608\"},\"author\":{\"name\":\"Reda\u00e7\u00e3o Aconteceu no Vale\",\"@id\":\"https:\\\/\\\/aconteceunovale.com.br\\\/portal\\\/#\\\/schema\\\/person\\\/7d2f26d1483f8a63de73da1ee0754d35\"},\"headline\":\"Homem est\u00e1 perdido em Diamantina\",\"datePublished\":\"2015-09-13T23:49:25+00:00\",\"dateModified\":\"2026-09-02T15:52:52+00:00\",\"mainEntityOfPage\":{\"@id\":\"https:\\\/\\\/aconteceunovale.com.br\\\/portal\\\/?p=68608\"},\"wordCount\":187,\"commentCount\":0,\"image\":{\"@id\":\"https:\\\/\\\/aconteceunovale.com.br\\\/portal\\\/?p=68608#primaryimage\"},\"thumbnailUrl\":\"https:\\\/\\\/aconteceunovale.com.br\\\/portal\\\/wp-content\\\/uploads\\\/2015\\\/09\\\/perdido_dtna_3.jpg\",\"keywords\":[\"Diamantina\",\"Homem est\u00e1 perdido em Diamantina\",\"homem perdido em diamantina\",\"perdido em Diamantina\"],\"articleSection\":[\"Diamantina\",\"Vale do Jequitinhonha\"],\"inLanguage\":\"pt-BR\",\"potentialAction\":[{\"@type\":\"CommentAction\",\"name\":\"Comment\",\"target\":[\"https:\\\/\\\/aconteceunovale.com.br\\\/portal\\\/?p=68608#respond\"]}]},{\"@type\":\"WebPage\",\"@id\":\"https:\\\/\\\/aconteceunovale.com.br\\\/portal\\\/?p=68608\",\"url\":\"https:\\\/\\\/aconteceunovale.com.br\\\/portal\\\/?p=68608\",\"name\":\"Homem est\u00e1 perdido em Diamantina - Aconteceu no Vale\",\"isPartOf\":{\"@id\":\"https:\\\/\\\/aconteceunovale.com.br\\\/portal\\\/#website\"},\"primaryImageOfPage\":{\"@id\":\"https:\\\/\\\/aconteceunovale.com.br\\\/portal\\\/?p=68608#primaryimage\"},\"image\":{\"@id\":\"https:\\\/\\\/aconteceunovale.com.br\\\/portal\\\/?p=68608#primaryimage\"},\"thumbnailUrl\":\"https:\\\/\\\/aconteceunovale.com.br\\\/portal\\\/wp-content\\\/uploads\\\/2015\\\/09\\\/perdido_dtna_3.jpg\",\"datePublished\":\"2015-09-13T23:49:25+00:00\",\"dateModified\":\"2026-09-02T15:52:52+00:00\",\"author\":{\"@id\":\"https:\\\/\\\/aconteceunovale.com.br\\\/portal\\\/#\\\/schema\\\/person\\\/7d2f26d1483f8a63de73da1ee0754d35\"},\"breadcrumb\":{\"@id\":\"https:\\\/\\\/aconteceunovale.com.br\\\/portal\\\/?p=68608#breadcrumb\"},\"inLanguage\":\"pt-BR\",\"potentialAction\":[{\"@type\":\"ReadAction\",\"target\":[\"https:\\\/\\\/aconteceunovale.com.br\\\/portal\\\/?p=68608\"]}]},{\"@type\":\"ImageObject\",\"inLanguage\":\"pt-BR\",\"@id\":\"https:\\\/\\\/aconteceunovale.com.br\\\/portal\\\/?p=68608#primaryimage\",\"url\":\"https:\\\/\\\/aconteceunovale.com.br\\\/portal\\\/wp-content\\\/uploads\\\/2015\\\/09\\\/perdido_dtna_3.jpg\",\"contentUrl\":\"https:\\\/\\\/aconteceunovale.com.br\\\/portal\\\/wp-content\\\/uploads\\\/2015\\\/09\\\/perdido_dtna_3.jpg\",\"width\":678,\"height\":377},{\"@type\":\"BreadcrumbList\",\"@id\":\"https:\\\/\\\/aconteceunovale.com.br\\\/portal\\\/?p=68608#breadcrumb\",\"itemListElement\":[{\"@type\":\"ListItem\",\"position\":1,\"name\":\"In\u00edcio\",\"item\":\"https:\\\/\\\/aconteceunovale.com.br\\\/portal\\\/\"},{\"@type\":\"ListItem\",\"position\":2,\"name\":\"Homem est\u00e1 perdido em Diamantina\"}]},{\"@type\":\"WebSite\",\"@id\":\"https:\\\/\\\/aconteceunovale.com.br\\\/portal\\\/#website\",\"url\":\"https:\\\/\\\/aconteceunovale.com.br\\\/portal\\\/\",\"name\":\"Aconteceu no Vale\",\"description\":\"Portal de Not\u00edcias\",\"potentialAction\":[{\"@type\":\"SearchAction\",\"target\":{\"@type\":\"EntryPoint\",\"urlTemplate\":\"https:\\\/\\\/aconteceunovale.com.br\\\/portal\\\/?s={search_term_string}\"},\"query-input\":{\"@type\":\"PropertyValueSpecification\",\"valueRequired\":true,\"valueName\":\"search_term_string\"}}],\"inLanguage\":\"pt-BR\"},{\"@type\":\"Person\",\"@id\":\"https:\\\/\\\/aconteceunovale.com.br\\\/portal\\\/#\\\/schema\\\/person\\\/7d2f26d1483f8a63de73da1ee0754d35\",\"name\":\"Reda\u00e7\u00e3o Aconteceu no Vale\",\"description\":\"Equipe de reportagem do Aconteceu no Vale, portal de not\u00edcias do Vale do Jequitinhonha, em Minas Gerais. Cobrimos as 51 cidades do Vale desde 2013. Sugest\u00f5es de pauta e pedidos de corre\u00e7\u00e3o: contato@aconteceunovale.com.br\",\"url\":\"https:\\\/\\\/aconteceunovale.com.br\\\/portal\\\/?author=4\"}]}<\/script>\n<!-- \/ Yoast SEO plugin. -->","yoast_head_json":{"title":"Homem est\u00e1 perdido em Diamantina - Aconteceu no Vale","robots":{"index":"index","follow":"follow","max-snippet":"max-snippet:-1","max-image-preview":"max-image-preview:large","max-video-preview":"max-video-preview:-1"},"canonical":"https:\/\/aconteceunovale.com.br\/portal\/?p=68608","og_locale":"pt_BR","og_type":"article","og_title":"Homem est\u00e1 perdido em Diamantina - Aconteceu no Vale","og_description":"O senhor da foto abaixo se encontra perdido na cidade de Diamantina, no Vale do Jequitinhonha. V\u00e1rios moradores relataram t\u00ea-lo visto perambulando pelas ruas da cidade no s\u00e1bado, 12 de setembro. Alguns informaram que ele chegou a tomar banho sem roupas em um chafariz. No in\u00edcio do m\u00eas, esse mesmo senhor estava na cidade de [&hellip;]","og_url":"https:\/\/aconteceunovale.com.br\/portal\/?p=68608","og_site_name":"Aconteceu no Vale","article_publisher":"https:\/\/www.facebook.com\/aconteceunovale\/","article_published_time":"2015-09-13T23:49:25+00:00","article_modified_time":"2026-09-02T15:52:52+00:00","og_image":[{"width":678,"height":377,"url":"https:\/\/aconteceunovale.com.br\/portal\/wp-content\/uploads\/2015\/09\/perdido_dtna_3.jpg","type":"image\/jpeg"}],"author":"Reda\u00e7\u00e3o Aconteceu no Vale","twitter_card":"summary_large_image","twitter_creator":"@noticiadosvales","twitter_site":"@noticiadosvales","twitter_misc":{"Escrito por":"Reda\u00e7\u00e3o Aconteceu no Vale","Est. tempo de leitura":"1 minuto"},"schema":{"@context":"https:\/\/schema.org","@graph":[{"@type":"Article","@id":"https:\/\/aconteceunovale.com.br\/portal\/?p=68608#article","isPartOf":{"@id":"https:\/\/aconteceunovale.com.br\/portal\/?p=68608"},"author":{"name":"Reda\u00e7\u00e3o Aconteceu no Vale","@id":"https:\/\/aconteceunovale.com.br\/portal\/#\/schema\/person\/7d2f26d1483f8a63de73da1ee0754d35"},"headline":"Homem est\u00e1 perdido em Diamantina","datePublished":"2015-09-13T23:49:25+00:00","dateModified":"2026-09-02T15:52:52+00:00","mainEntityOfPage":{"@id":"https:\/\/aconteceunovale.com.br\/portal\/?p=68608"},"wordCount":187,"commentCount":0,"image":{"@id":"https:\/\/aconteceunovale.com.br\/portal\/?p=68608#primaryimage"},"thumbnailUrl":"https:\/\/aconteceunovale.com.br\/portal\/wp-content\/uploads\/2015\/09\/perdido_dtna_3.jpg","keywords":["Diamantina","Homem est\u00e1 perdido em Diamantina","homem perdido em diamantina","perdido em Diamantina"],"articleSection":["Diamantina","Vale do Jequitinhonha"],"inLanguage":"pt-BR","potentialAction":[{"@type":"CommentAction","name":"Comment","target":["https:\/\/aconteceunovale.com.br\/portal\/?p=68608#respond"]}]},{"@type":"WebPage","@id":"https:\/\/aconteceunovale.com.br\/portal\/?p=68608","url":"https:\/\/aconteceunovale.com.br\/portal\/?p=68608","name":"Homem est\u00e1 perdido em Diamantina - Aconteceu no Vale","isPartOf":{"@id":"https:\/\/aconteceunovale.com.br\/portal\/#website"},"primaryImageOfPage":{"@id":"https:\/\/aconteceunovale.com.br\/portal\/?p=68608#primaryimage"},"image":{"@id":"https:\/\/aconteceunovale.com.br\/portal\/?p=68608#primaryimage"},"thumbnailUrl":"https:\/\/aconteceunovale.com.br\/portal\/wp-content\/uploads\/2015\/09\/perdido_dtna_3.jpg","datePublished":"2015-09-13T23:49:25+00:00","dateModified":"2026-09-02T15:52:52+00:00","author":{"@id":"https:\/\/aconteceunovale.com.br\/portal\/#\/schema\/person\/7d2f26d1483f8a63de73da1ee0754d35"},"breadcrumb":{"@id":"https:\/\/aconteceunovale.com.br\/portal\/?p=68608#breadcrumb"},"inLanguage":"pt-BR","potentialAction":[{"@type":"ReadAction","target":["https:\/\/aconteceunovale.com.br\/portal\/?p=68608"]}]},{"@type":"ImageObject","inLanguage":"pt-BR","@id":"https:\/\/aconteceunovale.com.br\/portal\/?p=68608#primaryimage","url":"https:\/\/aconteceunovale.com.br\/portal\/wp-content\/uploads\/2015\/09\/perdido_dtna_3.jpg","contentUrl":"https:\/\/aconteceunovale.com.br\/portal\/wp-content\/uploads\/2015\/09\/perdido_dtna_3.jpg","width":678,"height":377},{"@type":"BreadcrumbList","@id":"https:\/\/aconteceunovale.com.br\/portal\/?p=68608#breadcrumb","itemListElement":[{"@type":"ListItem","position":1,"name":"In\u00edcio","item":"https:\/\/aconteceunovale.com.br\/portal\/"},{"@type":"ListItem","position":2,"name":"Homem est\u00e1 perdido em Diamantina"}]},{"@type":"WebSite","@id":"https:\/\/aconteceunovale.com.br\/portal\/#website","url":"https:\/\/aconteceunovale.com.br\/portal\/","name":"Aconteceu no Vale","description":"Portal de Not\u00edcias","potentialAction":[{"@type":"SearchAction","target":{"@type":"EntryPoint","urlTemplate":"https:\/\/aconteceunovale.com.br\/portal\/?s={search_term_string}"},"query-input":{"@type":"PropertyValueSpecification","valueRequired":true,"valueName":"search_term_string"}}],"inLanguage":"pt-BR"},{"@type":"Person","@id":"https:\/\/aconteceunovale.com.br\/portal\/#\/schema\/person\/7d2f26d1483f8a63de73da1ee0754d35","name":"Reda\u00e7\u00e3o Aconteceu no Vale","description":"Equipe de reportagem do Aconteceu no Vale, portal de not\u00edcias do Vale do Jequitinhonha, em Minas Gerais. Cobrimos as 51 cidades do Vale desde 2013. Sugest\u00f5es de pauta e pedidos de corre\u00e7\u00e3o: contato@aconteceunovale.com.br","url":"https:\/\/aconteceunovale.com.br\/portal\/?author=4"}]}},"_links":{"self":[{"href":"https:\/\/aconteceunovale.com.br\/portal\/index.php?rest_route=\/wp\/v2\/posts\/68608","targetHints":{"allow":["GET"]}}],"collection":[{"href":"https:\/\/aconteceunovale.com.br\/portal\/index.php?rest_route=\/wp\/v2\/posts"}],"about":[{"href":"https:\/\/aconteceunovale.com.br\/portal\/index.php?rest_route=\/wp\/v2\/types\/post"}],"author":[{"embeddable":true,"href":"https:\/\/aconteceunovale.com.br\/portal\/index.php?rest_route=\/wp\/v2\/users\/4"}],"replies":[{"embeddable":true,"href":"https:\/\/aconteceunovale.com.br\/portal\/index.php?rest_route=%2Fwp%2Fv2%2Fcomments&post=68608"}],"version-history":[{"count":1,"href":"https:\/\/aconteceunovale.com.br\/portal\/index.php?rest_route=\/wp\/v2\/posts\/68608\/revisions"}],"predecessor-version":[{"id":200469,"href":"https:\/\/aconteceunovale.com.br\/portal\/index.php?rest_route=\/wp\/v2\/posts\/68608\/revisions\/200469"}],"wp:featuredmedia":[{"embeddable":true,"href":"https:\/\/aconteceunovale.com.br\/portal\/index.php?rest_route=\/wp\/v2\/media\/68611"}],"wp:attachment":[{"href":"https:\/\/aconteceunovale.com.br\/portal\/index.php?rest_route=%2Fwp%2Fv2%2Fmedia&parent=68608"}],"wp:term":[{"taxonomy":"category","embeddable":true,"href":"https:\/\/aconteceunovale.com.br\/portal\/index.php?rest_route=%2Fwp%2Fv2%2Fcategories&post=68608"},{"taxonomy":"post_tag","embeddable":true,"href":"https:\/\/aconteceunovale.com.br\/portal\/index.php?rest_route=%2Fwp%2Fv2%2Ftags&post=68608"}],"curies":[{"name":"wp","href":"https:\/\/api.w.org\/{rel}","templated":true}]}}