{"id":68604,"date":"2015-09-13T20:10:16","date_gmt":"2015-09-13T23:10:16","guid":{"rendered":"http:\/\/aconteceunovale.com.br\/portal\/?p=68604"},"modified":"2015-09-13T20:10:16","modified_gmt":"2015-09-13T23:10:16","slug":"aluno-da-unifei-itabira-e-campeao-sul-americano-de-fisiculturismo","status":"publish","type":"post","link":"https:\/\/aconteceunovale.com.br\/portal\/?p=68604","title":{"rendered":"Aluno da Unifei Itabira \u00e9 campe\u00e3o Sul-Americano de Fisiculturismo"},"content":{"rendered":"<p>O aluno da Unifei Itabira, Otto Ba\u00eata, foi consagrado Campe\u00e3o Sul-Americano de Fisiculturismo neste final de semana. O 41\u00ba Campeonato acontece em Lima, no Peru, entre os dias 10 e 14 de setembro, com participa\u00e7\u00e3o de atletas de v\u00e1rios pa\u00edses. Otto representou o Brasil ap\u00f3s ganhar o t\u00edtulo de Campe\u00e3o Brasileiro, no m\u00eas de julho.<\/p>\n<p>Al\u00e9m do trof\u00e9u de Campe\u00e3o Sul-Americano na categoria juvenil at\u00e9 80kg, Otto volta com mais um t\u00edtulo: Campe\u00e3o Overall, que \u00e9 uma disputa entre todos campe\u00f5es juvenis. &#8220;A categoria em que competi foi at\u00e9 80kg e n\u00e3o 70kg como t\u00ednhamos planejado. Isso aconteceu porque nem sempre o corpo responde da forma exata como planejamos. Mas isso n\u00e3o \u00e9 necessariamente ruim, como no meu caso que consegui vencer assim mesmo&#8221;, explica Otto.<\/p>\n<p>A pr\u00f3xima disputa \u00e9 o campeonato mundial.<\/p>\n<p><img decoding=\"async\" src=\"http:\/\/aconteceunovale.com.br\/portal\/wp-content\/uploads\/2015\/09\/otto_baeta_1.jpg\" alt=\"\" \/><em>Otto venceu na categoria juvenil at\u00e9 80 quilos &#8211; Foto: Otto Ba\u00eata \/ Facebook<\/em><br \/>\n<\/br><\/p>\n<p><strong>Trajet\u00f3ria<\/strong><\/p>\n<p>Otto Ba\u00eata \u00e9 natural de Vi\u00e7osa (MG) e estudante de engenharia mec\u00e2nica da Unifei Itabira. Come\u00e7ou a treinar muscula\u00e7\u00e3o aos 14 anos e entrou no universo do fisiculturismo aos 17, quando conheceu um dos melhores atletas do esporte, conhecido como Maradona. \u201cDesde ent\u00e3o, eu me apaixonei pelo esporte e fui seguindo\u201d, comenta.<\/p>\n<p><img decoding=\"async\" src=\"http:\/\/aconteceunovale.com.br\/portal\/wp-content\/uploads\/2015\/09\/otto_baeta_2.jpg\" alt=\"\" \/><em>Peitoral melhor lado e duplo b\u00edceps de costas &#8211; Foto: Otto Ba\u00eata \/ Facebook<\/em><br \/>\n<\/br><\/p>\n<p><em>(Fonte: Defato Online)<\/em><\/p>\n","protected":false},"excerpt":{"rendered":"<p>O aluno da Unifei Itabira, Otto Ba\u00eata, foi consagrado Campe\u00e3o Sul-Americano de Fisiculturismo neste final de semana. O 41\u00ba Campeonato acontece em Lima, no Peru, entre os dias 10 e 14 de setembro, com participa\u00e7\u00e3o de atletas de v\u00e1rios pa\u00edses. Otto representou o Brasil ap\u00f3s ganhar o t\u00edtulo de Campe\u00e3o Brasileiro, no m\u00eas de julho. [&hellip;]<\/p>\n","protected":false},"author":4,"featured_media":68605,"comment_status":"open","ping_status":"closed","sticky":false,"template":"","format":"standard","meta":{"amp_status":"","footnotes":""},"categories":[59],"tags":[59425,59426,59422,59423,59430,59424,59427,59428,59429,18771],"class_list":["post-68604","post","type-post","status-publish","format-standard","has-post-thumbnail","hentry","category-esportes","tag-41o-campeonato-sul-americano-de-fisiculturismo","tag-41o-campeonato-sul-americano-de-fisiculturismo-no-peru","tag-aluno-da-unifei-itabira","tag-aluno-da-unifei-itabira-campeao-sul-americano-de-fisiculturismo","tag-aluno-da-unifei-itabira-e-campeao-sul-americano-de-fisiculturismo","tag-campeao-sul-americano-de-fisiculturismo","tag-otto-baeta","tag-otto-baeta-campeao-sul-americano-de-fisiculturismo","tag-otto-baeta-e-campeao-sul-americano-de-fisiculturismo","tag-vicosa"],"yoast_head":"<!-- This site is optimized with the Yoast SEO plugin v28.3 - https:\/\/yoast.com\/product\/yoast-seo-wordpress\/ -->\n<title>Aluno da Unifei Itabira \u00e9 campe\u00e3o Sul-Americano de Fisiculturismo - Aconteceu no Vale<\/title>\n<meta name=\"robots\" content=\"index, follow, max-snippet:-1, max-image-preview:large, max-video-preview:-1\" \/>\n<link rel=\"canonical\" href=\"https:\/\/aconteceunovale.com.br\/portal\/?p=68604\" \/>\n<meta property=\"og:locale\" content=\"pt_BR\" \/>\n<meta property=\"og:type\" content=\"article\" \/>\n<meta property=\"og:title\" content=\"Aluno da Unifei Itabira \u00e9 campe\u00e3o Sul-Americano de Fisiculturismo - Aconteceu no Vale\" \/>\n<meta property=\"og:description\" content=\"O aluno da Unifei Itabira, Otto Ba\u00eata, foi consagrado Campe\u00e3o Sul-Americano de Fisiculturismo neste final de semana. O 41\u00ba Campeonato acontece em Lima, no Peru, entre os dias 10 e 14 de setembro, com participa\u00e7\u00e3o de atletas de v\u00e1rios pa\u00edses. Otto representou o Brasil ap\u00f3s ganhar o t\u00edtulo de Campe\u00e3o Brasileiro, no m\u00eas de julho. [&hellip;]\" \/>\n<meta property=\"og:url\" content=\"https:\/\/aconteceunovale.com.br\/portal\/?p=68604\" \/>\n<meta property=\"og:site_name\" content=\"Aconteceu no Vale\" \/>\n<meta property=\"article:publisher\" content=\"https:\/\/www.facebook.com\/aconteceunovale\/\" \/>\n<meta property=\"article:published_time\" content=\"2015-09-13T23:10:16+00:00\" \/>\n<meta property=\"og:image\" content=\"https:\/\/aconteceunovale.com.br\/portal\/wp-content\/uploads\/2015\/09\/otto_baeta_1.jpg\" \/>\n\t<meta property=\"og:image:width\" content=\"678\" \/>\n\t<meta property=\"og:image:height\" content=\"412\" \/>\n\t<meta property=\"og:image:type\" content=\"image\/jpeg\" \/>\n<meta name=\"author\" content=\"Reda\u00e7\u00e3o Aconteceu no Vale\" \/>\n<meta name=\"twitter:card\" content=\"summary_large_image\" \/>\n<meta name=\"twitter:creator\" content=\"@noticiadosvales\" \/>\n<meta name=\"twitter:site\" content=\"@noticiadosvales\" \/>\n<meta name=\"twitter:label1\" content=\"Escrito por\" \/>\n\t<meta name=\"twitter:data1\" content=\"Reda\u00e7\u00e3o Aconteceu no Vale\" \/>\n\t<meta name=\"twitter:label2\" content=\"Est. tempo de leitura\" \/>\n\t<meta name=\"twitter:data2\" content=\"1 minuto\" \/>\n<script type=\"application\/ld+json\" class=\"yoast-schema-graph\">{\"@context\":\"https:\\\/\\\/schema.org\",\"@graph\":[{\"@type\":\"Article\",\"@id\":\"https:\\\/\\\/aconteceunovale.com.br\\\/portal\\\/?p=68604#article\",\"isPartOf\":{\"@id\":\"https:\\\/\\\/aconteceunovale.com.br\\\/portal\\\/?p=68604\"},\"author\":{\"name\":\"Reda\u00e7\u00e3o Aconteceu no Vale\",\"@id\":\"https:\\\/\\\/aconteceunovale.com.br\\\/portal\\\/#\\\/schema\\\/person\\\/7d2f26d1483f8a63de73da1ee0754d35\"},\"headline\":\"Aluno da Unifei Itabira \u00e9 campe\u00e3o Sul-Americano de Fisiculturismo\",\"datePublished\":\"2015-09-13T23:10:16+00:00\",\"mainEntityOfPage\":{\"@id\":\"https:\\\/\\\/aconteceunovale.com.br\\\/portal\\\/?p=68604\"},\"wordCount\":243,\"commentCount\":0,\"image\":{\"@id\":\"https:\\\/\\\/aconteceunovale.com.br\\\/portal\\\/?p=68604#primaryimage\"},\"thumbnailUrl\":\"https:\\\/\\\/aconteceunovale.com.br\\\/portal\\\/wp-content\\\/uploads\\\/2015\\\/09\\\/otto_baeta_1.jpg\",\"keywords\":[\"41\u00ba Campeonato Sul-Americano de Fisiculturismo\",\"41\u00ba Campeonato Sul-Americano de Fisiculturismo no Peru\",\"aluno da Unifei Itabira\",\"aluno da Unifei Itabira Campe\u00e3o Sul-Americano de Fisiculturismo\",\"Aluno da Unifei Itabira \u00e9 campe\u00e3o Sul-Americano de Fisiculturismo\",\"Campe\u00e3o Sul-Americano de Fisiculturismo\",\"Otto Ba\u00eata\",\"Otto Ba\u00eata Campe\u00e3o Sul-Americano de Fisiculturismo\",\"Otto Ba\u00eata \u00e9 Campe\u00e3o Sul-Americano de Fisiculturismo\",\"Vi\u00e7osa\"],\"articleSection\":[\"Esportes\"],\"inLanguage\":\"pt-BR\",\"potentialAction\":[{\"@type\":\"CommentAction\",\"name\":\"Comment\",\"target\":[\"https:\\\/\\\/aconteceunovale.com.br\\\/portal\\\/?p=68604#respond\"]}]},{\"@type\":\"WebPage\",\"@id\":\"https:\\\/\\\/aconteceunovale.com.br\\\/portal\\\/?p=68604\",\"url\":\"https:\\\/\\\/aconteceunovale.com.br\\\/portal\\\/?p=68604\",\"name\":\"Aluno da Unifei Itabira \u00e9 campe\u00e3o Sul-Americano de Fisiculturismo - Aconteceu no Vale\",\"isPartOf\":{\"@id\":\"https:\\\/\\\/aconteceunovale.com.br\\\/portal\\\/#website\"},\"primaryImageOfPage\":{\"@id\":\"https:\\\/\\\/aconteceunovale.com.br\\\/portal\\\/?p=68604#primaryimage\"},\"image\":{\"@id\":\"https:\\\/\\\/aconteceunovale.com.br\\\/portal\\\/?p=68604#primaryimage\"},\"thumbnailUrl\":\"https:\\\/\\\/aconteceunovale.com.br\\\/portal\\\/wp-content\\\/uploads\\\/2015\\\/09\\\/otto_baeta_1.jpg\",\"datePublished\":\"2015-09-13T23:10:16+00:00\",\"author\":{\"@id\":\"https:\\\/\\\/aconteceunovale.com.br\\\/portal\\\/#\\\/schema\\\/person\\\/7d2f26d1483f8a63de73da1ee0754d35\"},\"breadcrumb\":{\"@id\":\"https:\\\/\\\/aconteceunovale.com.br\\\/portal\\\/?p=68604#breadcrumb\"},\"inLanguage\":\"pt-BR\",\"potentialAction\":[{\"@type\":\"ReadAction\",\"target\":[\"https:\\\/\\\/aconteceunovale.com.br\\\/portal\\\/?p=68604\"]}]},{\"@type\":\"ImageObject\",\"inLanguage\":\"pt-BR\",\"@id\":\"https:\\\/\\\/aconteceunovale.com.br\\\/portal\\\/?p=68604#primaryimage\",\"url\":\"https:\\\/\\\/aconteceunovale.com.br\\\/portal\\\/wp-content\\\/uploads\\\/2015\\\/09\\\/otto_baeta_1.jpg\",\"contentUrl\":\"https:\\\/\\\/aconteceunovale.com.br\\\/portal\\\/wp-content\\\/uploads\\\/2015\\\/09\\\/otto_baeta_1.jpg\",\"width\":678,\"height\":412},{\"@type\":\"BreadcrumbList\",\"@id\":\"https:\\\/\\\/aconteceunovale.com.br\\\/portal\\\/?p=68604#breadcrumb\",\"itemListElement\":[{\"@type\":\"ListItem\",\"position\":1,\"name\":\"In\u00edcio\",\"item\":\"https:\\\/\\\/aconteceunovale.com.br\\\/portal\\\/\"},{\"@type\":\"ListItem\",\"position\":2,\"name\":\"Aluno da Unifei Itabira \u00e9 campe\u00e3o Sul-Americano de Fisiculturismo\"}]},{\"@type\":\"WebSite\",\"@id\":\"https:\\\/\\\/aconteceunovale.com.br\\\/portal\\\/#website\",\"url\":\"https:\\\/\\\/aconteceunovale.com.br\\\/portal\\\/\",\"name\":\"Aconteceu no Vale\",\"description\":\"Portal de Not\u00edcias\",\"potentialAction\":[{\"@type\":\"SearchAction\",\"target\":{\"@type\":\"EntryPoint\",\"urlTemplate\":\"https:\\\/\\\/aconteceunovale.com.br\\\/portal\\\/?s={search_term_string}\"},\"query-input\":{\"@type\":\"PropertyValueSpecification\",\"valueRequired\":true,\"valueName\":\"search_term_string\"}}],\"inLanguage\":\"pt-BR\"},{\"@type\":\"Person\",\"@id\":\"https:\\\/\\\/aconteceunovale.com.br\\\/portal\\\/#\\\/schema\\\/person\\\/7d2f26d1483f8a63de73da1ee0754d35\",\"name\":\"Reda\u00e7\u00e3o Aconteceu no Vale\",\"description\":\"Equipe de reportagem do Aconteceu no Vale, portal de not\u00edcias do Vale do Jequitinhonha, em Minas Gerais. Cobrimos as 51 cidades do Vale desde 2013. Sugest\u00f5es de pauta e pedidos de corre\u00e7\u00e3o: contato@aconteceunovale.com.br\",\"url\":\"https:\\\/\\\/aconteceunovale.com.br\\\/portal\\\/?author=4\"}]}<\/script>\n<!-- \/ Yoast SEO plugin. -->","yoast_head_json":{"title":"Aluno da Unifei Itabira \u00e9 campe\u00e3o Sul-Americano de Fisiculturismo - Aconteceu no Vale","robots":{"index":"index","follow":"follow","max-snippet":"max-snippet:-1","max-image-preview":"max-image-preview:large","max-video-preview":"max-video-preview:-1"},"canonical":"https:\/\/aconteceunovale.com.br\/portal\/?p=68604","og_locale":"pt_BR","og_type":"article","og_title":"Aluno da Unifei Itabira \u00e9 campe\u00e3o Sul-Americano de Fisiculturismo - Aconteceu no Vale","og_description":"O aluno da Unifei Itabira, Otto Ba\u00eata, foi consagrado Campe\u00e3o Sul-Americano de Fisiculturismo neste final de semana. O 41\u00ba Campeonato acontece em Lima, no Peru, entre os dias 10 e 14 de setembro, com participa\u00e7\u00e3o de atletas de v\u00e1rios pa\u00edses. Otto representou o Brasil ap\u00f3s ganhar o t\u00edtulo de Campe\u00e3o Brasileiro, no m\u00eas de julho. [&hellip;]","og_url":"https:\/\/aconteceunovale.com.br\/portal\/?p=68604","og_site_name":"Aconteceu no Vale","article_publisher":"https:\/\/www.facebook.com\/aconteceunovale\/","article_published_time":"2015-09-13T23:10:16+00:00","og_image":[{"width":678,"height":412,"url":"https:\/\/aconteceunovale.com.br\/portal\/wp-content\/uploads\/2015\/09\/otto_baeta_1.jpg","type":"image\/jpeg"}],"author":"Reda\u00e7\u00e3o Aconteceu no Vale","twitter_card":"summary_large_image","twitter_creator":"@noticiadosvales","twitter_site":"@noticiadosvales","twitter_misc":{"Escrito por":"Reda\u00e7\u00e3o Aconteceu no Vale","Est. tempo de leitura":"1 minuto"},"schema":{"@context":"https:\/\/schema.org","@graph":[{"@type":"Article","@id":"https:\/\/aconteceunovale.com.br\/portal\/?p=68604#article","isPartOf":{"@id":"https:\/\/aconteceunovale.com.br\/portal\/?p=68604"},"author":{"name":"Reda\u00e7\u00e3o Aconteceu no Vale","@id":"https:\/\/aconteceunovale.com.br\/portal\/#\/schema\/person\/7d2f26d1483f8a63de73da1ee0754d35"},"headline":"Aluno da Unifei Itabira \u00e9 campe\u00e3o Sul-Americano de Fisiculturismo","datePublished":"2015-09-13T23:10:16+00:00","mainEntityOfPage":{"@id":"https:\/\/aconteceunovale.com.br\/portal\/?p=68604"},"wordCount":243,"commentCount":0,"image":{"@id":"https:\/\/aconteceunovale.com.br\/portal\/?p=68604#primaryimage"},"thumbnailUrl":"https:\/\/aconteceunovale.com.br\/portal\/wp-content\/uploads\/2015\/09\/otto_baeta_1.jpg","keywords":["41\u00ba Campeonato Sul-Americano de Fisiculturismo","41\u00ba Campeonato Sul-Americano de Fisiculturismo no Peru","aluno da Unifei Itabira","aluno da Unifei Itabira Campe\u00e3o Sul-Americano de Fisiculturismo","Aluno da Unifei Itabira \u00e9 campe\u00e3o Sul-Americano de Fisiculturismo","Campe\u00e3o Sul-Americano de Fisiculturismo","Otto Ba\u00eata","Otto Ba\u00eata Campe\u00e3o Sul-Americano de Fisiculturismo","Otto Ba\u00eata \u00e9 Campe\u00e3o Sul-Americano de Fisiculturismo","Vi\u00e7osa"],"articleSection":["Esportes"],"inLanguage":"pt-BR","potentialAction":[{"@type":"CommentAction","name":"Comment","target":["https:\/\/aconteceunovale.com.br\/portal\/?p=68604#respond"]}]},{"@type":"WebPage","@id":"https:\/\/aconteceunovale.com.br\/portal\/?p=68604","url":"https:\/\/aconteceunovale.com.br\/portal\/?p=68604","name":"Aluno da Unifei Itabira \u00e9 campe\u00e3o Sul-Americano de Fisiculturismo - Aconteceu no Vale","isPartOf":{"@id":"https:\/\/aconteceunovale.com.br\/portal\/#website"},"primaryImageOfPage":{"@id":"https:\/\/aconteceunovale.com.br\/portal\/?p=68604#primaryimage"},"image":{"@id":"https:\/\/aconteceunovale.com.br\/portal\/?p=68604#primaryimage"},"thumbnailUrl":"https:\/\/aconteceunovale.com.br\/portal\/wp-content\/uploads\/2015\/09\/otto_baeta_1.jpg","datePublished":"2015-09-13T23:10:16+00:00","author":{"@id":"https:\/\/aconteceunovale.com.br\/portal\/#\/schema\/person\/7d2f26d1483f8a63de73da1ee0754d35"},"breadcrumb":{"@id":"https:\/\/aconteceunovale.com.br\/portal\/?p=68604#breadcrumb"},"inLanguage":"pt-BR","potentialAction":[{"@type":"ReadAction","target":["https:\/\/aconteceunovale.com.br\/portal\/?p=68604"]}]},{"@type":"ImageObject","inLanguage":"pt-BR","@id":"https:\/\/aconteceunovale.com.br\/portal\/?p=68604#primaryimage","url":"https:\/\/aconteceunovale.com.br\/portal\/wp-content\/uploads\/2015\/09\/otto_baeta_1.jpg","contentUrl":"https:\/\/aconteceunovale.com.br\/portal\/wp-content\/uploads\/2015\/09\/otto_baeta_1.jpg","width":678,"height":412},{"@type":"BreadcrumbList","@id":"https:\/\/aconteceunovale.com.br\/portal\/?p=68604#breadcrumb","itemListElement":[{"@type":"ListItem","position":1,"name":"In\u00edcio","item":"https:\/\/aconteceunovale.com.br\/portal\/"},{"@type":"ListItem","position":2,"name":"Aluno da Unifei Itabira \u00e9 campe\u00e3o Sul-Americano de Fisiculturismo"}]},{"@type":"WebSite","@id":"https:\/\/aconteceunovale.com.br\/portal\/#website","url":"https:\/\/aconteceunovale.com.br\/portal\/","name":"Aconteceu no Vale","description":"Portal de Not\u00edcias","potentialAction":[{"@type":"SearchAction","target":{"@type":"EntryPoint","urlTemplate":"https:\/\/aconteceunovale.com.br\/portal\/?s={search_term_string}"},"query-input":{"@type":"PropertyValueSpecification","valueRequired":true,"valueName":"search_term_string"}}],"inLanguage":"pt-BR"},{"@type":"Person","@id":"https:\/\/aconteceunovale.com.br\/portal\/#\/schema\/person\/7d2f26d1483f8a63de73da1ee0754d35","name":"Reda\u00e7\u00e3o Aconteceu no Vale","description":"Equipe de reportagem do Aconteceu no Vale, portal de not\u00edcias do Vale do Jequitinhonha, em Minas Gerais. Cobrimos as 51 cidades do Vale desde 2013. Sugest\u00f5es de pauta e pedidos de corre\u00e7\u00e3o: contato@aconteceunovale.com.br","url":"https:\/\/aconteceunovale.com.br\/portal\/?author=4"}]}},"_links":{"self":[{"href":"https:\/\/aconteceunovale.com.br\/portal\/index.php?rest_route=\/wp\/v2\/posts\/68604","targetHints":{"allow":["GET"]}}],"collection":[{"href":"https:\/\/aconteceunovale.com.br\/portal\/index.php?rest_route=\/wp\/v2\/posts"}],"about":[{"href":"https:\/\/aconteceunovale.com.br\/portal\/index.php?rest_route=\/wp\/v2\/types\/post"}],"author":[{"embeddable":true,"href":"https:\/\/aconteceunovale.com.br\/portal\/index.php?rest_route=\/wp\/v2\/users\/4"}],"replies":[{"embeddable":true,"href":"https:\/\/aconteceunovale.com.br\/portal\/index.php?rest_route=%2Fwp%2Fv2%2Fcomments&post=68604"}],"version-history":[{"count":0,"href":"https:\/\/aconteceunovale.com.br\/portal\/index.php?rest_route=\/wp\/v2\/posts\/68604\/revisions"}],"wp:featuredmedia":[{"embeddable":true,"href":"https:\/\/aconteceunovale.com.br\/portal\/index.php?rest_route=\/wp\/v2\/media\/68605"}],"wp:attachment":[{"href":"https:\/\/aconteceunovale.com.br\/portal\/index.php?rest_route=%2Fwp%2Fv2%2Fmedia&parent=68604"}],"wp:term":[{"taxonomy":"category","embeddable":true,"href":"https:\/\/aconteceunovale.com.br\/portal\/index.php?rest_route=%2Fwp%2Fv2%2Fcategories&post=68604"},{"taxonomy":"post_tag","embeddable":true,"href":"https:\/\/aconteceunovale.com.br\/portal\/index.php?rest_route=%2Fwp%2Fv2%2Ftags&post=68604"}],"curies":[{"name":"wp","href":"https:\/\/api.w.org\/{rel}","templated":true}]}}