{"id":68548,"date":"2015-09-13T17:20:10","date_gmt":"2015-09-13T20:20:10","guid":{"rendered":"http:\/\/aconteceunovale.com.br\/portal\/?p=68548"},"modified":"2015-09-13T17:20:51","modified_gmt":"2015-09-13T20:20:51","slug":"jovem-morre-apos-veiculo-sair-da-pista-e-capotar-varias-vezes-em-iapu","status":"publish","type":"post","link":"https:\/\/aconteceunovale.com.br\/portal\/?p=68548","title":{"rendered":"Jovem morre ap\u00f3s ve\u00edculo sair da pista e capotar v\u00e1rias vezes em Iapu"},"content":{"rendered":"<p>Um jovem de 23 anos morreu em um acidente no in\u00edcio da madrugada deste domingo, 13 de setembro, na altura do quil\u00f4metro 112 da BR-458, no munic\u00edpio de Iapu, no Leste de Minas Gerais. De acordo com informa\u00e7\u00f5es da Pol\u00edcia Militar Rodovi\u00e1ria (PMR), o condutor teria perdido o controle da dire\u00e7\u00e3o, saiu da pista caiu em uma ribanceira. O ve\u00edculo capotou v\u00e1rias vezes e parou \u00e0s margens de um c\u00f3rrego.<\/p>\n<p>O ve\u00edculo era ocupado por cinco pessoas no momento do acidente. O passageiro Michael Lu\u00eds Moreira Rosa ficou gravemente ferido e morreu no local. Outro passageiro de 23 anos foi socorrido para a Unidade de Pronto Atendimento (UPA) de Ipatinga com ferimentos leves.<\/p>\n<p>Ainda segundo a PMR, o motorista do ve\u00edculo e outros dois passageiros evadiram do local antes da chegada da viatura policial e s\u00e3o procurados para prestarem esclarecimentos. <\/p>\n<p>O corpo de Michael Lu\u00eds foi removido ao Instituto M\u00e9dico Legal (IML) ap\u00f3s os trabalhos da Per\u00edcia T\u00e9cnica da Pol\u00edcia Civil.<\/p>\n<p><img decoding=\"async\" src=\"http:\/\/aconteceunovale.com.br\/portal\/wp-content\/uploads\/2015\/09\/acidente_iapu_3.jpg\" alt=\"\" \/><\/p>\n<p><img decoding=\"async\" src=\"http:\/\/aconteceunovale.com.br\/portal\/wp-content\/uploads\/2015\/09\/acidente_iapu_1.jpg\" alt=\"\" \/><\/p>\n<p><img decoding=\"async\" src=\"http:\/\/aconteceunovale.com.br\/portal\/wp-content\/uploads\/2015\/09\/acidente_iapu_2.jpg\" alt=\"\" \/><em>Ve\u00edculo capotou no KM 122 da BR-458 &#8211; Foto: Plant\u00e3o Policial Ipatinga<\/em><\/p>\n","protected":false},"excerpt":{"rendered":"<p>Um jovem de 23 anos morreu em um acidente no in\u00edcio da madrugada deste domingo, 13 de setembro, na altura do quil\u00f4metro 112 da BR-458, no munic\u00edpio de Iapu, no Leste de Minas Gerais. De acordo com informa\u00e7\u00f5es da Pol\u00edcia Militar Rodovi\u00e1ria (PMR), o condutor teria perdido o controle da dire\u00e7\u00e3o, saiu da pista caiu [&hellip;]<\/p>\n","protected":false},"author":4,"featured_media":68551,"comment_status":"open","ping_status":"closed","sticky":false,"template":"","format":"standard","meta":{"amp_status":"","footnotes":""},"categories":[121],"tags":[1196,59390,59387,59389,59388,237,59391,1722,201,59386,59393,59392],"class_list":["post-68548","post","type-post","status-publish","format-standard","has-post-thumbnail","hentry","category-leste","tag-acidente-com-moto-em-janauba","tag-acidente-com-veiculo-de-caratinga","tag-acidente-em-iapu","tag-acidente-na-br-458-em-iapu","tag-capotamento-de-veiculo-em-iapu","tag-caratinga","tag-douglas-venancio-diniz","tag-iapu","tag-ipatinga","tag-jovem-morre-apos-veiculo-sair-da-pista-e-capotar-varias-vezes-em-iapu","tag-maximiliano-joseph-de-souza","tag-michael-luis-moreira-rosa"],"yoast_head":"<!-- This site is optimized with the Yoast SEO plugin v28.3 - https:\/\/yoast.com\/product\/yoast-seo-wordpress\/ -->\n<title>Jovem morre ap\u00f3s ve\u00edculo sair da pista e capotar v\u00e1rias vezes em Iapu - Aconteceu no Vale<\/title>\n<meta name=\"robots\" content=\"index, follow, max-snippet:-1, max-image-preview:large, max-video-preview:-1\" \/>\n<link rel=\"canonical\" href=\"https:\/\/aconteceunovale.com.br\/portal\/?p=68548\" \/>\n<meta property=\"og:locale\" content=\"pt_BR\" \/>\n<meta property=\"og:type\" content=\"article\" \/>\n<meta property=\"og:title\" content=\"Jovem morre ap\u00f3s ve\u00edculo sair da pista e capotar v\u00e1rias vezes em Iapu - Aconteceu no Vale\" \/>\n<meta property=\"og:description\" content=\"Um jovem de 23 anos morreu em um acidente no in\u00edcio da madrugada deste domingo, 13 de setembro, na altura do quil\u00f4metro 112 da BR-458, no munic\u00edpio de Iapu, no Leste de Minas Gerais. De acordo com informa\u00e7\u00f5es da Pol\u00edcia Militar Rodovi\u00e1ria (PMR), o condutor teria perdido o controle da dire\u00e7\u00e3o, saiu da pista caiu [&hellip;]\" \/>\n<meta property=\"og:url\" content=\"https:\/\/aconteceunovale.com.br\/portal\/?p=68548\" \/>\n<meta property=\"og:site_name\" content=\"Aconteceu no Vale\" \/>\n<meta property=\"article:publisher\" content=\"https:\/\/www.facebook.com\/aconteceunovale\/\" \/>\n<meta property=\"article:published_time\" content=\"2015-09-13T20:20:10+00:00\" \/>\n<meta property=\"article:modified_time\" content=\"2015-09-13T20:20:51+00:00\" \/>\n<meta property=\"og:image\" content=\"https:\/\/aconteceunovale.com.br\/portal\/wp-content\/uploads\/2015\/09\/acidente_iapu_3.jpg\" \/>\n\t<meta property=\"og:image:width\" content=\"678\" \/>\n\t<meta property=\"og:image:height\" content=\"427\" \/>\n\t<meta property=\"og:image:type\" content=\"image\/jpeg\" \/>\n<meta name=\"author\" content=\"Reda\u00e7\u00e3o Aconteceu no Vale\" \/>\n<meta name=\"twitter:card\" content=\"summary_large_image\" \/>\n<meta name=\"twitter:creator\" content=\"@noticiadosvales\" \/>\n<meta name=\"twitter:site\" content=\"@noticiadosvales\" \/>\n<meta name=\"twitter:label1\" content=\"Escrito por\" \/>\n\t<meta name=\"twitter:data1\" content=\"Reda\u00e7\u00e3o Aconteceu no Vale\" \/>\n\t<meta name=\"twitter:label2\" content=\"Est. tempo de leitura\" \/>\n\t<meta name=\"twitter:data2\" content=\"1 minuto\" \/>\n<script type=\"application\/ld+json\" class=\"yoast-schema-graph\">{\"@context\":\"https:\\\/\\\/schema.org\",\"@graph\":[{\"@type\":\"Article\",\"@id\":\"https:\\\/\\\/aconteceunovale.com.br\\\/portal\\\/?p=68548#article\",\"isPartOf\":{\"@id\":\"https:\\\/\\\/aconteceunovale.com.br\\\/portal\\\/?p=68548\"},\"author\":{\"name\":\"Reda\u00e7\u00e3o Aconteceu no Vale\",\"@id\":\"https:\\\/\\\/aconteceunovale.com.br\\\/portal\\\/#\\\/schema\\\/person\\\/7d2f26d1483f8a63de73da1ee0754d35\"},\"headline\":\"Jovem morre ap\u00f3s ve\u00edculo sair da pista e capotar v\u00e1rias vezes em Iapu\",\"datePublished\":\"2015-09-13T20:20:10+00:00\",\"dateModified\":\"2015-09-13T20:20:51+00:00\",\"mainEntityOfPage\":{\"@id\":\"https:\\\/\\\/aconteceunovale.com.br\\\/portal\\\/?p=68548\"},\"wordCount\":206,\"commentCount\":0,\"image\":{\"@id\":\"https:\\\/\\\/aconteceunovale.com.br\\\/portal\\\/?p=68548#primaryimage\"},\"thumbnailUrl\":\"https:\\\/\\\/aconteceunovale.com.br\\\/portal\\\/wp-content\\\/uploads\\\/2015\\\/09\\\/acidente_iapu_3.jpg\",\"keywords\":[\"acidente com moto em jana\u00faba\",\"acidente com ve\u00edculo de caratinga\",\"acidente em Iapu\",\"acidente na br 458 em iapu\",\"capotamento de ve\u00edculo em Iapu\",\"Caratinga\",\"Douglas Ven\u00e2ncio Diniz\",\"Iapu\",\"Ipatinga\",\"Jovem morre ap\u00f3s ve\u00edculo sair da pista e capotar v\u00e1rias vezes em Iapu\",\"Maximiliano joseph de Souza\",\"Michael Lu\u00eds Moreira Rosa\"],\"articleSection\":[\"Leste de Minas\"],\"inLanguage\":\"pt-BR\",\"potentialAction\":[{\"@type\":\"CommentAction\",\"name\":\"Comment\",\"target\":[\"https:\\\/\\\/aconteceunovale.com.br\\\/portal\\\/?p=68548#respond\"]}]},{\"@type\":\"WebPage\",\"@id\":\"https:\\\/\\\/aconteceunovale.com.br\\\/portal\\\/?p=68548\",\"url\":\"https:\\\/\\\/aconteceunovale.com.br\\\/portal\\\/?p=68548\",\"name\":\"Jovem morre ap\u00f3s ve\u00edculo sair da pista e capotar v\u00e1rias vezes em Iapu - Aconteceu no Vale\",\"isPartOf\":{\"@id\":\"https:\\\/\\\/aconteceunovale.com.br\\\/portal\\\/#website\"},\"primaryImageOfPage\":{\"@id\":\"https:\\\/\\\/aconteceunovale.com.br\\\/portal\\\/?p=68548#primaryimage\"},\"image\":{\"@id\":\"https:\\\/\\\/aconteceunovale.com.br\\\/portal\\\/?p=68548#primaryimage\"},\"thumbnailUrl\":\"https:\\\/\\\/aconteceunovale.com.br\\\/portal\\\/wp-content\\\/uploads\\\/2015\\\/09\\\/acidente_iapu_3.jpg\",\"datePublished\":\"2015-09-13T20:20:10+00:00\",\"dateModified\":\"2015-09-13T20:20:51+00:00\",\"author\":{\"@id\":\"https:\\\/\\\/aconteceunovale.com.br\\\/portal\\\/#\\\/schema\\\/person\\\/7d2f26d1483f8a63de73da1ee0754d35\"},\"breadcrumb\":{\"@id\":\"https:\\\/\\\/aconteceunovale.com.br\\\/portal\\\/?p=68548#breadcrumb\"},\"inLanguage\":\"pt-BR\",\"potentialAction\":[{\"@type\":\"ReadAction\",\"target\":[\"https:\\\/\\\/aconteceunovale.com.br\\\/portal\\\/?p=68548\"]}]},{\"@type\":\"ImageObject\",\"inLanguage\":\"pt-BR\",\"@id\":\"https:\\\/\\\/aconteceunovale.com.br\\\/portal\\\/?p=68548#primaryimage\",\"url\":\"https:\\\/\\\/aconteceunovale.com.br\\\/portal\\\/wp-content\\\/uploads\\\/2015\\\/09\\\/acidente_iapu_3.jpg\",\"contentUrl\":\"https:\\\/\\\/aconteceunovale.com.br\\\/portal\\\/wp-content\\\/uploads\\\/2015\\\/09\\\/acidente_iapu_3.jpg\",\"width\":678,\"height\":427},{\"@type\":\"BreadcrumbList\",\"@id\":\"https:\\\/\\\/aconteceunovale.com.br\\\/portal\\\/?p=68548#breadcrumb\",\"itemListElement\":[{\"@type\":\"ListItem\",\"position\":1,\"name\":\"In\u00edcio\",\"item\":\"https:\\\/\\\/aconteceunovale.com.br\\\/portal\\\/\"},{\"@type\":\"ListItem\",\"position\":2,\"name\":\"Jovem morre ap\u00f3s ve\u00edculo sair da pista e capotar v\u00e1rias vezes em Iapu\"}]},{\"@type\":\"WebSite\",\"@id\":\"https:\\\/\\\/aconteceunovale.com.br\\\/portal\\\/#website\",\"url\":\"https:\\\/\\\/aconteceunovale.com.br\\\/portal\\\/\",\"name\":\"Aconteceu no Vale\",\"description\":\"Portal de Not\u00edcias\",\"potentialAction\":[{\"@type\":\"SearchAction\",\"target\":{\"@type\":\"EntryPoint\",\"urlTemplate\":\"https:\\\/\\\/aconteceunovale.com.br\\\/portal\\\/?s={search_term_string}\"},\"query-input\":{\"@type\":\"PropertyValueSpecification\",\"valueRequired\":true,\"valueName\":\"search_term_string\"}}],\"inLanguage\":\"pt-BR\"},{\"@type\":\"Person\",\"@id\":\"https:\\\/\\\/aconteceunovale.com.br\\\/portal\\\/#\\\/schema\\\/person\\\/7d2f26d1483f8a63de73da1ee0754d35\",\"name\":\"Reda\u00e7\u00e3o Aconteceu no Vale\",\"description\":\"Equipe de reportagem do Aconteceu no Vale, portal de not\u00edcias do Vale do Jequitinhonha, em Minas Gerais. Cobrimos as 51 cidades do Vale desde 2013. Sugest\u00f5es de pauta e pedidos de corre\u00e7\u00e3o: contato@aconteceunovale.com.br\",\"url\":\"https:\\\/\\\/aconteceunovale.com.br\\\/portal\\\/?author=4\"}]}<\/script>\n<!-- \/ Yoast SEO plugin. -->","yoast_head_json":{"title":"Jovem morre ap\u00f3s ve\u00edculo sair da pista e capotar v\u00e1rias vezes em Iapu - Aconteceu no Vale","robots":{"index":"index","follow":"follow","max-snippet":"max-snippet:-1","max-image-preview":"max-image-preview:large","max-video-preview":"max-video-preview:-1"},"canonical":"https:\/\/aconteceunovale.com.br\/portal\/?p=68548","og_locale":"pt_BR","og_type":"article","og_title":"Jovem morre ap\u00f3s ve\u00edculo sair da pista e capotar v\u00e1rias vezes em Iapu - Aconteceu no Vale","og_description":"Um jovem de 23 anos morreu em um acidente no in\u00edcio da madrugada deste domingo, 13 de setembro, na altura do quil\u00f4metro 112 da BR-458, no munic\u00edpio de Iapu, no Leste de Minas Gerais. De acordo com informa\u00e7\u00f5es da Pol\u00edcia Militar Rodovi\u00e1ria (PMR), o condutor teria perdido o controle da dire\u00e7\u00e3o, saiu da pista caiu [&hellip;]","og_url":"https:\/\/aconteceunovale.com.br\/portal\/?p=68548","og_site_name":"Aconteceu no Vale","article_publisher":"https:\/\/www.facebook.com\/aconteceunovale\/","article_published_time":"2015-09-13T20:20:10+00:00","article_modified_time":"2015-09-13T20:20:51+00:00","og_image":[{"width":678,"height":427,"url":"https:\/\/aconteceunovale.com.br\/portal\/wp-content\/uploads\/2015\/09\/acidente_iapu_3.jpg","type":"image\/jpeg"}],"author":"Reda\u00e7\u00e3o Aconteceu no Vale","twitter_card":"summary_large_image","twitter_creator":"@noticiadosvales","twitter_site":"@noticiadosvales","twitter_misc":{"Escrito por":"Reda\u00e7\u00e3o Aconteceu no Vale","Est. tempo de leitura":"1 minuto"},"schema":{"@context":"https:\/\/schema.org","@graph":[{"@type":"Article","@id":"https:\/\/aconteceunovale.com.br\/portal\/?p=68548#article","isPartOf":{"@id":"https:\/\/aconteceunovale.com.br\/portal\/?p=68548"},"author":{"name":"Reda\u00e7\u00e3o Aconteceu no Vale","@id":"https:\/\/aconteceunovale.com.br\/portal\/#\/schema\/person\/7d2f26d1483f8a63de73da1ee0754d35"},"headline":"Jovem morre ap\u00f3s ve\u00edculo sair da pista e capotar v\u00e1rias vezes em Iapu","datePublished":"2015-09-13T20:20:10+00:00","dateModified":"2015-09-13T20:20:51+00:00","mainEntityOfPage":{"@id":"https:\/\/aconteceunovale.com.br\/portal\/?p=68548"},"wordCount":206,"commentCount":0,"image":{"@id":"https:\/\/aconteceunovale.com.br\/portal\/?p=68548#primaryimage"},"thumbnailUrl":"https:\/\/aconteceunovale.com.br\/portal\/wp-content\/uploads\/2015\/09\/acidente_iapu_3.jpg","keywords":["acidente com moto em jana\u00faba","acidente com ve\u00edculo de caratinga","acidente em Iapu","acidente na br 458 em iapu","capotamento de ve\u00edculo em Iapu","Caratinga","Douglas Ven\u00e2ncio Diniz","Iapu","Ipatinga","Jovem morre ap\u00f3s ve\u00edculo sair da pista e capotar v\u00e1rias vezes em Iapu","Maximiliano joseph de Souza","Michael Lu\u00eds Moreira Rosa"],"articleSection":["Leste de Minas"],"inLanguage":"pt-BR","potentialAction":[{"@type":"CommentAction","name":"Comment","target":["https:\/\/aconteceunovale.com.br\/portal\/?p=68548#respond"]}]},{"@type":"WebPage","@id":"https:\/\/aconteceunovale.com.br\/portal\/?p=68548","url":"https:\/\/aconteceunovale.com.br\/portal\/?p=68548","name":"Jovem morre ap\u00f3s ve\u00edculo sair da pista e capotar v\u00e1rias vezes em Iapu - Aconteceu no Vale","isPartOf":{"@id":"https:\/\/aconteceunovale.com.br\/portal\/#website"},"primaryImageOfPage":{"@id":"https:\/\/aconteceunovale.com.br\/portal\/?p=68548#primaryimage"},"image":{"@id":"https:\/\/aconteceunovale.com.br\/portal\/?p=68548#primaryimage"},"thumbnailUrl":"https:\/\/aconteceunovale.com.br\/portal\/wp-content\/uploads\/2015\/09\/acidente_iapu_3.jpg","datePublished":"2015-09-13T20:20:10+00:00","dateModified":"2015-09-13T20:20:51+00:00","author":{"@id":"https:\/\/aconteceunovale.com.br\/portal\/#\/schema\/person\/7d2f26d1483f8a63de73da1ee0754d35"},"breadcrumb":{"@id":"https:\/\/aconteceunovale.com.br\/portal\/?p=68548#breadcrumb"},"inLanguage":"pt-BR","potentialAction":[{"@type":"ReadAction","target":["https:\/\/aconteceunovale.com.br\/portal\/?p=68548"]}]},{"@type":"ImageObject","inLanguage":"pt-BR","@id":"https:\/\/aconteceunovale.com.br\/portal\/?p=68548#primaryimage","url":"https:\/\/aconteceunovale.com.br\/portal\/wp-content\/uploads\/2015\/09\/acidente_iapu_3.jpg","contentUrl":"https:\/\/aconteceunovale.com.br\/portal\/wp-content\/uploads\/2015\/09\/acidente_iapu_3.jpg","width":678,"height":427},{"@type":"BreadcrumbList","@id":"https:\/\/aconteceunovale.com.br\/portal\/?p=68548#breadcrumb","itemListElement":[{"@type":"ListItem","position":1,"name":"In\u00edcio","item":"https:\/\/aconteceunovale.com.br\/portal\/"},{"@type":"ListItem","position":2,"name":"Jovem morre ap\u00f3s ve\u00edculo sair da pista e capotar v\u00e1rias vezes em Iapu"}]},{"@type":"WebSite","@id":"https:\/\/aconteceunovale.com.br\/portal\/#website","url":"https:\/\/aconteceunovale.com.br\/portal\/","name":"Aconteceu no Vale","description":"Portal de Not\u00edcias","potentialAction":[{"@type":"SearchAction","target":{"@type":"EntryPoint","urlTemplate":"https:\/\/aconteceunovale.com.br\/portal\/?s={search_term_string}"},"query-input":{"@type":"PropertyValueSpecification","valueRequired":true,"valueName":"search_term_string"}}],"inLanguage":"pt-BR"},{"@type":"Person","@id":"https:\/\/aconteceunovale.com.br\/portal\/#\/schema\/person\/7d2f26d1483f8a63de73da1ee0754d35","name":"Reda\u00e7\u00e3o Aconteceu no Vale","description":"Equipe de reportagem do Aconteceu no Vale, portal de not\u00edcias do Vale do Jequitinhonha, em Minas Gerais. Cobrimos as 51 cidades do Vale desde 2013. Sugest\u00f5es de pauta e pedidos de corre\u00e7\u00e3o: contato@aconteceunovale.com.br","url":"https:\/\/aconteceunovale.com.br\/portal\/?author=4"}]}},"_links":{"self":[{"href":"https:\/\/aconteceunovale.com.br\/portal\/index.php?rest_route=\/wp\/v2\/posts\/68548","targetHints":{"allow":["GET"]}}],"collection":[{"href":"https:\/\/aconteceunovale.com.br\/portal\/index.php?rest_route=\/wp\/v2\/posts"}],"about":[{"href":"https:\/\/aconteceunovale.com.br\/portal\/index.php?rest_route=\/wp\/v2\/types\/post"}],"author":[{"embeddable":true,"href":"https:\/\/aconteceunovale.com.br\/portal\/index.php?rest_route=\/wp\/v2\/users\/4"}],"replies":[{"embeddable":true,"href":"https:\/\/aconteceunovale.com.br\/portal\/index.php?rest_route=%2Fwp%2Fv2%2Fcomments&post=68548"}],"version-history":[{"count":0,"href":"https:\/\/aconteceunovale.com.br\/portal\/index.php?rest_route=\/wp\/v2\/posts\/68548\/revisions"}],"wp:featuredmedia":[{"embeddable":true,"href":"https:\/\/aconteceunovale.com.br\/portal\/index.php?rest_route=\/wp\/v2\/media\/68551"}],"wp:attachment":[{"href":"https:\/\/aconteceunovale.com.br\/portal\/index.php?rest_route=%2Fwp%2Fv2%2Fmedia&parent=68548"}],"wp:term":[{"taxonomy":"category","embeddable":true,"href":"https:\/\/aconteceunovale.com.br\/portal\/index.php?rest_route=%2Fwp%2Fv2%2Fcategories&post=68548"},{"taxonomy":"post_tag","embeddable":true,"href":"https:\/\/aconteceunovale.com.br\/portal\/index.php?rest_route=%2Fwp%2Fv2%2Ftags&post=68548"}],"curies":[{"name":"wp","href":"https:\/\/api.w.org\/{rel}","templated":true}]}}