{"id":68527,"date":"2015-09-13T22:03:24","date_gmt":"2015-09-14T01:03:24","guid":{"rendered":"http:\/\/aconteceunovale.com.br\/portal\/?p=68527"},"modified":"2015-09-13T22:04:23","modified_gmt":"2015-09-14T01:04:23","slug":"moradores-de-leliveldia-continuam-protesto-na-lmg-677-e-impedem-o-transito-de-carretas","status":"publish","type":"post","link":"https:\/\/aconteceunovale.com.br\/portal\/?p=68527","title":{"rendered":"Moradores de Leliv\u00e9ldia continuam protesto na LMG-677 e impedem o tr\u00e2nsito de carretas de eucalipto"},"content":{"rendered":"<p>Moradores do distrito de Leliv\u00e9ldia, em Berilo, no Vale do Jequitinhonha, fecham desde o in\u00edcio da tarde quinta-feira (10\/09) a rodovia LMG-677. Eles reclamam da falta de seguran\u00e7a na estrada e da poeira provocada pelo tr\u00e2nsito de carretas que transportam eucalipto de uma reflorestadora da regi\u00e3o. <\/p>\n<p>A manifesta\u00e7\u00e3o come\u00e7ou ap\u00f3s a morte de um motociclista La\u00e9rcio Alves do Nascimento, de 25 anos, que se envolveu em um acidente com uma carreta. <\/p>\n<p>No in\u00edcio da noite deste domingo (13\/09), o manifesto ainda n\u00e3o tinha previs\u00e3o para ser finalizado. Segundo a Pol\u00edcia Militar (PM), os moradores querem asfalto em pelo menos quatro quil\u00f4metros da rodovia. \u201cEles querem que sejam asfaltados pelo menos dois quil\u00f4metros antes e dois depois do distrito. Acreditam que assim o problema seja amenizado\u201d, diz o Cabo PM Jo\u00e3o Valdir.<\/p>\n<p>Uma reuni\u00e3o com representantes do governo, moradores e da empresa respons\u00e1vel por plantio de eucalipto na regi\u00e3o foi realizada na tarde de sexta-feira, mas a PM informou que n\u00e3o houve acordo entre os envolvidos. A pista continua interditada.<\/p>\n<p>O coordenador regional do Departamento de Estradas e Rodagem (DER) em Ara\u00e7ua\u00ed, Jo\u00e3o Pereira dos Santos, informou que a rodovia possui 42 quil\u00f4metros. Ele afirmou ainda que o projeto para asfaltamento do trecho passa por adequa\u00e7\u00f5es e deve entrar em processo de licita\u00e7\u00e3o no in\u00edcio de 2016.<\/p>\n<p><img decoding=\"async\" src=\"http:\/\/aconteceunovale.com.br\/portal\/wp-content\/uploads\/2015\/09\/leliveldia_protesto_2.jpg\" alt=\"\" \/><em>Moradores de Leliv\u00e9ldia continuam protesto na LMG-677 &#8211; Foto: Redes Sociais<\/em><br \/>\n<\/br><\/p>\n<p><img decoding=\"async\" src=\"http:\/\/aconteceunovale.com.br\/portal\/wp-content\/uploads\/2015\/09\/leliveldia_protesto_1.jpg\" alt=\"\" \/><em>Moradores de Leliv\u00e9ldia continuam protesto na LMG-677 &#8211; Foto: Redes Sociais<\/em><br \/>\n<\/br><\/p>\n<p><em>(Fonte: Inter TV Grande Minas \/ G1)<\/em><\/p>\n","protected":false},"excerpt":{"rendered":"<p>Moradores do distrito de Leliv\u00e9ldia, em Berilo, no Vale do Jequitinhonha, fecham desde o in\u00edcio da tarde quinta-feira (10\/09) a rodovia LMG-677. Eles reclamam da falta de seguran\u00e7a na estrada e da poeira provocada pelo tr\u00e2nsito de carretas que transportam eucalipto de uma reflorestadora da regi\u00e3o. A manifesta\u00e7\u00e3o come\u00e7ou ap\u00f3s a morte de um motociclista [&hellip;]<\/p>\n","protected":false},"author":4,"featured_media":68531,"comment_status":"open","ping_status":"closed","sticky":false,"template":"","format":"standard","meta":{"amp_status":"","footnotes":""},"categories":[120],"tags":[59073,59071,59072,841,59077,59074,59147,13364,21022,59075,59357,59358,59434,59070,59076],"class_list":["post-68527","post","type-post","status-publish","format-standard","has-post-thumbnail","hentry","category-jequi","tag-acidente-em-berilo","tag-acidente-em-leliveldia","tag-acidente-na-lmg-677","tag-berilo","tag-interdicao-de-estrada-em-leliveldia","tag-laercio-alves","tag-laercio-alves-do-nascimento","tag-leliveldia","tag-lmg-677","tag-manifestacao-em-leliveldia","tag-moradores-de-leliveldia-continuam-protesto-na-lmg-677","tag-moradores-de-leliveldia-continuam-protesto-na-lmg-677-e-impedem-o-transito-de-carretas","tag-moradores-de-leliveldia-continuam-protesto-na-lmg-677-e-impedem-o-transito-de-carretas-de-eucalipto","tag-populacao-interdita-estrada-apos-acidente-com-morte-em-leliveldia","tag-protesto-em-leliveldia"],"yoast_head":"<!-- This site is optimized with the Yoast SEO plugin v28.3 - https:\/\/yoast.com\/product\/yoast-seo-wordpress\/ -->\n<title>Moradores de Leliv\u00e9ldia continuam protesto na LMG-677 e impedem o tr\u00e2nsito de carretas de eucalipto - Aconteceu no Vale<\/title>\n<meta name=\"robots\" content=\"index, follow, max-snippet:-1, max-image-preview:large, max-video-preview:-1\" \/>\n<link rel=\"canonical\" href=\"https:\/\/aconteceunovale.com.br\/portal\/?p=68527\" \/>\n<meta property=\"og:locale\" content=\"pt_BR\" \/>\n<meta property=\"og:type\" content=\"article\" \/>\n<meta property=\"og:title\" content=\"Moradores de Leliv\u00e9ldia continuam protesto na LMG-677 e impedem o tr\u00e2nsito de carretas de eucalipto - Aconteceu no Vale\" \/>\n<meta property=\"og:description\" content=\"Moradores do distrito de Leliv\u00e9ldia, em Berilo, no Vale do Jequitinhonha, fecham desde o in\u00edcio da tarde quinta-feira (10\/09) a rodovia LMG-677. Eles reclamam da falta de seguran\u00e7a na estrada e da poeira provocada pelo tr\u00e2nsito de carretas que transportam eucalipto de uma reflorestadora da regi\u00e3o. A manifesta\u00e7\u00e3o come\u00e7ou ap\u00f3s a morte de um motociclista [&hellip;]\" \/>\n<meta property=\"og:url\" content=\"https:\/\/aconteceunovale.com.br\/portal\/?p=68527\" \/>\n<meta property=\"og:site_name\" content=\"Aconteceu no Vale\" \/>\n<meta property=\"article:publisher\" content=\"https:\/\/www.facebook.com\/aconteceunovale\/\" \/>\n<meta property=\"article:published_time\" content=\"2015-09-14T01:03:24+00:00\" \/>\n<meta property=\"article:modified_time\" content=\"2015-09-14T01:04:23+00:00\" \/>\n<meta property=\"og:image\" content=\"https:\/\/aconteceunovale.com.br\/portal\/wp-content\/uploads\/2015\/09\/leliveldia_protesto_2.jpg\" \/>\n\t<meta property=\"og:image:width\" content=\"678\" \/>\n\t<meta property=\"og:image:height\" content=\"421\" \/>\n\t<meta property=\"og:image:type\" content=\"image\/jpeg\" \/>\n<meta name=\"author\" content=\"Reda\u00e7\u00e3o Aconteceu no Vale\" \/>\n<meta name=\"twitter:card\" content=\"summary_large_image\" \/>\n<meta name=\"twitter:creator\" content=\"@noticiadosvales\" \/>\n<meta name=\"twitter:site\" content=\"@noticiadosvales\" \/>\n<meta name=\"twitter:label1\" content=\"Escrito por\" \/>\n\t<meta name=\"twitter:data1\" content=\"Reda\u00e7\u00e3o Aconteceu no Vale\" \/>\n\t<meta name=\"twitter:label2\" content=\"Est. tempo de leitura\" \/>\n\t<meta name=\"twitter:data2\" content=\"1 minuto\" \/>\n<script type=\"application\/ld+json\" class=\"yoast-schema-graph\">{\"@context\":\"https:\\\/\\\/schema.org\",\"@graph\":[{\"@type\":\"Article\",\"@id\":\"https:\\\/\\\/aconteceunovale.com.br\\\/portal\\\/?p=68527#article\",\"isPartOf\":{\"@id\":\"https:\\\/\\\/aconteceunovale.com.br\\\/portal\\\/?p=68527\"},\"author\":{\"name\":\"Reda\u00e7\u00e3o Aconteceu no Vale\",\"@id\":\"https:\\\/\\\/aconteceunovale.com.br\\\/portal\\\/#\\\/schema\\\/person\\\/7d2f26d1483f8a63de73da1ee0754d35\"},\"headline\":\"Moradores de Leliv\u00e9ldia continuam protesto na LMG-677 e impedem o tr\u00e2nsito de carretas de eucalipto\",\"datePublished\":\"2015-09-14T01:03:24+00:00\",\"dateModified\":\"2015-09-14T01:04:23+00:00\",\"mainEntityOfPage\":{\"@id\":\"https:\\\/\\\/aconteceunovale.com.br\\\/portal\\\/?p=68527\"},\"wordCount\":284,\"commentCount\":2,\"image\":{\"@id\":\"https:\\\/\\\/aconteceunovale.com.br\\\/portal\\\/?p=68527#primaryimage\"},\"thumbnailUrl\":\"https:\\\/\\\/aconteceunovale.com.br\\\/portal\\\/wp-content\\\/uploads\\\/2015\\\/09\\\/leliveldia_protesto_2.jpg\",\"keywords\":[\"acidente em berilo\",\"acidente em Leliv\u00e9ldia\",\"acidente na lmg-677\",\"berilo\",\"interdi\u00e7\u00e3o de estrada em leliv\u00e9ldia\",\"La\u00e9rcio Alves\",\"La\u00e9rcio Alves do Nascimento\",\"Leliv\u00e9ldia\",\"LMG 677\",\"manifesta\u00e7\u00e3o em leliv\u00e9ldia\",\"Moradores de Leliv\u00e9ldia continuam protesto na LMG-677\",\"Moradores de Leliv\u00e9ldia continuam protesto na LMG-677 e impedem o tr\u00e2nsito de carretas\",\"Moradores de Leliv\u00e9ldia continuam protesto na LMG-677 e impedem o tr\u00e2nsito de carretas de eucalipto\",\"Popula\u00e7\u00e3o interdita estrada ap\u00f3s acidente com morte em Leliv\u00e9ldia\",\"protesto em leliv\u00e9ldia\"],\"articleSection\":[\"Vale do Jequitinhonha\"],\"inLanguage\":\"pt-BR\",\"potentialAction\":[{\"@type\":\"CommentAction\",\"name\":\"Comment\",\"target\":[\"https:\\\/\\\/aconteceunovale.com.br\\\/portal\\\/?p=68527#respond\"]}]},{\"@type\":\"WebPage\",\"@id\":\"https:\\\/\\\/aconteceunovale.com.br\\\/portal\\\/?p=68527\",\"url\":\"https:\\\/\\\/aconteceunovale.com.br\\\/portal\\\/?p=68527\",\"name\":\"Moradores de Leliv\u00e9ldia continuam protesto na LMG-677 e impedem o tr\u00e2nsito de carretas de eucalipto - Aconteceu no Vale\",\"isPartOf\":{\"@id\":\"https:\\\/\\\/aconteceunovale.com.br\\\/portal\\\/#website\"},\"primaryImageOfPage\":{\"@id\":\"https:\\\/\\\/aconteceunovale.com.br\\\/portal\\\/?p=68527#primaryimage\"},\"image\":{\"@id\":\"https:\\\/\\\/aconteceunovale.com.br\\\/portal\\\/?p=68527#primaryimage\"},\"thumbnailUrl\":\"https:\\\/\\\/aconteceunovale.com.br\\\/portal\\\/wp-content\\\/uploads\\\/2015\\\/09\\\/leliveldia_protesto_2.jpg\",\"datePublished\":\"2015-09-14T01:03:24+00:00\",\"dateModified\":\"2015-09-14T01:04:23+00:00\",\"author\":{\"@id\":\"https:\\\/\\\/aconteceunovale.com.br\\\/portal\\\/#\\\/schema\\\/person\\\/7d2f26d1483f8a63de73da1ee0754d35\"},\"breadcrumb\":{\"@id\":\"https:\\\/\\\/aconteceunovale.com.br\\\/portal\\\/?p=68527#breadcrumb\"},\"inLanguage\":\"pt-BR\",\"potentialAction\":[{\"@type\":\"ReadAction\",\"target\":[\"https:\\\/\\\/aconteceunovale.com.br\\\/portal\\\/?p=68527\"]}]},{\"@type\":\"ImageObject\",\"inLanguage\":\"pt-BR\",\"@id\":\"https:\\\/\\\/aconteceunovale.com.br\\\/portal\\\/?p=68527#primaryimage\",\"url\":\"https:\\\/\\\/aconteceunovale.com.br\\\/portal\\\/wp-content\\\/uploads\\\/2015\\\/09\\\/leliveldia_protesto_2.jpg\",\"contentUrl\":\"https:\\\/\\\/aconteceunovale.com.br\\\/portal\\\/wp-content\\\/uploads\\\/2015\\\/09\\\/leliveldia_protesto_2.jpg\",\"width\":678,\"height\":421},{\"@type\":\"BreadcrumbList\",\"@id\":\"https:\\\/\\\/aconteceunovale.com.br\\\/portal\\\/?p=68527#breadcrumb\",\"itemListElement\":[{\"@type\":\"ListItem\",\"position\":1,\"name\":\"In\u00edcio\",\"item\":\"https:\\\/\\\/aconteceunovale.com.br\\\/portal\\\/\"},{\"@type\":\"ListItem\",\"position\":2,\"name\":\"Moradores de Leliv\u00e9ldia continuam protesto na LMG-677 e impedem o tr\u00e2nsito de carretas de eucalipto\"}]},{\"@type\":\"WebSite\",\"@id\":\"https:\\\/\\\/aconteceunovale.com.br\\\/portal\\\/#website\",\"url\":\"https:\\\/\\\/aconteceunovale.com.br\\\/portal\\\/\",\"name\":\"Aconteceu no Vale\",\"description\":\"Portal de Not\u00edcias\",\"potentialAction\":[{\"@type\":\"SearchAction\",\"target\":{\"@type\":\"EntryPoint\",\"urlTemplate\":\"https:\\\/\\\/aconteceunovale.com.br\\\/portal\\\/?s={search_term_string}\"},\"query-input\":{\"@type\":\"PropertyValueSpecification\",\"valueRequired\":true,\"valueName\":\"search_term_string\"}}],\"inLanguage\":\"pt-BR\"},{\"@type\":\"Person\",\"@id\":\"https:\\\/\\\/aconteceunovale.com.br\\\/portal\\\/#\\\/schema\\\/person\\\/7d2f26d1483f8a63de73da1ee0754d35\",\"name\":\"Reda\u00e7\u00e3o Aconteceu no Vale\",\"description\":\"Equipe de reportagem do Aconteceu no Vale, portal de not\u00edcias do Vale do Jequitinhonha, em Minas Gerais. Cobrimos as 51 cidades do Vale desde 2013. Sugest\u00f5es de pauta e pedidos de corre\u00e7\u00e3o: contato@aconteceunovale.com.br\",\"url\":\"https:\\\/\\\/aconteceunovale.com.br\\\/portal\\\/?author=4\"}]}<\/script>\n<!-- \/ Yoast SEO plugin. -->","yoast_head_json":{"title":"Moradores de Leliv\u00e9ldia continuam protesto na LMG-677 e impedem o tr\u00e2nsito de carretas de eucalipto - Aconteceu no Vale","robots":{"index":"index","follow":"follow","max-snippet":"max-snippet:-1","max-image-preview":"max-image-preview:large","max-video-preview":"max-video-preview:-1"},"canonical":"https:\/\/aconteceunovale.com.br\/portal\/?p=68527","og_locale":"pt_BR","og_type":"article","og_title":"Moradores de Leliv\u00e9ldia continuam protesto na LMG-677 e impedem o tr\u00e2nsito de carretas de eucalipto - Aconteceu no Vale","og_description":"Moradores do distrito de Leliv\u00e9ldia, em Berilo, no Vale do Jequitinhonha, fecham desde o in\u00edcio da tarde quinta-feira (10\/09) a rodovia LMG-677. Eles reclamam da falta de seguran\u00e7a na estrada e da poeira provocada pelo tr\u00e2nsito de carretas que transportam eucalipto de uma reflorestadora da regi\u00e3o. A manifesta\u00e7\u00e3o come\u00e7ou ap\u00f3s a morte de um motociclista [&hellip;]","og_url":"https:\/\/aconteceunovale.com.br\/portal\/?p=68527","og_site_name":"Aconteceu no Vale","article_publisher":"https:\/\/www.facebook.com\/aconteceunovale\/","article_published_time":"2015-09-14T01:03:24+00:00","article_modified_time":"2015-09-14T01:04:23+00:00","og_image":[{"width":678,"height":421,"url":"https:\/\/aconteceunovale.com.br\/portal\/wp-content\/uploads\/2015\/09\/leliveldia_protesto_2.jpg","type":"image\/jpeg"}],"author":"Reda\u00e7\u00e3o Aconteceu no Vale","twitter_card":"summary_large_image","twitter_creator":"@noticiadosvales","twitter_site":"@noticiadosvales","twitter_misc":{"Escrito por":"Reda\u00e7\u00e3o Aconteceu no Vale","Est. tempo de leitura":"1 minuto"},"schema":{"@context":"https:\/\/schema.org","@graph":[{"@type":"Article","@id":"https:\/\/aconteceunovale.com.br\/portal\/?p=68527#article","isPartOf":{"@id":"https:\/\/aconteceunovale.com.br\/portal\/?p=68527"},"author":{"name":"Reda\u00e7\u00e3o Aconteceu no Vale","@id":"https:\/\/aconteceunovale.com.br\/portal\/#\/schema\/person\/7d2f26d1483f8a63de73da1ee0754d35"},"headline":"Moradores de Leliv\u00e9ldia continuam protesto na LMG-677 e impedem o tr\u00e2nsito de carretas de eucalipto","datePublished":"2015-09-14T01:03:24+00:00","dateModified":"2015-09-14T01:04:23+00:00","mainEntityOfPage":{"@id":"https:\/\/aconteceunovale.com.br\/portal\/?p=68527"},"wordCount":284,"commentCount":2,"image":{"@id":"https:\/\/aconteceunovale.com.br\/portal\/?p=68527#primaryimage"},"thumbnailUrl":"https:\/\/aconteceunovale.com.br\/portal\/wp-content\/uploads\/2015\/09\/leliveldia_protesto_2.jpg","keywords":["acidente em berilo","acidente em Leliv\u00e9ldia","acidente na lmg-677","berilo","interdi\u00e7\u00e3o de estrada em leliv\u00e9ldia","La\u00e9rcio Alves","La\u00e9rcio Alves do Nascimento","Leliv\u00e9ldia","LMG 677","manifesta\u00e7\u00e3o em leliv\u00e9ldia","Moradores de Leliv\u00e9ldia continuam protesto na LMG-677","Moradores de Leliv\u00e9ldia continuam protesto na LMG-677 e impedem o tr\u00e2nsito de carretas","Moradores de Leliv\u00e9ldia continuam protesto na LMG-677 e impedem o tr\u00e2nsito de carretas de eucalipto","Popula\u00e7\u00e3o interdita estrada ap\u00f3s acidente com morte em Leliv\u00e9ldia","protesto em leliv\u00e9ldia"],"articleSection":["Vale do Jequitinhonha"],"inLanguage":"pt-BR","potentialAction":[{"@type":"CommentAction","name":"Comment","target":["https:\/\/aconteceunovale.com.br\/portal\/?p=68527#respond"]}]},{"@type":"WebPage","@id":"https:\/\/aconteceunovale.com.br\/portal\/?p=68527","url":"https:\/\/aconteceunovale.com.br\/portal\/?p=68527","name":"Moradores de Leliv\u00e9ldia continuam protesto na LMG-677 e impedem o tr\u00e2nsito de carretas de eucalipto - Aconteceu no Vale","isPartOf":{"@id":"https:\/\/aconteceunovale.com.br\/portal\/#website"},"primaryImageOfPage":{"@id":"https:\/\/aconteceunovale.com.br\/portal\/?p=68527#primaryimage"},"image":{"@id":"https:\/\/aconteceunovale.com.br\/portal\/?p=68527#primaryimage"},"thumbnailUrl":"https:\/\/aconteceunovale.com.br\/portal\/wp-content\/uploads\/2015\/09\/leliveldia_protesto_2.jpg","datePublished":"2015-09-14T01:03:24+00:00","dateModified":"2015-09-14T01:04:23+00:00","author":{"@id":"https:\/\/aconteceunovale.com.br\/portal\/#\/schema\/person\/7d2f26d1483f8a63de73da1ee0754d35"},"breadcrumb":{"@id":"https:\/\/aconteceunovale.com.br\/portal\/?p=68527#breadcrumb"},"inLanguage":"pt-BR","potentialAction":[{"@type":"ReadAction","target":["https:\/\/aconteceunovale.com.br\/portal\/?p=68527"]}]},{"@type":"ImageObject","inLanguage":"pt-BR","@id":"https:\/\/aconteceunovale.com.br\/portal\/?p=68527#primaryimage","url":"https:\/\/aconteceunovale.com.br\/portal\/wp-content\/uploads\/2015\/09\/leliveldia_protesto_2.jpg","contentUrl":"https:\/\/aconteceunovale.com.br\/portal\/wp-content\/uploads\/2015\/09\/leliveldia_protesto_2.jpg","width":678,"height":421},{"@type":"BreadcrumbList","@id":"https:\/\/aconteceunovale.com.br\/portal\/?p=68527#breadcrumb","itemListElement":[{"@type":"ListItem","position":1,"name":"In\u00edcio","item":"https:\/\/aconteceunovale.com.br\/portal\/"},{"@type":"ListItem","position":2,"name":"Moradores de Leliv\u00e9ldia continuam protesto na LMG-677 e impedem o tr\u00e2nsito de carretas de eucalipto"}]},{"@type":"WebSite","@id":"https:\/\/aconteceunovale.com.br\/portal\/#website","url":"https:\/\/aconteceunovale.com.br\/portal\/","name":"Aconteceu no Vale","description":"Portal de Not\u00edcias","potentialAction":[{"@type":"SearchAction","target":{"@type":"EntryPoint","urlTemplate":"https:\/\/aconteceunovale.com.br\/portal\/?s={search_term_string}"},"query-input":{"@type":"PropertyValueSpecification","valueRequired":true,"valueName":"search_term_string"}}],"inLanguage":"pt-BR"},{"@type":"Person","@id":"https:\/\/aconteceunovale.com.br\/portal\/#\/schema\/person\/7d2f26d1483f8a63de73da1ee0754d35","name":"Reda\u00e7\u00e3o Aconteceu no Vale","description":"Equipe de reportagem do Aconteceu no Vale, portal de not\u00edcias do Vale do Jequitinhonha, em Minas Gerais. Cobrimos as 51 cidades do Vale desde 2013. Sugest\u00f5es de pauta e pedidos de corre\u00e7\u00e3o: contato@aconteceunovale.com.br","url":"https:\/\/aconteceunovale.com.br\/portal\/?author=4"}]}},"_links":{"self":[{"href":"https:\/\/aconteceunovale.com.br\/portal\/index.php?rest_route=\/wp\/v2\/posts\/68527","targetHints":{"allow":["GET"]}}],"collection":[{"href":"https:\/\/aconteceunovale.com.br\/portal\/index.php?rest_route=\/wp\/v2\/posts"}],"about":[{"href":"https:\/\/aconteceunovale.com.br\/portal\/index.php?rest_route=\/wp\/v2\/types\/post"}],"author":[{"embeddable":true,"href":"https:\/\/aconteceunovale.com.br\/portal\/index.php?rest_route=\/wp\/v2\/users\/4"}],"replies":[{"embeddable":true,"href":"https:\/\/aconteceunovale.com.br\/portal\/index.php?rest_route=%2Fwp%2Fv2%2Fcomments&post=68527"}],"version-history":[{"count":0,"href":"https:\/\/aconteceunovale.com.br\/portal\/index.php?rest_route=\/wp\/v2\/posts\/68527\/revisions"}],"wp:featuredmedia":[{"embeddable":true,"href":"https:\/\/aconteceunovale.com.br\/portal\/index.php?rest_route=\/wp\/v2\/media\/68531"}],"wp:attachment":[{"href":"https:\/\/aconteceunovale.com.br\/portal\/index.php?rest_route=%2Fwp%2Fv2%2Fmedia&parent=68527"}],"wp:term":[{"taxonomy":"category","embeddable":true,"href":"https:\/\/aconteceunovale.com.br\/portal\/index.php?rest_route=%2Fwp%2Fv2%2Fcategories&post=68527"},{"taxonomy":"post_tag","embeddable":true,"href":"https:\/\/aconteceunovale.com.br\/portal\/index.php?rest_route=%2Fwp%2Fv2%2Ftags&post=68527"}],"curies":[{"name":"wp","href":"https:\/\/api.w.org\/{rel}","templated":true}]}}