{"id":68462,"date":"2015-09-12T12:09:31","date_gmt":"2015-09-12T15:09:31","guid":{"rendered":"http:\/\/aconteceunovale.com.br\/portal\/?p=68462"},"modified":"2015-09-12T12:09:31","modified_gmt":"2015-09-12T15:09:31","slug":"conferencia-regional-de-assistencia-social-chega-ao-territorio-medio-e-baixo-jequitinhonha","status":"publish","type":"post","link":"https:\/\/aconteceunovale.com.br\/portal\/?p=68462","title":{"rendered":"Confer\u00eancia Regional de Assist\u00eancia Social chega ao Territ\u00f3rio M\u00e9dio e Baixo Jequitinhonha"},"content":{"rendered":"<h4><strong><em>Evento acontece em Ara\u00e7ua\u00ed com o tema \u201cO desafio da regionaliza\u00e7\u00e3o na consolida\u00e7\u00e3o do Suas (Sistema \u00danico de Assist\u00eancia Social) em Minas Gerais\u201d<\/em><\/strong><\/h4>\n<p>A Secretaria de Trabalho e Desenvolvimento Social de Minas Gerais (Sedese) e o Conselho Estadual de Assist\u00eancia Social (Ceas) realizam, nesta ter\u00e7a-feira (15\/09), a quarta Confer\u00eancia Regional de Assist\u00eancia Social do estado, de uma s\u00e9rie de 15 encontros que v\u00e3o ocorrer at\u00e9 outubro. A confer\u00eancia, que pela primeira vez ter\u00e1 car\u00e1ter deliberativo, ser\u00e1 no Col\u00e9gio Nazareth (Rua Dom Serafim, 435 &#8211; Centro), a partir das 07h30 (hor\u00e1rio de in\u00edcio do credenciamento).<\/p>\n<p>O tema da Confer\u00eancia \u00e9 \u201cO desafio da regionaliza\u00e7\u00e3o na consolida\u00e7\u00e3o do Suas (Sistema \u00danico de Assist\u00eancia Social) em Minas Gerais\u201d e foi subdividido em tr\u00eas subtemas: a Regionaliza\u00e7\u00e3o da Prote\u00e7\u00e3o Social Especial, a Participa\u00e7\u00e3o dos Usu\u00e1rios, a Participa\u00e7\u00e3o dos Trabalhadores do Suas. O evento vai contar com a presen\u00e7a dos 52 delegados (29 de Ara\u00e7ua\u00ed e 23 de Almenara) e autoridades como o secret\u00e1rio de Estado de Trabalho e Desenvolvimento Social, Andr\u00e9 Quint\u00e3o; e a subsecret\u00e1ria de Assist\u00eancia Social, Simone Albuquerque. O p\u00fablico esperado \u00e9 de 200 pessoas.<\/p>\n<p>Um dos pontos altos &#8211; e de extrema import\u00e2ncia do encontro &#8211; vai ser a escolha dos delegados que representar\u00e3o a regi\u00e3o na 11\u00aa Confer\u00eancia Estadual de Assist\u00eancia Social de Minas Gerais, agendada para o per\u00edodo de 26 a 29 de outubro, no Minascentro, em Belo Horizonte. Tanto essa designa\u00e7\u00e3o democr\u00e1tica dos delegados quanto o tema das confer\u00eancias, que sugere a consolida\u00e7\u00e3o do Suas a partir da participa\u00e7\u00e3o regionalizada, v\u00e3o ao encontro das determina\u00e7\u00f5es do Governo de Minas de que a atual administra\u00e7\u00e3o seja a mais pr\u00f3xima poss\u00edvel dos cidad\u00e3os, dos munic\u00edpios, dos 17 territ\u00f3rios e de suas realidades espec\u00edficas.<\/p>\n<p>Informamos, desde j\u00e1, que o secret\u00e1rio Andr\u00e9 Quint\u00e3o estar\u00e1 \u00e0 disposi\u00e7\u00e3o da imprensa, para entrevista, as 10h30, logo ap\u00f3s a abertura da confer\u00eancia.<\/p>\n<table border=\"1\" cellspacing=\"0\" cellpadding=\"0\">\n<tbody>\n<tr>\n<td colspan=\"3\" valign=\"top\" width=\"581\">\n<p align=\"center\"><b>CONFER\u00caNCIAS REGIONAIS MINAS GERAIS*<\/b><\/p>\n<\/td>\n<\/tr>\n<tr>\n<td valign=\"top\" width=\"169\">\n<p align=\"center\"><b>MUNIC\u00cdPIO SEDE<\/b><\/p>\n<\/td>\n<td valign=\"top\" width=\"240\">\n<p align=\"center\"><b>REGIONAL SEDESE<\/b><\/p>\n<\/td>\n<td valign=\"top\" width=\"171\">\n<p align=\"center\"><b>DATA<\/b><\/p>\n<\/td>\n<\/tr>\n<tr>\n<td valign=\"top\" width=\"169\">DIVIN\u00d3POLIS<\/td>\n<td valign=\"top\" width=\"240\">DIVIN\u00d3POLIS<\/td>\n<td valign=\"top\" width=\"171\">10\/09\/2015<\/td>\n<\/tr>\n<tr>\n<td valign=\"top\" width=\"169\">TIM\u00d3TEO<\/td>\n<td valign=\"top\" width=\"240\">TIM\u00d3TEO<\/td>\n<td valign=\"top\" width=\"171\">11\/09\/2015<\/td>\n<\/tr>\n<tr>\n<td valign=\"top\" width=\"169\">BELO HORIZONTE<\/td>\n<td valign=\"top\" width=\"240\">BELO HORIZONTE<\/td>\n<td valign=\"top\" width=\"171\">14\/09\/2015<\/td>\n<\/tr>\n<tr>\n<td valign=\"top\" width=\"169\">ARA\u00c7UA\u00cd<\/td>\n<td valign=\"top\" width=\"240\">ALMENARA\/ ARA\u00c7UA\u00cd<\/td>\n<td valign=\"top\" width=\"171\">15\/09\/2015<\/p>\n<p>&nbsp;<\/td>\n<\/tr>\n<tr>\n<td valign=\"top\" width=\"169\">TE\u00d3FILO OTONI<\/td>\n<td valign=\"top\" width=\"240\">TE\u00d3FILO OTONI<\/td>\n<td valign=\"top\" width=\"171\">17\/09\/2015<\/p>\n<p>&nbsp;<\/td>\n<\/tr>\n<tr>\n<td valign=\"top\" width=\"169\">GOV. VALADARES<\/td>\n<td valign=\"top\" width=\"240\">GOV. VALADARES<\/td>\n<td valign=\"top\" width=\"171\">18\/09\/2015<\/td>\n<\/tr>\n<tr>\n<td valign=\"top\" width=\"169\">PO\u00c7OS DE CALDAS<\/td>\n<td valign=\"top\" width=\"240\">PO\u00c7OS\/PASSOS<\/td>\n<td valign=\"top\" width=\"171\">22\/09\/2015<\/td>\n<\/tr>\n<tr>\n<td valign=\"top\" width=\"169\">VARGINHA<\/td>\n<td valign=\"top\" width=\"240\">VARGINHA<\/td>\n<td valign=\"top\" width=\"171\">23\/09\/2015<\/td>\n<\/tr>\n<tr>\n<td valign=\"top\" width=\"169\">CURVELO<\/td>\n<td valign=\"top\" width=\"240\">CURVELO<\/td>\n<td valign=\"top\" width=\"171\">25\/09\/2015<\/td>\n<\/tr>\n<tr>\n<td valign=\"top\" width=\"169\">S\u00c3O JO\u00c3O DEL REI<\/td>\n<td valign=\"top\" width=\"240\">S\u00c3O JO\u00c3O DEL REI<\/td>\n<td valign=\"top\" width=\"171\">29\/09\/2015<\/td>\n<\/tr>\n<tr>\n<td valign=\"top\" width=\"169\">JUIZ DE FORA<\/td>\n<td valign=\"top\" width=\"240\">JUIZ DE FORA<\/td>\n<td valign=\"top\" width=\"171\">30\/09\/2015<\/td>\n<\/tr>\n<tr>\n<td valign=\"top\" width=\"169\">MURIA\u00c9<\/td>\n<td valign=\"top\" width=\"240\">MURIA\u00c9<\/td>\n<td valign=\"top\" width=\"171\">01\/10\/2015<\/td>\n<\/tr>\n<tr>\n<td valign=\"top\" width=\"169\">PARACATU<\/td>\n<td valign=\"top\" width=\"240\">PARACATU\/PATOS DE MINAS<\/td>\n<td valign=\"top\" width=\"171\">06\/10\/2015<\/p>\n<p>&nbsp;<\/td>\n<\/tr>\n<tr>\n<td valign=\"top\" width=\"169\">MONTES CLAROS<\/td>\n<td valign=\"top\" width=\"240\">MONTES CLAROS\/SALINAS<\/td>\n<td valign=\"top\" width=\"171\">08\/10\/2015<\/td>\n<\/tr>\n<tr>\n<td valign=\"top\" width=\"169\">UBERL\u00c2NDIA<\/td>\n<td valign=\"top\" width=\"240\">ITUIUTABA\/UBERL\u00c2NDIA\/UBERABA<\/td>\n<td valign=\"top\" width=\"171\">13\/10\/2015<\/p>\n<p>&nbsp;<\/td>\n<\/tr>\n<\/tbody>\n<\/table>\n<p><em>* Definidas pelo Conselho Estadual de Assist\u00eancia Social (Ceas)<\/em><\/p>\n<p>A Regional da Sedese de Ara\u00e7ua\u00ed abrange os seguintes munic\u00edpios: Ara\u00e7ua\u00ed, Angel\u00e2ndia, Aricanduva, Berilo, Capelinha, Carbonita, Chapada do Norte, Comercinho, Coronel Murta, Francisco Badar\u00f3, Itamarandiba, Itaobim, Itinga, Jenipapo de Minas, Jos\u00e9 Gon\u00e7alves de Minas, Leme do Prado, Medina, Minas Novas, Ponto dos Volantes, Turmalina, Veredinha e Virgem da Lapa.<\/p>\n<p>A Regional de Almenara abrange os munic\u00edpios de Almenara, Bandeira, Divis\u00f3polis, Felisburgo, Jacinto, Jequitinhonha, Joa\u00edma, Jord\u00e2nia, Mata Verde, Monte Formoso, Palm\u00f3polis, Pedra Azul, Rio do Prado, Rubim, Salto da Divisa, Santa Maria do Salto e Santo Ant\u00f4nio do Jacinto.<\/p>\n","protected":false},"excerpt":{"rendered":"<p>Evento acontece em Ara\u00e7ua\u00ed com o tema \u201cO desafio da regionaliza\u00e7\u00e3o na consolida\u00e7\u00e3o do Suas (Sistema \u00danico de Assist\u00eancia Social) em Minas Gerais\u201d A Secretaria de Trabalho e Desenvolvimento Social de Minas Gerais (Sedese) e o Conselho Estadual de Assist\u00eancia Social (Ceas) realizam, nesta ter\u00e7a-feira (15\/09), a quarta Confer\u00eancia Regional de Assist\u00eancia Social do estado, [&hellip;]<\/p>\n","protected":false},"author":4,"featured_media":66546,"comment_status":"open","ping_status":"closed","sticky":false,"template":"","format":"standard","meta":{"amp_status":"","footnotes":""},"categories":[120],"tags":[142,657,186,551,353,841,132,557,481,426,59244,59243,483,354,136,187,149,391,189,408,1218,34252,611,475,917,480,355,389,137,410,411,455,444,59246,59245,3928,407,409,699,674,48878,178,916,482],"class_list":["post-68462","post","type-post","status-publish","format-standard","has-post-thumbnail","hentry","category-jequi","tag-almenara","tag-angelandia","tag-aracuai","tag-aricanduva","tag-bandeira","tag-berilo","tag-capelinha","tag-carbonita","tag-chapada-do-norte","tag-comercinho","tag-conferencia-regional-de-assistencia-social-aracuai","tag-conferencia-regional-de-assistencia-social-chega-ao-territorio-medio-e-baixo-jequitinhonha","tag-coronel-murta","tag-divisopolis","tag-felisburgo","tag-francisco-badaro","tag-itamarandiba","tag-itaobim","tag-itinga","tag-jacinto","tag-jenipapo-de-minas","tag-jequitinhonha","tag-joaima","tag-jordania","tag-jose-goncalves-de-minas","tag-leme-do-prado","tag-mata-verde","tag-medina","tag-minas-novas","tag-monte-formoso","tag-palmopolis","tag-pedra-azul","tag-ponto-dos-volantes","tag-regional-da-sedese-de-almenara","tag-regional-da-sedese-de-aracuai","tag-rio-do-prado","tag-rubim","tag-salto-da-divisa","tag-santa-maria-do-salto","tag-santo-antonio-do-jacinto","tag-territorio-medio-e-baixo-jequitinhonha","tag-turmalina","tag-veredinha","tag-virgem-da-lapa"],"_links":{"self":[{"href":"https:\/\/aconteceunovale.com.br\/portal\/index.php?rest_route=\/wp\/v2\/posts\/68462","targetHints":{"allow":["GET"]}}],"collection":[{"href":"https:\/\/aconteceunovale.com.br\/portal\/index.php?rest_route=\/wp\/v2\/posts"}],"about":[{"href":"https:\/\/aconteceunovale.com.br\/portal\/index.php?rest_route=\/wp\/v2\/types\/post"}],"author":[{"embeddable":true,"href":"https:\/\/aconteceunovale.com.br\/portal\/index.php?rest_route=\/wp\/v2\/users\/4"}],"replies":[{"embeddable":true,"href":"https:\/\/aconteceunovale.com.br\/portal\/index.php?rest_route=%2Fwp%2Fv2%2Fcomments&post=68462"}],"version-history":[{"count":0,"href":"https:\/\/aconteceunovale.com.br\/portal\/index.php?rest_route=\/wp\/v2\/posts\/68462\/revisions"}],"wp:featuredmedia":[{"embeddable":true,"href":"https:\/\/aconteceunovale.com.br\/portal\/index.php?rest_route=\/wp\/v2\/media\/66546"}],"wp:attachment":[{"href":"https:\/\/aconteceunovale.com.br\/portal\/index.php?rest_route=%2Fwp%2Fv2%2Fmedia&parent=68462"}],"wp:term":[{"taxonomy":"category","embeddable":true,"href":"https:\/\/aconteceunovale.com.br\/portal\/index.php?rest_route=%2Fwp%2Fv2%2Fcategories&post=68462"},{"taxonomy":"post_tag","embeddable":true,"href":"https:\/\/aconteceunovale.com.br\/portal\/index.php?rest_route=%2Fwp%2Fv2%2Ftags&post=68462"}],"curies":[{"name":"wp","href":"https:\/\/api.w.org\/{rel}","templated":true}]}}