{"id":68293,"date":"2015-09-11T09:54:39","date_gmt":"2015-09-11T12:54:39","guid":{"rendered":"http:\/\/aconteceunovale.com.br\/portal\/?p=68293"},"modified":"2015-09-11T09:54:39","modified_gmt":"2015-09-11T12:54:39","slug":"plantao-do-samu-no-norte-de-minas-gerais-10-de-setembro-de-2015","status":"publish","type":"post","link":"https:\/\/aconteceunovale.com.br\/portal\/?p=68293","title":{"rendered":"Plant\u00e3o do Samu no Norte de Minas Gerais, 10 de setembro de 2015"},"content":{"rendered":"<h4><strong><em>Quinta-feira, 10 de setembro de 2015<\/em><\/strong><\/h4>\n<p>As unidades do Samu realizaram na quinta-feira, 10\/09, 48 atendimentos, sendo 36 casos cl\u00ednicos; 08 v\u00edtimas de acidente de tr\u00e2nsito; 01 gestante em trabalho de parto; um homem de 33 anos que sofreu ferimentos por arma branca (faca); uma mulher de 51 anos que sofreu agress\u00e3o f\u00edsica; e um jovem de 16 anos ferido por arma de fogo no bairro Maria C\u00e2ndida.<\/p>\n<p>Por volta das 21h45, a unidade do Samu foi acionada para atendimento a uma mulher de 43 anos que sofreu agress\u00e3o f\u00edsica, no bairro Santos Reis. Ela foi agredida a pauladas e se queixava de dor de cabe\u00e7a onde apresentava corte contuso com sangramento ativo.<\/p>\n<p>\u00c0s 20h30, um jovem de 16 anos foi ferido por arma de fogo, na Avenida Leonel de Beir\u00e3o, bairro Maria C\u00e2ndida. Ele foi atingido por seis tiros e tamb\u00e9m apresentava cortes provocados por arma branca. Ele foi socorrido pela UTI m\u00f3vel do SAMU, mas n\u00e3o resistiu aos ferimentos e morreu no local.<\/p>\n<p>\u00c0s 20h, um homem de 25 anos colidiu de moto contra um carro na Vila Regina e se queixava de dor no punho e ombro direitos e apresentava escoria\u00e7\u00f5es nos bra\u00e7os e pernas.<\/p>\n<p>\u00c0s 18h50, um homem de 33 anos foi ferido por arma branca, no bairro Alto da Boa Vista. \u00c0s 18h, um homem de 26 anos colidiu de moto contra um carro na Vila Campos e sofreu ferimentos no cotovelo direito e no joelho esquerdo. \u00c0s 17h40, um homem de 21 anos caiu de moto Avenida Leonel Beir\u00e3o de Jesus, na Vila Telma, e se queixava de dor no abdome.<\/p>\n<p>\u00c0s 15h, uma mulher de 43 anos colidiu de moto contra um carro e sofreu v\u00e1rios ferimentos no rosto e no tornozelo esquerdo. \u00c0s 13h35, um homem colidiu de moto contra um carro no bairro Monte Carmelo, e apresentava escoria\u00e7\u00f5es pelo corpo, sem suspeita de fratura. \u00c0s 12h40, um homem de 27 anos colidiu de moto contra um carro e apresentava ferimentos no bra\u00e7o direito e no quadril.<\/p>\n<p>Em todas as ocorr\u00eancias os feridos receberam os primeiros atendimentos no local e foram encaminhados ao hospital para avalia\u00e7\u00e3o. (Jer\u00fasia Arruda)<\/p>\n","protected":false},"excerpt":{"rendered":"<p>Quinta-feira, 10 de setembro de 2015 As unidades do Samu realizaram na quinta-feira, 10\/09, 48 atendimentos, sendo 36 casos cl\u00ednicos; 08 v\u00edtimas de acidente de tr\u00e2nsito; 01 gestante em trabalho de parto; um homem de 33 anos que sofreu ferimentos por arma branca (faca); uma mulher de 51 anos que sofreu agress\u00e3o f\u00edsica; e um [&hellip;]<\/p>\n","protected":false},"author":4,"featured_media":58741,"comment_status":"open","ping_status":"closed","sticky":false,"template":"","format":"standard","meta":{"amp_status":"","footnotes":""},"categories":[1236],"tags":[59137,206036,210,24659,24089,18898,18108,59138,18629,21139,4040],"class_list":["post-68293","post","type-post","status-publish","format-standard","has-post-thumbnail","hentry","category-norte_de_minas","tag-10-de-setembro-de-2015","tag-jerusia-arruda","tag-montes-claros","tag-plantao-do-samu-de-montes-claros","tag-plantao-do-samu-do-norte-de-minas","tag-plantao-do-samu-macro-norte","tag-plantao-do-samu-no-norte-de-minas-gerais","tag-plantao-do-samu-no-norte-de-minas-gerais-10-de-setembro-de-2015","tag-samu-de-montes-claros","tag-samu-do-norte-de-minas","tag-samu-macro-norte"],"_links":{"self":[{"href":"https:\/\/aconteceunovale.com.br\/portal\/index.php?rest_route=\/wp\/v2\/posts\/68293","targetHints":{"allow":["GET"]}}],"collection":[{"href":"https:\/\/aconteceunovale.com.br\/portal\/index.php?rest_route=\/wp\/v2\/posts"}],"about":[{"href":"https:\/\/aconteceunovale.com.br\/portal\/index.php?rest_route=\/wp\/v2\/types\/post"}],"author":[{"embeddable":true,"href":"https:\/\/aconteceunovale.com.br\/portal\/index.php?rest_route=\/wp\/v2\/users\/4"}],"replies":[{"embeddable":true,"href":"https:\/\/aconteceunovale.com.br\/portal\/index.php?rest_route=%2Fwp%2Fv2%2Fcomments&post=68293"}],"version-history":[{"count":0,"href":"https:\/\/aconteceunovale.com.br\/portal\/index.php?rest_route=\/wp\/v2\/posts\/68293\/revisions"}],"wp:featuredmedia":[{"embeddable":true,"href":"https:\/\/aconteceunovale.com.br\/portal\/index.php?rest_route=\/wp\/v2\/media\/58741"}],"wp:attachment":[{"href":"https:\/\/aconteceunovale.com.br\/portal\/index.php?rest_route=%2Fwp%2Fv2%2Fmedia&parent=68293"}],"wp:term":[{"taxonomy":"category","embeddable":true,"href":"https:\/\/aconteceunovale.com.br\/portal\/index.php?rest_route=%2Fwp%2Fv2%2Fcategories&post=68293"},{"taxonomy":"post_tag","embeddable":true,"href":"https:\/\/aconteceunovale.com.br\/portal\/index.php?rest_route=%2Fwp%2Fv2%2Ftags&post=68293"}],"curies":[{"name":"wp","href":"https:\/\/api.w.org\/{rel}","templated":true}]}}