{"id":68290,"date":"2015-09-11T09:40:46","date_gmt":"2015-09-11T12:40:46","guid":{"rendered":"http:\/\/aconteceunovale.com.br\/portal\/?p=68290"},"modified":"2015-09-11T09:40:46","modified_gmt":"2015-09-11T12:40:46","slug":"vale-do-aco-ganha-unidade-da-utramig-em-outubro","status":"publish","type":"post","link":"https:\/\/aconteceunovale.com.br\/portal\/?p=68290","title":{"rendered":"Vale do A\u00e7o ganha unidade da Utramig em outubro"},"content":{"rendered":"<p>Moradores do Vale do A\u00e7o ter\u00e3o mais oportunidades de qualifica\u00e7\u00e3o. A Funda\u00e7\u00e3o de Educa\u00e7\u00e3o para o Trabalho de Minas Gerais (Utramig) abrir\u00e1 em outubro uma mais uma unidade, desta vez em Ipatinga, a primeira na regi\u00e3o.<\/p>\n<p>As aulas  acontecer\u00e3o na Associa\u00e7\u00e3o A\u00e7\u00e3o Social parceira da Funda\u00e7\u00e3o a partir da segunda quinzena de outubro. Ser\u00e3o disponibilizadas 120 vagas para cursos t\u00e9cnicos de inform\u00e1tica e de seguran\u00e7a do trabalho.<\/p>\n<p>Os dois cursos, com dura\u00e7\u00e3o de um ano e meio, s\u00e3o gratuitos. Para se candidatar, o interessado precisa ter conclu\u00eddo ou cursar o ensino m\u00e9dio. <\/p>\n<p>O curso de Inform\u00e1tica vai oferecer habilita\u00e7\u00e3o e qualifica\u00e7\u00e3o tecnol\u00f3gica com \u00eanfase em linguagens visuais e programa\u00e7\u00e3o para internet. Durante as aulas, os alunos aprendem a desenvolver sistemas de computadores e a trabalhar com suportes de redes.<\/p>\n<p>A especializa\u00e7\u00e3o em Seguran\u00e7a do Trabalho preparara o profissional para identificar, implantar e manter um ambiente de trabalho saud\u00e1vel e livre de acidentes.<\/p>\n<p>O conte\u00fado inclui princ\u00edpios ergon\u00f4micos (postura corporal), higiene, sa\u00fade, \u00e9tica, primeiros socorros, equipamentos e produtos de seguran\u00e7a, normas, regulamenta\u00e7\u00f5es e legisla\u00e7\u00f5es dos diversos setores de trabalho. O t\u00e9cnico pode atuar em empresas de qualquer porte.<\/p>\n<p><strong>Desenvolvimento regional <\/strong><\/p>\n<p>A escolha dos cursos foi pensada para atender \u00e0 demanda da regi\u00e3o por estes profissionais. De acordo com a coordenadora administrativa da Associa\u00e7\u00e3o A\u00e7\u00e3o Social pela Vida, Grazielle Magalhaes, \u00e9 grande a procura por parte do com\u00e9rcio e ind\u00fastria nesses ramos de atividade.<\/p>\n<p>\u201cEssa parceria com a Utramig vai permitir a oferta de cursos de qualidade que ser\u00e3o fundamentais na  forma\u00e7\u00e3o de m\u00e3o-de-obra para o mercado de trabalho da regi\u00e3o\u201d, afirma Grazielle.<\/p>\n<p>A Utramig j\u00e1 est\u00e1 presente em Belo Horizonte, onde fica a sua sede, em Uberl\u00e2ndia (Tri\u00e2ngulo Mineiro) e Nova Lima (Regi\u00e3o Metropolitana), oferecendo oito cursos t\u00e9cnicos.<\/p>\n<p>Para a presidente da Utramig, Liza Prado, a cria\u00e7\u00e3o de mais uma unidade faz parte da pol\u00edtica do Governo de Minas Gerais de pensar a\u00e7\u00f5es direcionadas para as necessidades de cada um dos Territ\u00f3rios de Desenvolvimento.<\/p>\n<p>\u201cEstamos expandindo nossa atua\u00e7\u00e3o para 11 territ\u00f3rios mineiros, com a abertura de mais de uma dezena de cursos de curta dura\u00e7\u00e3o. A ideia \u00e9 que at\u00e9 2018 a Utramig esteja atuando em todos os territ\u00f3rios planejados pelo Governo do Estado\u201d, afirma a presidente.<\/p>\n<p><img decoding=\"async\" src=\"http:\/\/aconteceunovale.com.br\/portal\/wp-content\/uploads\/2015\/09\/utramig_ipatinga.jpg\" alt=\"\" \/><em>A advogada da Utramig Carolline Ribas, a presidenta, Liza Prado e a deputada Ros\u00e2ngela Reis, que solicitou \u00e0 SEDESE e ao Governador a expans\u00e3o no Vale do A\u00e7o, com o chefe de gabinete C\u00e9lio Aleixo &#8211; Foto: Divulga\u00e7\u00e3o \/ Utramig<\/em><\/p>\n","protected":false},"excerpt":{"rendered":"<p>Moradores do Vale do A\u00e7o ter\u00e3o mais oportunidades de qualifica\u00e7\u00e3o. A Funda\u00e7\u00e3o de Educa\u00e7\u00e3o para o Trabalho de Minas Gerais (Utramig) abrir\u00e1 em outubro uma mais uma unidade, desta vez em Ipatinga, a primeira na regi\u00e3o. As aulas acontecer\u00e3o na Associa\u00e7\u00e3o A\u00e7\u00e3o Social parceira da Funda\u00e7\u00e3o a partir da segunda quinzena de outubro. Ser\u00e3o disponibilizadas [&hellip;]<\/p>\n","protected":false},"author":4,"featured_media":68291,"comment_status":"open","ping_status":"closed","sticky":false,"template":"","format":"standard","meta":{"amp_status":"","footnotes":""},"categories":[40238,121],"tags":[201,59136,59135,59134,59133],"class_list":["post-68290","post","type-post","status-publish","format-standard","has-post-thumbnail","hentry","category-educacao-2","category-leste","tag-ipatinga","tag-utramig-ipatinga","tag-utramig-vale-do-aco","tag-vale-do-aco-ganha-unidade-da-utramig","tag-vale-do-aco-ganha-unidade-da-utramig-em-outubro"],"_links":{"self":[{"href":"https:\/\/aconteceunovale.com.br\/portal\/index.php?rest_route=\/wp\/v2\/posts\/68290","targetHints":{"allow":["GET"]}}],"collection":[{"href":"https:\/\/aconteceunovale.com.br\/portal\/index.php?rest_route=\/wp\/v2\/posts"}],"about":[{"href":"https:\/\/aconteceunovale.com.br\/portal\/index.php?rest_route=\/wp\/v2\/types\/post"}],"author":[{"embeddable":true,"href":"https:\/\/aconteceunovale.com.br\/portal\/index.php?rest_route=\/wp\/v2\/users\/4"}],"replies":[{"embeddable":true,"href":"https:\/\/aconteceunovale.com.br\/portal\/index.php?rest_route=%2Fwp%2Fv2%2Fcomments&post=68290"}],"version-history":[{"count":0,"href":"https:\/\/aconteceunovale.com.br\/portal\/index.php?rest_route=\/wp\/v2\/posts\/68290\/revisions"}],"wp:featuredmedia":[{"embeddable":true,"href":"https:\/\/aconteceunovale.com.br\/portal\/index.php?rest_route=\/wp\/v2\/media\/68291"}],"wp:attachment":[{"href":"https:\/\/aconteceunovale.com.br\/portal\/index.php?rest_route=%2Fwp%2Fv2%2Fmedia&parent=68290"}],"wp:term":[{"taxonomy":"category","embeddable":true,"href":"https:\/\/aconteceunovale.com.br\/portal\/index.php?rest_route=%2Fwp%2Fv2%2Fcategories&post=68290"},{"taxonomy":"post_tag","embeddable":true,"href":"https:\/\/aconteceunovale.com.br\/portal\/index.php?rest_route=%2Fwp%2Fv2%2Ftags&post=68290"}],"curies":[{"name":"wp","href":"https:\/\/api.w.org\/{rel}","templated":true}]}}