{"id":68136,"date":"2015-09-09T18:51:37","date_gmt":"2015-09-09T21:51:37","guid":{"rendered":"http:\/\/aconteceunovale.com.br\/portal\/?p=68136"},"modified":"2015-09-09T18:51:37","modified_gmt":"2015-09-09T21:51:37","slug":"escola-quilombola-do-municio-de-manga-e-finalista-de-premio-sobre-igualdade-racial","status":"publish","type":"post","link":"https:\/\/aconteceunovale.com.br\/portal\/?p=68136","title":{"rendered":"Escola quilombola do mun\u00edcio de Manga \u00e9 finalista de pr\u00eamio sobre igualdade racial"},"content":{"rendered":"<p>A Escola Estadual Brejo S\u00e3o Caetano do Japur\u00e9, no mun\u00edcio de Manga, no Norte de Minas, \u00e9 finalista do 7\u00ba Pr\u00eamio Educar para Igualdade Racial e de G\u00eanero, na categoria Professor. Desenvolvido pelo Centro de Estudos das Rela\u00e7\u00f5es de Trabalho e Desigualdades (Ceert), o projeto indicado (Somos Quilombolas e Fazemos Parte da Hist\u00f3ria) busca atender uma expectativa de mapeamento das pr\u00e1ticas escolares voltadas para o tratamento da tem\u00e1tica racial.<\/p>\n<p>Respons\u00e1vel por coordenar as a\u00e7\u00f5es do projeto na escola, o professor Eduardo Rodrigues da Silva \u00e9 mestre em Hist\u00f3ria Social pela Universidade Federal de Uberl\u00e2ndia (UFU). \u201cQuando as inscri\u00e7\u00f5es para o pr\u00eamio foram anunciadas, a nossa escola j\u00e1 desenvolvia esse trabalho dentro do tema. Ent\u00e3o, participar do pr\u00eamio foi uma forma de dar visibilidade ao que a escola estava fazendo. Quando participamos de algo, n\u00f3s temos a inten\u00e7\u00e3o de ganhar e eu achei que n\u00f3s t\u00ednhamos potencial para chegar \u00e0 final como aconteceu\u201d, conta o professor.<\/p>\n<p>O resultado do pr\u00eamio ser\u00e1 divulgado em outubro, durante uma forma\u00e7\u00e3o continuada que ser\u00e1 oferecida aos finalistas, em S\u00e3o Paulo.<\/p>\n<p><strong>Projeto\u00a0Somos Quilombolas\u00a0<\/strong><\/p>\n<p>Com o projeto finalista, a escola quilombola buscou desenvolver a\u00e7\u00f5es voltadas \u00e0 conscientiza\u00e7\u00e3o dos alunos mobilizando-os a valorizar a hist\u00f3ria, as dan\u00e7as, as m\u00fasicas, a culin\u00e1ria, as cren\u00e7as, as tradi\u00e7\u00f5es, os h\u00e1bitos e os costumes do povo quilombola do munic\u00edpio de Manga.<\/p>\n<p>A a\u00e7\u00e3o pedag\u00f3gica \u00e9 constitu\u00edda por microprojetos, com o intuito de aproximar as disciplinas estudadas em sala de aula da realidade em que vivem os alunos. O trabalho realizado teve \u00eanfase nos alunos do 9\u00ba ano do ensino fundamental e uma das atividades desenvolvidas foi a Feira Cultural.<\/p>\n<p>\u201cEssas pr\u00e1ticas sociais fazem parte de nossa cultura e ainda fortalece a identidade quilombola e, muitas vezes, esses saberes s\u00e3o passados de gera\u00e7\u00e3o para gera\u00e7\u00e3o, ou seja, de pai para filho. Com o nosso trabalho pedag\u00f3gico, fomos observando que os alunos n\u00e3o queriam e nem se reconheciam como quilombolas, pois a maioria deles n\u00e3o sabia o que era quilombo e quilombola, ou seja, n\u00e3o conheciam as suas origens e hist\u00f3rias\u201d, lembra o professor Eduardo Rodrigues da Silva.<\/p>\n<p>A Escola Estadual Brejo S\u00e3o Caetano do Japur\u00e9 est\u00e1 situada em uma comunidade de remanescentes de quilombolas e atende alunos de outras comunidades rurais e tamb\u00e9m quilombolas. A comunidade do Brejo S\u00e3o Caetano, na qual a escola est\u00e1 localizada, foi reconhecida, em 2006, como de origem quilombola pela Funda\u00e7\u00e3o Cultural Palmares.<\/p>\n<p><strong>Educar para Igualdade Racial<\/strong><\/p>\n<p>O Pr\u00eamio \u00e9 uma iniciativa do Centro de Estudos das Rela\u00e7\u00f5es de Trabalho e Desigualdade e tem a\u00a0Secretaria de Estado de Educa\u00e7\u00e3o\u00a0como um dos realizadores. O Centro de Estudos das Rela\u00e7\u00f5es de Trabalho e Desigualdade \u00e9 uma organiza\u00e7\u00e3o n\u00e3o governamental que produz conhecimento, desenvolve e executa projetos voltados para a promo\u00e7\u00e3o da igualdade de ra\u00e7a e de g\u00eanero.<\/p>\n<p>O pr\u00eamio possui duas categorias: Professor e Escola. Puderam participar profissionais que atuam com a Educa\u00e7\u00e3o B\u00e1sica regular e nas modalidades: Educa\u00e7\u00e3o de Jovens e Adultos, Quilombola, Ind\u00edgena, Profissional e Tecnol\u00f3gica, Especial e a Dist\u00e2ncia.<\/p>\n<p>De acordo com o edital do concurso, os vencedores da categoria Professor ser\u00e3o premiados com R$ 5.000, um Notebook e um kit de livros sobre a tem\u00e1tica da diversidade e igualdade \u00e9tnico-Racial. J\u00e1 os ganhadores da categoria Escola ser\u00e3o contemplados com R$ 10.000, um notebook e um kit de livros sobre a mesma tem\u00e1tica. (Ag\u00eancia Minas)<\/p>\n","protected":false},"excerpt":{"rendered":"<p>A Escola Estadual Brejo S\u00e3o Caetano do Japur\u00e9, no mun\u00edcio de Manga, no Norte de Minas, \u00e9 finalista do 7\u00ba Pr\u00eamio Educar para Igualdade Racial e de G\u00eanero, na categoria Professor. Desenvolvido pelo Centro de Estudos das Rela\u00e7\u00f5es de Trabalho e Desigualdades (Ceert), o projeto indicado (Somos Quilombolas e Fazemos Parte da Hist\u00f3ria) busca atender [&hellip;]<\/p>\n","protected":false},"author":4,"featured_media":61941,"comment_status":"open","ping_status":"closed","sticky":false,"template":"","format":"standard","meta":{"amp_status":"","footnotes":""},"categories":[1236],"tags":[58963,58962,58961,58960,58959,1356],"class_list":["post-68136","post","type-post","status-publish","format-standard","has-post-thumbnail","hentry","category-norte_de_minas","tag-7o-premio-educar-para-igualdade-racial-e-de-genero","tag-escola-estadual-brejo-sao-caetano-do-japure","tag-escola-quilombola-de-manga","tag-escola-quilombola-do-municio-de-manga","tag-escola-quilombola-do-municio-de-manga-e-finalista-de-premio-sobre-igualdade-racial","tag-manga"],"yoast_head":"<!-- This site is optimized with the Yoast SEO plugin v28.3 - https:\/\/yoast.com\/product\/yoast-seo-wordpress\/ -->\n<title>Escola quilombola do mun\u00edcio de Manga \u00e9 finalista de pr\u00eamio sobre igualdade racial - Aconteceu no Vale<\/title>\n<meta name=\"robots\" content=\"index, follow, max-snippet:-1, max-image-preview:large, max-video-preview:-1\" \/>\n<link rel=\"canonical\" href=\"https:\/\/aconteceunovale.com.br\/portal\/?p=68136\" \/>\n<meta property=\"og:locale\" content=\"pt_BR\" \/>\n<meta property=\"og:type\" content=\"article\" \/>\n<meta property=\"og:title\" content=\"Escola quilombola do mun\u00edcio de Manga \u00e9 finalista de pr\u00eamio sobre igualdade racial - Aconteceu no Vale\" \/>\n<meta property=\"og:description\" content=\"A Escola Estadual Brejo S\u00e3o Caetano do Japur\u00e9, no mun\u00edcio de Manga, no Norte de Minas, \u00e9 finalista do 7\u00ba Pr\u00eamio Educar para Igualdade Racial e de G\u00eanero, na categoria Professor. Desenvolvido pelo Centro de Estudos das Rela\u00e7\u00f5es de Trabalho e Desigualdades (Ceert), o projeto indicado (Somos Quilombolas e Fazemos Parte da Hist\u00f3ria) busca atender [&hellip;]\" \/>\n<meta property=\"og:url\" content=\"https:\/\/aconteceunovale.com.br\/portal\/?p=68136\" \/>\n<meta property=\"og:site_name\" content=\"Aconteceu no Vale\" \/>\n<meta property=\"article:publisher\" content=\"https:\/\/www.facebook.com\/aconteceunovale\/\" \/>\n<meta property=\"article:published_time\" content=\"2015-09-09T21:51:37+00:00\" \/>\n<meta property=\"og:image\" content=\"https:\/\/aconteceunovale.com.br\/portal\/wp-content\/uploads\/2015\/06\/manga_mg.jpg\" \/>\n\t<meta property=\"og:image:width\" content=\"678\" \/>\n\t<meta property=\"og:image:height\" content=\"421\" \/>\n\t<meta property=\"og:image:type\" content=\"image\/jpeg\" \/>\n<meta name=\"author\" content=\"Reda\u00e7\u00e3o Aconteceu no Vale\" \/>\n<meta name=\"twitter:card\" content=\"summary_large_image\" \/>\n<meta name=\"twitter:creator\" content=\"@noticiadosvales\" \/>\n<meta name=\"twitter:site\" content=\"@noticiadosvales\" \/>\n<meta name=\"twitter:label1\" content=\"Escrito por\" \/>\n\t<meta name=\"twitter:data1\" content=\"Reda\u00e7\u00e3o Aconteceu no Vale\" \/>\n\t<meta name=\"twitter:label2\" content=\"Est. tempo de leitura\" \/>\n\t<meta name=\"twitter:data2\" content=\"3 minutos\" \/>\n<script type=\"application\/ld+json\" class=\"yoast-schema-graph\">{\"@context\":\"https:\\\/\\\/schema.org\",\"@graph\":[{\"@type\":\"Article\",\"@id\":\"https:\\\/\\\/aconteceunovale.com.br\\\/portal\\\/?p=68136#article\",\"isPartOf\":{\"@id\":\"https:\\\/\\\/aconteceunovale.com.br\\\/portal\\\/?p=68136\"},\"author\":{\"name\":\"Reda\u00e7\u00e3o Aconteceu no Vale\",\"@id\":\"https:\\\/\\\/aconteceunovale.com.br\\\/portal\\\/#\\\/schema\\\/person\\\/7d2f26d1483f8a63de73da1ee0754d35\"},\"headline\":\"Escola quilombola do mun\u00edcio de Manga \u00e9 finalista de pr\u00eamio sobre igualdade racial\",\"datePublished\":\"2015-09-09T21:51:37+00:00\",\"mainEntityOfPage\":{\"@id\":\"https:\\\/\\\/aconteceunovale.com.br\\\/portal\\\/?p=68136\"},\"wordCount\":623,\"commentCount\":0,\"image\":{\"@id\":\"https:\\\/\\\/aconteceunovale.com.br\\\/portal\\\/?p=68136#primaryimage\"},\"thumbnailUrl\":\"https:\\\/\\\/aconteceunovale.com.br\\\/portal\\\/wp-content\\\/uploads\\\/2015\\\/06\\\/manga_mg.jpg\",\"keywords\":[\"7\u00ba Pr\u00eamio Educar para Igualdade Racial e de G\u00eanero\",\"Escola Estadual Brejo S\u00e3o Caetano do Japur\u00e9\",\"Escola quilombola de Manga\",\"Escola quilombola do mun\u00edcio de Manga\",\"Escola quilombola do mun\u00edcio de Manga \u00e9 finalista de pr\u00eamio sobre igualdade racial\",\"manga\"],\"articleSection\":[\"Norte de Minas\"],\"inLanguage\":\"pt-BR\",\"potentialAction\":[{\"@type\":\"CommentAction\",\"name\":\"Comment\",\"target\":[\"https:\\\/\\\/aconteceunovale.com.br\\\/portal\\\/?p=68136#respond\"]}]},{\"@type\":\"WebPage\",\"@id\":\"https:\\\/\\\/aconteceunovale.com.br\\\/portal\\\/?p=68136\",\"url\":\"https:\\\/\\\/aconteceunovale.com.br\\\/portal\\\/?p=68136\",\"name\":\"Escola quilombola do mun\u00edcio de Manga \u00e9 finalista de pr\u00eamio sobre igualdade racial - Aconteceu no Vale\",\"isPartOf\":{\"@id\":\"https:\\\/\\\/aconteceunovale.com.br\\\/portal\\\/#website\"},\"primaryImageOfPage\":{\"@id\":\"https:\\\/\\\/aconteceunovale.com.br\\\/portal\\\/?p=68136#primaryimage\"},\"image\":{\"@id\":\"https:\\\/\\\/aconteceunovale.com.br\\\/portal\\\/?p=68136#primaryimage\"},\"thumbnailUrl\":\"https:\\\/\\\/aconteceunovale.com.br\\\/portal\\\/wp-content\\\/uploads\\\/2015\\\/06\\\/manga_mg.jpg\",\"datePublished\":\"2015-09-09T21:51:37+00:00\",\"author\":{\"@id\":\"https:\\\/\\\/aconteceunovale.com.br\\\/portal\\\/#\\\/schema\\\/person\\\/7d2f26d1483f8a63de73da1ee0754d35\"},\"breadcrumb\":{\"@id\":\"https:\\\/\\\/aconteceunovale.com.br\\\/portal\\\/?p=68136#breadcrumb\"},\"inLanguage\":\"pt-BR\",\"potentialAction\":[{\"@type\":\"ReadAction\",\"target\":[\"https:\\\/\\\/aconteceunovale.com.br\\\/portal\\\/?p=68136\"]}]},{\"@type\":\"ImageObject\",\"inLanguage\":\"pt-BR\",\"@id\":\"https:\\\/\\\/aconteceunovale.com.br\\\/portal\\\/?p=68136#primaryimage\",\"url\":\"https:\\\/\\\/aconteceunovale.com.br\\\/portal\\\/wp-content\\\/uploads\\\/2015\\\/06\\\/manga_mg.jpg\",\"contentUrl\":\"https:\\\/\\\/aconteceunovale.com.br\\\/portal\\\/wp-content\\\/uploads\\\/2015\\\/06\\\/manga_mg.jpg\",\"width\":678,\"height\":421},{\"@type\":\"BreadcrumbList\",\"@id\":\"https:\\\/\\\/aconteceunovale.com.br\\\/portal\\\/?p=68136#breadcrumb\",\"itemListElement\":[{\"@type\":\"ListItem\",\"position\":1,\"name\":\"In\u00edcio\",\"item\":\"https:\\\/\\\/aconteceunovale.com.br\\\/portal\\\/\"},{\"@type\":\"ListItem\",\"position\":2,\"name\":\"Escola quilombola do mun\u00edcio de Manga \u00e9 finalista de pr\u00eamio sobre igualdade racial\"}]},{\"@type\":\"WebSite\",\"@id\":\"https:\\\/\\\/aconteceunovale.com.br\\\/portal\\\/#website\",\"url\":\"https:\\\/\\\/aconteceunovale.com.br\\\/portal\\\/\",\"name\":\"Aconteceu no Vale\",\"description\":\"Portal de Not\u00edcias\",\"potentialAction\":[{\"@type\":\"SearchAction\",\"target\":{\"@type\":\"EntryPoint\",\"urlTemplate\":\"https:\\\/\\\/aconteceunovale.com.br\\\/portal\\\/?s={search_term_string}\"},\"query-input\":{\"@type\":\"PropertyValueSpecification\",\"valueRequired\":true,\"valueName\":\"search_term_string\"}}],\"inLanguage\":\"pt-BR\"},{\"@type\":\"Person\",\"@id\":\"https:\\\/\\\/aconteceunovale.com.br\\\/portal\\\/#\\\/schema\\\/person\\\/7d2f26d1483f8a63de73da1ee0754d35\",\"name\":\"Reda\u00e7\u00e3o Aconteceu no Vale\",\"description\":\"Equipe de reportagem do Aconteceu no Vale, portal de not\u00edcias do Vale do Jequitinhonha, em Minas Gerais. Cobrimos as 51 cidades do Vale desde 2013. Sugest\u00f5es de pauta e pedidos de corre\u00e7\u00e3o: contato@aconteceunovale.com.br\",\"url\":\"https:\\\/\\\/aconteceunovale.com.br\\\/portal\\\/?author=4\"}]}<\/script>\n<!-- \/ Yoast SEO plugin. -->","yoast_head_json":{"title":"Escola quilombola do mun\u00edcio de Manga \u00e9 finalista de pr\u00eamio sobre igualdade racial - Aconteceu no Vale","robots":{"index":"index","follow":"follow","max-snippet":"max-snippet:-1","max-image-preview":"max-image-preview:large","max-video-preview":"max-video-preview:-1"},"canonical":"https:\/\/aconteceunovale.com.br\/portal\/?p=68136","og_locale":"pt_BR","og_type":"article","og_title":"Escola quilombola do mun\u00edcio de Manga \u00e9 finalista de pr\u00eamio sobre igualdade racial - Aconteceu no Vale","og_description":"A Escola Estadual Brejo S\u00e3o Caetano do Japur\u00e9, no mun\u00edcio de Manga, no Norte de Minas, \u00e9 finalista do 7\u00ba Pr\u00eamio Educar para Igualdade Racial e de G\u00eanero, na categoria Professor. Desenvolvido pelo Centro de Estudos das Rela\u00e7\u00f5es de Trabalho e Desigualdades (Ceert), o projeto indicado (Somos Quilombolas e Fazemos Parte da Hist\u00f3ria) busca atender [&hellip;]","og_url":"https:\/\/aconteceunovale.com.br\/portal\/?p=68136","og_site_name":"Aconteceu no Vale","article_publisher":"https:\/\/www.facebook.com\/aconteceunovale\/","article_published_time":"2015-09-09T21:51:37+00:00","og_image":[{"width":678,"height":421,"url":"https:\/\/aconteceunovale.com.br\/portal\/wp-content\/uploads\/2015\/06\/manga_mg.jpg","type":"image\/jpeg"}],"author":"Reda\u00e7\u00e3o Aconteceu no Vale","twitter_card":"summary_large_image","twitter_creator":"@noticiadosvales","twitter_site":"@noticiadosvales","twitter_misc":{"Escrito por":"Reda\u00e7\u00e3o Aconteceu no Vale","Est. tempo de leitura":"3 minutos"},"schema":{"@context":"https:\/\/schema.org","@graph":[{"@type":"Article","@id":"https:\/\/aconteceunovale.com.br\/portal\/?p=68136#article","isPartOf":{"@id":"https:\/\/aconteceunovale.com.br\/portal\/?p=68136"},"author":{"name":"Reda\u00e7\u00e3o Aconteceu no Vale","@id":"https:\/\/aconteceunovale.com.br\/portal\/#\/schema\/person\/7d2f26d1483f8a63de73da1ee0754d35"},"headline":"Escola quilombola do mun\u00edcio de Manga \u00e9 finalista de pr\u00eamio sobre igualdade racial","datePublished":"2015-09-09T21:51:37+00:00","mainEntityOfPage":{"@id":"https:\/\/aconteceunovale.com.br\/portal\/?p=68136"},"wordCount":623,"commentCount":0,"image":{"@id":"https:\/\/aconteceunovale.com.br\/portal\/?p=68136#primaryimage"},"thumbnailUrl":"https:\/\/aconteceunovale.com.br\/portal\/wp-content\/uploads\/2015\/06\/manga_mg.jpg","keywords":["7\u00ba Pr\u00eamio Educar para Igualdade Racial e de G\u00eanero","Escola Estadual Brejo S\u00e3o Caetano do Japur\u00e9","Escola quilombola de Manga","Escola quilombola do mun\u00edcio de Manga","Escola quilombola do mun\u00edcio de Manga \u00e9 finalista de pr\u00eamio sobre igualdade racial","manga"],"articleSection":["Norte de Minas"],"inLanguage":"pt-BR","potentialAction":[{"@type":"CommentAction","name":"Comment","target":["https:\/\/aconteceunovale.com.br\/portal\/?p=68136#respond"]}]},{"@type":"WebPage","@id":"https:\/\/aconteceunovale.com.br\/portal\/?p=68136","url":"https:\/\/aconteceunovale.com.br\/portal\/?p=68136","name":"Escola quilombola do mun\u00edcio de Manga \u00e9 finalista de pr\u00eamio sobre igualdade racial - Aconteceu no Vale","isPartOf":{"@id":"https:\/\/aconteceunovale.com.br\/portal\/#website"},"primaryImageOfPage":{"@id":"https:\/\/aconteceunovale.com.br\/portal\/?p=68136#primaryimage"},"image":{"@id":"https:\/\/aconteceunovale.com.br\/portal\/?p=68136#primaryimage"},"thumbnailUrl":"https:\/\/aconteceunovale.com.br\/portal\/wp-content\/uploads\/2015\/06\/manga_mg.jpg","datePublished":"2015-09-09T21:51:37+00:00","author":{"@id":"https:\/\/aconteceunovale.com.br\/portal\/#\/schema\/person\/7d2f26d1483f8a63de73da1ee0754d35"},"breadcrumb":{"@id":"https:\/\/aconteceunovale.com.br\/portal\/?p=68136#breadcrumb"},"inLanguage":"pt-BR","potentialAction":[{"@type":"ReadAction","target":["https:\/\/aconteceunovale.com.br\/portal\/?p=68136"]}]},{"@type":"ImageObject","inLanguage":"pt-BR","@id":"https:\/\/aconteceunovale.com.br\/portal\/?p=68136#primaryimage","url":"https:\/\/aconteceunovale.com.br\/portal\/wp-content\/uploads\/2015\/06\/manga_mg.jpg","contentUrl":"https:\/\/aconteceunovale.com.br\/portal\/wp-content\/uploads\/2015\/06\/manga_mg.jpg","width":678,"height":421},{"@type":"BreadcrumbList","@id":"https:\/\/aconteceunovale.com.br\/portal\/?p=68136#breadcrumb","itemListElement":[{"@type":"ListItem","position":1,"name":"In\u00edcio","item":"https:\/\/aconteceunovale.com.br\/portal\/"},{"@type":"ListItem","position":2,"name":"Escola quilombola do mun\u00edcio de Manga \u00e9 finalista de pr\u00eamio sobre igualdade racial"}]},{"@type":"WebSite","@id":"https:\/\/aconteceunovale.com.br\/portal\/#website","url":"https:\/\/aconteceunovale.com.br\/portal\/","name":"Aconteceu no Vale","description":"Portal de Not\u00edcias","potentialAction":[{"@type":"SearchAction","target":{"@type":"EntryPoint","urlTemplate":"https:\/\/aconteceunovale.com.br\/portal\/?s={search_term_string}"},"query-input":{"@type":"PropertyValueSpecification","valueRequired":true,"valueName":"search_term_string"}}],"inLanguage":"pt-BR"},{"@type":"Person","@id":"https:\/\/aconteceunovale.com.br\/portal\/#\/schema\/person\/7d2f26d1483f8a63de73da1ee0754d35","name":"Reda\u00e7\u00e3o Aconteceu no Vale","description":"Equipe de reportagem do Aconteceu no Vale, portal de not\u00edcias do Vale do Jequitinhonha, em Minas Gerais. Cobrimos as 51 cidades do Vale desde 2013. Sugest\u00f5es de pauta e pedidos de corre\u00e7\u00e3o: contato@aconteceunovale.com.br","url":"https:\/\/aconteceunovale.com.br\/portal\/?author=4"}]}},"_links":{"self":[{"href":"https:\/\/aconteceunovale.com.br\/portal\/index.php?rest_route=\/wp\/v2\/posts\/68136","targetHints":{"allow":["GET"]}}],"collection":[{"href":"https:\/\/aconteceunovale.com.br\/portal\/index.php?rest_route=\/wp\/v2\/posts"}],"about":[{"href":"https:\/\/aconteceunovale.com.br\/portal\/index.php?rest_route=\/wp\/v2\/types\/post"}],"author":[{"embeddable":true,"href":"https:\/\/aconteceunovale.com.br\/portal\/index.php?rest_route=\/wp\/v2\/users\/4"}],"replies":[{"embeddable":true,"href":"https:\/\/aconteceunovale.com.br\/portal\/index.php?rest_route=%2Fwp%2Fv2%2Fcomments&post=68136"}],"version-history":[{"count":0,"href":"https:\/\/aconteceunovale.com.br\/portal\/index.php?rest_route=\/wp\/v2\/posts\/68136\/revisions"}],"wp:featuredmedia":[{"embeddable":true,"href":"https:\/\/aconteceunovale.com.br\/portal\/index.php?rest_route=\/wp\/v2\/media\/61941"}],"wp:attachment":[{"href":"https:\/\/aconteceunovale.com.br\/portal\/index.php?rest_route=%2Fwp%2Fv2%2Fmedia&parent=68136"}],"wp:term":[{"taxonomy":"category","embeddable":true,"href":"https:\/\/aconteceunovale.com.br\/portal\/index.php?rest_route=%2Fwp%2Fv2%2Fcategories&post=68136"},{"taxonomy":"post_tag","embeddable":true,"href":"https:\/\/aconteceunovale.com.br\/portal\/index.php?rest_route=%2Fwp%2Fv2%2Ftags&post=68136"}],"curies":[{"name":"wp","href":"https:\/\/api.w.org\/{rel}","templated":true}]}}