{"id":68129,"date":"2015-09-09T18:41:17","date_gmt":"2015-09-09T21:41:17","guid":{"rendered":"http:\/\/aconteceunovale.com.br\/portal\/?p=68129"},"modified":"2015-09-09T18:41:17","modified_gmt":"2015-09-09T21:41:17","slug":"calcados-produzidos-em-nova-serrana-conquistam-o-mercado-internacional","status":"publish","type":"post","link":"https:\/\/aconteceunovale.com.br\/portal\/?p=68129","title":{"rendered":"Cal\u00e7ados produzidos em Nova Serrana conquistam o mercado internacional"},"content":{"rendered":"<p>As vendas externas de cal\u00e7ados de Minas Gerais apresentaram crescimento de cerca de 100% nos sete primeiros meses de 2015, comparado com o ano anterior. Ao todo, foram exportados US$ 22,3 milh\u00f5es contra US$ 11,1 milh\u00f5es em 2014. O desempenho positivo destoou do resultado nacional, que apresentou queda de 11,2% no per\u00edodo acumulado.<\/p>\n<p>\u201cO resultado favorece Minas Gerais, pois o segmento \u00e9 importante para a economia de diferentes regi\u00f5es e munic\u00edpios mineiros, a exemplo de Nova Serrana (Centro-oeste)\u201d, lembra o secret\u00e1rio-adjunto da Secretaria de Desenvolvimento Econ\u00f4mico (Sede), Rog\u00e9rio Bellini. Os dados foram divulgados nesta quarta-feira (9\/9) pela Exportaminas, unidade de com\u00e9rcio exterior da Sede.<\/p>\n<p>No per\u00edodo analisado, os cal\u00e7ados mineiros chegaram a 78 pa\u00edses, n\u00famero superior aos 55 mercados de destino do ano anterior. Os cinco principais destinos de exporta\u00e7\u00e3o s\u00e3o: Argentina, Estados Unidos, Fran\u00e7a, Austr\u00e1lia e Cuba. Juntos, foram respons\u00e1veis por 49,7% do total comercializado pelo estado com o exterior. A Argentina foi o principal comprador de cal\u00e7ados do estado, com participa\u00e7\u00e3o relativa de 18% do total das receitas, que alcan\u00e7aram US$ 4 milh\u00f5es, resultado 93,4% superior ao mesmo per\u00edodo de 2014.<\/p>\n<p>Segundo maior mercado individual das exporta\u00e7\u00f5es cal\u00e7adistas de Minas Gerais, os Estados Unidos foram respons\u00e1veis por 9,9% do valor das vendas externas desses produtos, que totalizaram US$ 2,2 milh\u00f5es, ou seja, 27,7% superior ao verificado no mesmo per\u00edodo de 2014. As exporta\u00e7\u00f5es para Fran\u00e7a responderam por 8,7% das vendas externas mineiras de cal\u00e7ados, tendo apresentado aumento de 393,2%, tamb\u00e9m no mesmo per\u00edodo. Austr\u00e1lia e Cuba tamb\u00e9m foram destaques quanto \u00e0 varia\u00e7\u00e3o de percentual de exporta\u00e7\u00f5es, sendo respons\u00e1veis, respectivamente, por 7,7% e 5,3% das receitas, com aumentos de 497,8% e 296,4.<\/p>\n<p><img decoding=\"async\" src=\"http:\/\/aconteceunovale.com.br\/portal\/wp-content\/uploads\/2015\/09\/calcados_ns_1.jpg\" alt=\"\" \/><em>Cal\u00e7ados produzidos em Nova Serrana chegam a 78 pa\u00edses &#8211; Foto: Carlos Alberto\/Imprensa MG<\/em><br \/>\n<\/br><\/p>\n<p><strong>Saldo positivo<\/strong><\/p>\n<p>Embora em valores ainda n\u00e3o t\u00e3o expressivos, o aumento da venda de cal\u00e7ados mineiros comprova que a balan\u00e7a comercial de Minas Gerais tem espa\u00e7o para diversifica\u00e7\u00e3o. A maior parte das vendas externa do estado em agosto, contudo, ainda s\u00e3o relativas a produtos tradicionais e commodities.<\/p>\n<p>De fato, min\u00e9rio de ferro, ferroliga, ferro fundido, caf\u00e9 e pedras preciosas foram os principais produtos que colaboraram para a manuten\u00e7\u00e3o do super\u00e1vit da balan\u00e7a comercial de Minas Gerais em agosto. Em agosto, o saldo comercial mineiro atingiu US$ 1,03 bilh\u00e3o, resultado das exporta\u00e7\u00f5es avaliadas em US$ 1,73 bilh\u00e3o e das importa\u00e7\u00f5es, que totalizaram US$ 698,82 milh\u00f5es.<\/p>\n<p>Os principais produtos exportados por Minas Gerais no per\u00edodo foram min\u00e9rios de ferro (26,8%), ferroliga, ferro fundido e seus produtos (16,1%), caf\u00e9 (15,4%), ouro e pedras preciosas (7,5%) e soja (4,4%).<\/p>\n<p>Minas Gerais participou com mais de 11% do total exportado pelo Brasil em agosto. A China se mant\u00e9m como o principal destino das exporta\u00e7\u00f5es mineiras, representado 23,6% do total comercializado em agosto. Em seguida, est\u00e3o Estados Unidos com participa\u00e7\u00e3o de 10%; Argentina, 5,3%; Holanda, 5,2%; e It\u00e1lia com 4,4%.<\/p>\n<p>Em agosto, os Estados Unidos foram o principal fornecedor de Minas Gerais, ocupando 20,9% da pauta, seguidos pela China, com 17,8%, Argentina, com 9,2%, It\u00e1lia, com 6,1%, e Alemanha com 3,4% do total importado pelo estado.<\/p>\n<p><img decoding=\"async\" src=\"http:\/\/aconteceunovale.com.br\/portal\/wp-content\/uploads\/2015\/09\/calcados_ns_2.jpg\" alt=\"\" \/><em>Cal\u00e7ados produzidos em Nova Serrana chegam a 78 pa\u00edses &#8211; Foto: Carlos Alberto\/Imprensa MG<\/em><br \/>\n<\/br><\/p>\n<p><em>(Fonte: Ag\u00eancia Minas)<\/em><\/p>\n","protected":false},"excerpt":{"rendered":"<p>As vendas externas de cal\u00e7ados de Minas Gerais apresentaram crescimento de cerca de 100% nos sete primeiros meses de 2015, comparado com o ano anterior. Ao todo, foram exportados US$ 22,3 milh\u00f5es contra US$ 11,1 milh\u00f5es em 2014. O desempenho positivo destoou do resultado nacional, que apresentou queda de 11,2% no per\u00edodo acumulado. \u201cO resultado [&hellip;]<\/p>\n","protected":false},"author":4,"featured_media":68131,"comment_status":"open","ping_status":"closed","sticky":false,"template":"","format":"standard","meta":{"amp_status":"","footnotes":""},"categories":[123,28848],"tags":[58951,58948,58950,58953,58949,58952,54941],"class_list":["post-68129","post","type-post","status-publish","format-standard","has-post-thumbnail","hentry","category-gerais","category-mundo","tag-calcados-de-nova-serrana","tag-calcados-produzidos-em-minas-gerais-conquistam-o-mercado-internacional","tag-calcados-produzidos-em-nova-serrana","tag-calcados-produzidos-em-nova-serrana-chegam-a-78-paises","tag-calcados-produzidos-em-nova-serrana-conquistam-o-mercado-internacional","tag-exportacao-de-calcados-produzidos-em-nova-serrana","tag-polo-calcadista-de-nova-serrana"],"yoast_head":"<!-- This site is optimized with the Yoast SEO plugin v28.3 - https:\/\/yoast.com\/product\/yoast-seo-wordpress\/ -->\n<title>Cal\u00e7ados produzidos em Nova Serrana conquistam o mercado internacional - Aconteceu no Vale<\/title>\n<meta name=\"robots\" content=\"index, follow, max-snippet:-1, max-image-preview:large, max-video-preview:-1\" \/>\n<link rel=\"canonical\" href=\"https:\/\/aconteceunovale.com.br\/portal\/?p=68129\" \/>\n<meta property=\"og:locale\" content=\"pt_BR\" \/>\n<meta property=\"og:type\" content=\"article\" \/>\n<meta property=\"og:title\" content=\"Cal\u00e7ados produzidos em Nova Serrana conquistam o mercado internacional - Aconteceu no Vale\" \/>\n<meta property=\"og:description\" content=\"As vendas externas de cal\u00e7ados de Minas Gerais apresentaram crescimento de cerca de 100% nos sete primeiros meses de 2015, comparado com o ano anterior. Ao todo, foram exportados US$ 22,3 milh\u00f5es contra US$ 11,1 milh\u00f5es em 2014. O desempenho positivo destoou do resultado nacional, que apresentou queda de 11,2% no per\u00edodo acumulado. \u201cO resultado [&hellip;]\" \/>\n<meta property=\"og:url\" content=\"https:\/\/aconteceunovale.com.br\/portal\/?p=68129\" \/>\n<meta property=\"og:site_name\" content=\"Aconteceu no Vale\" \/>\n<meta property=\"article:publisher\" content=\"https:\/\/www.facebook.com\/aconteceunovale\/\" \/>\n<meta property=\"article:published_time\" content=\"2015-09-09T21:41:17+00:00\" \/>\n<meta property=\"og:image\" content=\"https:\/\/aconteceunovale.com.br\/portal\/wp-content\/uploads\/2015\/09\/calcados_ns_1.jpg\" \/>\n\t<meta property=\"og:image:width\" content=\"675\" \/>\n\t<meta property=\"og:image:height\" content=\"450\" \/>\n\t<meta property=\"og:image:type\" content=\"image\/jpeg\" \/>\n<meta name=\"author\" content=\"Reda\u00e7\u00e3o Aconteceu no Vale\" \/>\n<meta name=\"twitter:card\" content=\"summary_large_image\" \/>\n<meta name=\"twitter:creator\" content=\"@noticiadosvales\" \/>\n<meta name=\"twitter:site\" content=\"@noticiadosvales\" \/>\n<meta name=\"twitter:label1\" content=\"Escrito por\" \/>\n\t<meta name=\"twitter:data1\" content=\"Reda\u00e7\u00e3o Aconteceu no Vale\" \/>\n\t<meta name=\"twitter:label2\" content=\"Est. tempo de leitura\" \/>\n\t<meta name=\"twitter:data2\" content=\"3 minutos\" \/>\n<script type=\"application\/ld+json\" class=\"yoast-schema-graph\">{\"@context\":\"https:\\\/\\\/schema.org\",\"@graph\":[{\"@type\":\"Article\",\"@id\":\"https:\\\/\\\/aconteceunovale.com.br\\\/portal\\\/?p=68129#article\",\"isPartOf\":{\"@id\":\"https:\\\/\\\/aconteceunovale.com.br\\\/portal\\\/?p=68129\"},\"author\":{\"name\":\"Reda\u00e7\u00e3o Aconteceu no Vale\",\"@id\":\"https:\\\/\\\/aconteceunovale.com.br\\\/portal\\\/#\\\/schema\\\/person\\\/7d2f26d1483f8a63de73da1ee0754d35\"},\"headline\":\"Cal\u00e7ados produzidos em Nova Serrana conquistam o mercado internacional\",\"datePublished\":\"2015-09-09T21:41:17+00:00\",\"mainEntityOfPage\":{\"@id\":\"https:\\\/\\\/aconteceunovale.com.br\\\/portal\\\/?p=68129\"},\"wordCount\":557,\"commentCount\":0,\"image\":{\"@id\":\"https:\\\/\\\/aconteceunovale.com.br\\\/portal\\\/?p=68129#primaryimage\"},\"thumbnailUrl\":\"https:\\\/\\\/aconteceunovale.com.br\\\/portal\\\/wp-content\\\/uploads\\\/2015\\\/09\\\/calcados_ns_1.jpg\",\"keywords\":[\"Cal\u00e7ados de Nova Serrana\",\"Cal\u00e7ados produzidos em Minas Gerais conquistam o mercado internacional\",\"Cal\u00e7ados produzidos em Nova Serrana\",\"Cal\u00e7ados produzidos em Nova Serrana chegam a 78 pa\u00edses\",\"Cal\u00e7ados produzidos em Nova Serrana conquistam o mercado internacional\",\"exporta\u00e7\u00e3o de Cal\u00e7ados produzidos em Nova Serrana\",\"polo cal\u00e7adista de Nova Serrana\"],\"articleSection\":[\"Minas Gerais\",\"Mundo\"],\"inLanguage\":\"pt-BR\",\"potentialAction\":[{\"@type\":\"CommentAction\",\"name\":\"Comment\",\"target\":[\"https:\\\/\\\/aconteceunovale.com.br\\\/portal\\\/?p=68129#respond\"]}]},{\"@type\":\"WebPage\",\"@id\":\"https:\\\/\\\/aconteceunovale.com.br\\\/portal\\\/?p=68129\",\"url\":\"https:\\\/\\\/aconteceunovale.com.br\\\/portal\\\/?p=68129\",\"name\":\"Cal\u00e7ados produzidos em Nova Serrana conquistam o mercado internacional - Aconteceu no Vale\",\"isPartOf\":{\"@id\":\"https:\\\/\\\/aconteceunovale.com.br\\\/portal\\\/#website\"},\"primaryImageOfPage\":{\"@id\":\"https:\\\/\\\/aconteceunovale.com.br\\\/portal\\\/?p=68129#primaryimage\"},\"image\":{\"@id\":\"https:\\\/\\\/aconteceunovale.com.br\\\/portal\\\/?p=68129#primaryimage\"},\"thumbnailUrl\":\"https:\\\/\\\/aconteceunovale.com.br\\\/portal\\\/wp-content\\\/uploads\\\/2015\\\/09\\\/calcados_ns_1.jpg\",\"datePublished\":\"2015-09-09T21:41:17+00:00\",\"author\":{\"@id\":\"https:\\\/\\\/aconteceunovale.com.br\\\/portal\\\/#\\\/schema\\\/person\\\/7d2f26d1483f8a63de73da1ee0754d35\"},\"breadcrumb\":{\"@id\":\"https:\\\/\\\/aconteceunovale.com.br\\\/portal\\\/?p=68129#breadcrumb\"},\"inLanguage\":\"pt-BR\",\"potentialAction\":[{\"@type\":\"ReadAction\",\"target\":[\"https:\\\/\\\/aconteceunovale.com.br\\\/portal\\\/?p=68129\"]}]},{\"@type\":\"ImageObject\",\"inLanguage\":\"pt-BR\",\"@id\":\"https:\\\/\\\/aconteceunovale.com.br\\\/portal\\\/?p=68129#primaryimage\",\"url\":\"https:\\\/\\\/aconteceunovale.com.br\\\/portal\\\/wp-content\\\/uploads\\\/2015\\\/09\\\/calcados_ns_1.jpg\",\"contentUrl\":\"https:\\\/\\\/aconteceunovale.com.br\\\/portal\\\/wp-content\\\/uploads\\\/2015\\\/09\\\/calcados_ns_1.jpg\",\"width\":675,\"height\":450},{\"@type\":\"BreadcrumbList\",\"@id\":\"https:\\\/\\\/aconteceunovale.com.br\\\/portal\\\/?p=68129#breadcrumb\",\"itemListElement\":[{\"@type\":\"ListItem\",\"position\":1,\"name\":\"In\u00edcio\",\"item\":\"https:\\\/\\\/aconteceunovale.com.br\\\/portal\\\/\"},{\"@type\":\"ListItem\",\"position\":2,\"name\":\"Cal\u00e7ados produzidos em Nova Serrana conquistam o mercado internacional\"}]},{\"@type\":\"WebSite\",\"@id\":\"https:\\\/\\\/aconteceunovale.com.br\\\/portal\\\/#website\",\"url\":\"https:\\\/\\\/aconteceunovale.com.br\\\/portal\\\/\",\"name\":\"Aconteceu no Vale\",\"description\":\"Portal de Not\u00edcias\",\"potentialAction\":[{\"@type\":\"SearchAction\",\"target\":{\"@type\":\"EntryPoint\",\"urlTemplate\":\"https:\\\/\\\/aconteceunovale.com.br\\\/portal\\\/?s={search_term_string}\"},\"query-input\":{\"@type\":\"PropertyValueSpecification\",\"valueRequired\":true,\"valueName\":\"search_term_string\"}}],\"inLanguage\":\"pt-BR\"},{\"@type\":\"Person\",\"@id\":\"https:\\\/\\\/aconteceunovale.com.br\\\/portal\\\/#\\\/schema\\\/person\\\/7d2f26d1483f8a63de73da1ee0754d35\",\"name\":\"Reda\u00e7\u00e3o Aconteceu no Vale\",\"description\":\"Equipe de reportagem do Aconteceu no Vale, portal de not\u00edcias do Vale do Jequitinhonha, em Minas Gerais. Cobrimos as 51 cidades do Vale desde 2013. Sugest\u00f5es de pauta e pedidos de corre\u00e7\u00e3o: contato@aconteceunovale.com.br\",\"url\":\"https:\\\/\\\/aconteceunovale.com.br\\\/portal\\\/?author=4\"}]}<\/script>\n<!-- \/ Yoast SEO plugin. -->","yoast_head_json":{"title":"Cal\u00e7ados produzidos em Nova Serrana conquistam o mercado internacional - Aconteceu no Vale","robots":{"index":"index","follow":"follow","max-snippet":"max-snippet:-1","max-image-preview":"max-image-preview:large","max-video-preview":"max-video-preview:-1"},"canonical":"https:\/\/aconteceunovale.com.br\/portal\/?p=68129","og_locale":"pt_BR","og_type":"article","og_title":"Cal\u00e7ados produzidos em Nova Serrana conquistam o mercado internacional - Aconteceu no Vale","og_description":"As vendas externas de cal\u00e7ados de Minas Gerais apresentaram crescimento de cerca de 100% nos sete primeiros meses de 2015, comparado com o ano anterior. Ao todo, foram exportados US$ 22,3 milh\u00f5es contra US$ 11,1 milh\u00f5es em 2014. O desempenho positivo destoou do resultado nacional, que apresentou queda de 11,2% no per\u00edodo acumulado. \u201cO resultado [&hellip;]","og_url":"https:\/\/aconteceunovale.com.br\/portal\/?p=68129","og_site_name":"Aconteceu no Vale","article_publisher":"https:\/\/www.facebook.com\/aconteceunovale\/","article_published_time":"2015-09-09T21:41:17+00:00","og_image":[{"width":675,"height":450,"url":"https:\/\/aconteceunovale.com.br\/portal\/wp-content\/uploads\/2015\/09\/calcados_ns_1.jpg","type":"image\/jpeg"}],"author":"Reda\u00e7\u00e3o Aconteceu no Vale","twitter_card":"summary_large_image","twitter_creator":"@noticiadosvales","twitter_site":"@noticiadosvales","twitter_misc":{"Escrito por":"Reda\u00e7\u00e3o Aconteceu no Vale","Est. tempo de leitura":"3 minutos"},"schema":{"@context":"https:\/\/schema.org","@graph":[{"@type":"Article","@id":"https:\/\/aconteceunovale.com.br\/portal\/?p=68129#article","isPartOf":{"@id":"https:\/\/aconteceunovale.com.br\/portal\/?p=68129"},"author":{"name":"Reda\u00e7\u00e3o Aconteceu no Vale","@id":"https:\/\/aconteceunovale.com.br\/portal\/#\/schema\/person\/7d2f26d1483f8a63de73da1ee0754d35"},"headline":"Cal\u00e7ados produzidos em Nova Serrana conquistam o mercado internacional","datePublished":"2015-09-09T21:41:17+00:00","mainEntityOfPage":{"@id":"https:\/\/aconteceunovale.com.br\/portal\/?p=68129"},"wordCount":557,"commentCount":0,"image":{"@id":"https:\/\/aconteceunovale.com.br\/portal\/?p=68129#primaryimage"},"thumbnailUrl":"https:\/\/aconteceunovale.com.br\/portal\/wp-content\/uploads\/2015\/09\/calcados_ns_1.jpg","keywords":["Cal\u00e7ados de Nova Serrana","Cal\u00e7ados produzidos em Minas Gerais conquistam o mercado internacional","Cal\u00e7ados produzidos em Nova Serrana","Cal\u00e7ados produzidos em Nova Serrana chegam a 78 pa\u00edses","Cal\u00e7ados produzidos em Nova Serrana conquistam o mercado internacional","exporta\u00e7\u00e3o de Cal\u00e7ados produzidos em Nova Serrana","polo cal\u00e7adista de Nova Serrana"],"articleSection":["Minas Gerais","Mundo"],"inLanguage":"pt-BR","potentialAction":[{"@type":"CommentAction","name":"Comment","target":["https:\/\/aconteceunovale.com.br\/portal\/?p=68129#respond"]}]},{"@type":"WebPage","@id":"https:\/\/aconteceunovale.com.br\/portal\/?p=68129","url":"https:\/\/aconteceunovale.com.br\/portal\/?p=68129","name":"Cal\u00e7ados produzidos em Nova Serrana conquistam o mercado internacional - Aconteceu no Vale","isPartOf":{"@id":"https:\/\/aconteceunovale.com.br\/portal\/#website"},"primaryImageOfPage":{"@id":"https:\/\/aconteceunovale.com.br\/portal\/?p=68129#primaryimage"},"image":{"@id":"https:\/\/aconteceunovale.com.br\/portal\/?p=68129#primaryimage"},"thumbnailUrl":"https:\/\/aconteceunovale.com.br\/portal\/wp-content\/uploads\/2015\/09\/calcados_ns_1.jpg","datePublished":"2015-09-09T21:41:17+00:00","author":{"@id":"https:\/\/aconteceunovale.com.br\/portal\/#\/schema\/person\/7d2f26d1483f8a63de73da1ee0754d35"},"breadcrumb":{"@id":"https:\/\/aconteceunovale.com.br\/portal\/?p=68129#breadcrumb"},"inLanguage":"pt-BR","potentialAction":[{"@type":"ReadAction","target":["https:\/\/aconteceunovale.com.br\/portal\/?p=68129"]}]},{"@type":"ImageObject","inLanguage":"pt-BR","@id":"https:\/\/aconteceunovale.com.br\/portal\/?p=68129#primaryimage","url":"https:\/\/aconteceunovale.com.br\/portal\/wp-content\/uploads\/2015\/09\/calcados_ns_1.jpg","contentUrl":"https:\/\/aconteceunovale.com.br\/portal\/wp-content\/uploads\/2015\/09\/calcados_ns_1.jpg","width":675,"height":450},{"@type":"BreadcrumbList","@id":"https:\/\/aconteceunovale.com.br\/portal\/?p=68129#breadcrumb","itemListElement":[{"@type":"ListItem","position":1,"name":"In\u00edcio","item":"https:\/\/aconteceunovale.com.br\/portal\/"},{"@type":"ListItem","position":2,"name":"Cal\u00e7ados produzidos em Nova Serrana conquistam o mercado internacional"}]},{"@type":"WebSite","@id":"https:\/\/aconteceunovale.com.br\/portal\/#website","url":"https:\/\/aconteceunovale.com.br\/portal\/","name":"Aconteceu no Vale","description":"Portal de Not\u00edcias","potentialAction":[{"@type":"SearchAction","target":{"@type":"EntryPoint","urlTemplate":"https:\/\/aconteceunovale.com.br\/portal\/?s={search_term_string}"},"query-input":{"@type":"PropertyValueSpecification","valueRequired":true,"valueName":"search_term_string"}}],"inLanguage":"pt-BR"},{"@type":"Person","@id":"https:\/\/aconteceunovale.com.br\/portal\/#\/schema\/person\/7d2f26d1483f8a63de73da1ee0754d35","name":"Reda\u00e7\u00e3o Aconteceu no Vale","description":"Equipe de reportagem do Aconteceu no Vale, portal de not\u00edcias do Vale do Jequitinhonha, em Minas Gerais. Cobrimos as 51 cidades do Vale desde 2013. Sugest\u00f5es de pauta e pedidos de corre\u00e7\u00e3o: contato@aconteceunovale.com.br","url":"https:\/\/aconteceunovale.com.br\/portal\/?author=4"}]}},"_links":{"self":[{"href":"https:\/\/aconteceunovale.com.br\/portal\/index.php?rest_route=\/wp\/v2\/posts\/68129","targetHints":{"allow":["GET"]}}],"collection":[{"href":"https:\/\/aconteceunovale.com.br\/portal\/index.php?rest_route=\/wp\/v2\/posts"}],"about":[{"href":"https:\/\/aconteceunovale.com.br\/portal\/index.php?rest_route=\/wp\/v2\/types\/post"}],"author":[{"embeddable":true,"href":"https:\/\/aconteceunovale.com.br\/portal\/index.php?rest_route=\/wp\/v2\/users\/4"}],"replies":[{"embeddable":true,"href":"https:\/\/aconteceunovale.com.br\/portal\/index.php?rest_route=%2Fwp%2Fv2%2Fcomments&post=68129"}],"version-history":[{"count":0,"href":"https:\/\/aconteceunovale.com.br\/portal\/index.php?rest_route=\/wp\/v2\/posts\/68129\/revisions"}],"wp:featuredmedia":[{"embeddable":true,"href":"https:\/\/aconteceunovale.com.br\/portal\/index.php?rest_route=\/wp\/v2\/media\/68131"}],"wp:attachment":[{"href":"https:\/\/aconteceunovale.com.br\/portal\/index.php?rest_route=%2Fwp%2Fv2%2Fmedia&parent=68129"}],"wp:term":[{"taxonomy":"category","embeddable":true,"href":"https:\/\/aconteceunovale.com.br\/portal\/index.php?rest_route=%2Fwp%2Fv2%2Fcategories&post=68129"},{"taxonomy":"post_tag","embeddable":true,"href":"https:\/\/aconteceunovale.com.br\/portal\/index.php?rest_route=%2Fwp%2Fv2%2Ftags&post=68129"}],"curies":[{"name":"wp","href":"https:\/\/api.w.org\/{rel}","templated":true}]}}