{"id":68123,"date":"2015-09-09T18:34:14","date_gmt":"2015-09-09T21:34:14","guid":{"rendered":"http:\/\/aconteceunovale.com.br\/portal\/?p=68123"},"modified":"2015-09-09T18:34:14","modified_gmt":"2015-09-09T21:34:14","slug":"presidio-regional-de-montes-claros-tera-210-novas-vagas","status":"publish","type":"post","link":"https:\/\/aconteceunovale.com.br\/portal\/?p=68123","title":{"rendered":"Pres\u00eddio Regional de Montes Claros ter\u00e1 210 novas vagas"},"content":{"rendered":"<p>Iniciadas h\u00e1 um m\u00eas pela Secretaria de Estado de Defesa Social (Seds) e pelo Departamento Estadual de Obras P\u00fablicas (Deop), as obras de amplia\u00e7\u00e3o do Pres\u00eddio Regional de Montes Claros est\u00e3o em pleno andamento. A edifica\u00e7\u00e3o ocupar\u00e1 um terreno cont\u00edguo, doado pelo munic\u00edpio, e aumentar\u00e1 a capacidade em 35%, com 210 novas vagas, em quatro pavilh\u00f5es.<\/p>\n<p>O investimento \u00e9 de R$ 8,8 milh\u00f5es, sendo R$ 6,5 milh\u00f5es do Governo Estadual e R$ 2,3 milh\u00f5es do Departamento Penitenci\u00e1rio Nacional (Depen), e faz parte de um conjunto de quatro pres\u00eddios que tiveram as obras paralisadas em 2014 e foram retomadas no Governo Fernando Pimentel. Est\u00e3o nesse grupo os pres\u00eddios de Alfenas, Itajub\u00e1 e Divin\u00f3polis. As quatro unidades somadas v\u00e3o acrescer 1.128 vagas ao Sistema Prisional de Minas Gerais.<\/p>\n<p>O anexo do Pres\u00eddio Regional de Montes Claros ter\u00e1 \u00e1rea constru\u00edda de 3,2 mil metros quadrados. Ser\u00e3o seis blocos de celas coletivas e individuais com banheiro e camas de alvenaria, al\u00e9m de uma edifica\u00e7\u00e3o com salas de atendimento jur\u00eddico, social, de sa\u00fade e para a administra\u00e7\u00e3o. Haver\u00e1 tamb\u00e9m um bloco com escola e oficinas de trabalho.<\/p>\n<p>A superintendente de Atendimento ao Preso da Subsecretaria de Administra\u00e7\u00e3o Prisional (Suapi), Louise Bernardes Passos Leite, afirma que a Seds est\u00e1 em negocia\u00e7\u00e3o com a empresa Alcance Engenharia, respons\u00e1vel pela obra, para o engajamento imediato de 20 detentos do Pres\u00eddio Alvorada, tamb\u00e9m de Montes Claros. S\u00e3o presos do regime semiaberto que j\u00e1 podem ser beneficiados pela Justi\u00e7a com autoriza\u00e7\u00e3o de trabalho externo.  Eles receber\u00e3o \u00be do salario m\u00ednimo e remi\u00e7\u00e3o da pena, \u00e0 raz\u00e3o de um dia para cada tr\u00eas trabalhados.<\/p>\n<p>A parceria prev\u00ea, at\u00e9 o fim das obras, ocupa\u00e7\u00e3o para 40 detentos. \u201cAs parcerias de trabalho s\u00e3o imprescind\u00edveis para o sistema prisional porque contribuem para a ressocializa\u00e7\u00e3o do preso e o ajuda a se preparar para o mercado de trabalho quando terminar de cumprir sua pena\u201d, destaca a superintendente.<\/p>\n<p><img decoding=\"async\" src=\"http:\/\/aconteceunovale.com.br\/portal\/wp-content\/uploads\/2015\/09\/ampliacao_presidio_moc_1.jpg\" alt=\"\" \/><em>Obras de amplia\u00e7\u00e3o do Pres\u00eddio de Montes Claros &#8211; Foto: Osvaldo Afonso\/Imprensa MG<\/em><br \/>\n<\/br><\/p>\n<p><strong>Mais vagas<\/strong><\/p>\n<p>Cerca de 500 vagas foram criadas pela atual gest\u00e3o da Seds em pres\u00eddios e em Centros de Reintegra\u00e7\u00e3o Social (CRS\u2019s) de Associa\u00e7\u00f5es de Prote\u00e7\u00e3o aos Condenados (Apac\u2019s) filiadas \u00e0 Fraternidade Brasileira de Assist\u00eancia aos Condenados (Fbac).<\/p>\n<p>Foram inaugurados os pres\u00eddios masculinos de A\u00e7ucena (Vale do A\u00e7o) e de Bicas (Zona da Mata. J\u00e1 em Eugen\u00f3polis, igualmente na Zona da Mata, foi criado um novo pres\u00eddio exclusivamente feminino, alinhado com a pol\u00edtica da Seds de eliminar unidades prisionais mistas. Em Ub\u00e1, o pres\u00eddio local teve a capacidade duplicada, com a ativa\u00e7\u00e3o de 75 vagas.<\/p>\n<p>As unidades filiadas \u00e0 Fbac criaram neste ano 251 vagas nas cidades de Alfenas, Arcos, Caratinga, Conselheiro Lafaiete, Governador Valadares, Ita\u00fana, Ituiutaba, Lagoa da Prata, Nova Lima, Paracatu, Patroc\u00ednio, Santa Luzia, S\u00e3o Jo\u00e3o del-Rei e Uberl\u00e2ndia.<\/p>\n<p>Tamb\u00e9m em 2015 foram iniciadas obras de oito pres\u00eddios, que v\u00e3o gerar 4.270 vagas. S\u00e3o projetos licitados no governo anterior, mas que n\u00e3o sa\u00edram do papel por falta de contrapartida estadual em conv\u00eanios com o Departamento Penitenci\u00e1rio Nacional. A atual gest\u00e3o negociou com o Governo Federal a prorroga\u00e7\u00e3o dos conv\u00eanios e assegurou a contrapartida.<\/p>\n<p>Assim come\u00e7ou a constru\u00e7\u00e3o de unidades prisionais em Pirapora, Uberl\u00e2ndia, Par\u00e1 de Minas, Iturama, Barbacena, Machado, Ub\u00e1 e Lavras. O investimento total \u00e9 de R$138 milh\u00f5es, sendo R$ 44 milh\u00f5es do Governo de Minas e R$ 94 milh\u00f5es do Depen.<\/p>\n<p><img decoding=\"async\" src=\"http:\/\/aconteceunovale.com.br\/portal\/wp-content\/uploads\/2015\/09\/ampliacao_presidio_moc_2.jpg\" alt=\"\" \/><em>Obras de amplia\u00e7\u00e3o do Pres\u00eddio de Montes Claros &#8211; Foto: Osvaldo Afonso\/Imprensa MG<\/em><br \/>\n<\/br><\/p>\n<p><img decoding=\"async\" src=\"http:\/\/aconteceunovale.com.br\/portal\/wp-content\/uploads\/2015\/09\/ampliacao_presidio_moc_3.jpg\" alt=\"\" \/><em>Obras de amplia\u00e7\u00e3o do Pres\u00eddio de Montes Claros &#8211; Foto: Osvaldo Afonso\/Imprensa MG<\/em><br \/>\n<\/br><\/p>\n<p><img decoding=\"async\" src=\"http:\/\/aconteceunovale.com.br\/portal\/wp-content\/uploads\/2015\/09\/ampliacao_presidio_moc_4.jpg\" alt=\"\" \/><em>Obras de amplia\u00e7\u00e3o do Pres\u00eddio de Montes Claros &#8211; Foto: Osvaldo Afonso\/Imprensa MG<\/em><br \/>\n<\/br><\/p>\n<p><em>(Fonte: Ag\u00eancia Minas)<\/em><\/p>\n","protected":false},"excerpt":{"rendered":"<p>Iniciadas h\u00e1 um m\u00eas pela Secretaria de Estado de Defesa Social (Seds) e pelo Departamento Estadual de Obras P\u00fablicas (Deop), as obras de amplia\u00e7\u00e3o do Pres\u00eddio Regional de Montes Claros est\u00e3o em pleno andamento. A edifica\u00e7\u00e3o ocupar\u00e1 um terreno cont\u00edguo, doado pelo munic\u00edpio, e aumentar\u00e1 a capacidade em 35%, com 210 novas vagas, em quatro [&hellip;]<\/p>\n","protected":false},"author":4,"featured_media":68127,"comment_status":"open","ping_status":"closed","sticky":false,"template":"","format":"standard","meta":{"amp_status":"","footnotes":""},"categories":[1236],"tags":[58943,58942,58944,210,58947,58945,9414,58946],"class_list":["post-68123","post","type-post","status-publish","format-standard","has-post-thumbnail","hentry","category-norte_de_minas","tag-ampliacao-do-presidio-regional-de-montes-claros","tag-governo-acelera-ampliacao-do-presidio-regional-de-montes-claros","tag-investimento-no-presidio-regional-de-montes-claros","tag-montes-claros","tag-obras-de-ampliacao-do-presidio-de-montes-claros","tag-obras-do-presidio-regional-de-montes-claros","tag-presidio-regional-de-montes-claros","tag-presidio-regional-de-montes-claros-tera-210-novas-vagas"],"_links":{"self":[{"href":"https:\/\/aconteceunovale.com.br\/portal\/index.php?rest_route=\/wp\/v2\/posts\/68123","targetHints":{"allow":["GET"]}}],"collection":[{"href":"https:\/\/aconteceunovale.com.br\/portal\/index.php?rest_route=\/wp\/v2\/posts"}],"about":[{"href":"https:\/\/aconteceunovale.com.br\/portal\/index.php?rest_route=\/wp\/v2\/types\/post"}],"author":[{"embeddable":true,"href":"https:\/\/aconteceunovale.com.br\/portal\/index.php?rest_route=\/wp\/v2\/users\/4"}],"replies":[{"embeddable":true,"href":"https:\/\/aconteceunovale.com.br\/portal\/index.php?rest_route=%2Fwp%2Fv2%2Fcomments&post=68123"}],"version-history":[{"count":0,"href":"https:\/\/aconteceunovale.com.br\/portal\/index.php?rest_route=\/wp\/v2\/posts\/68123\/revisions"}],"wp:featuredmedia":[{"embeddable":true,"href":"https:\/\/aconteceunovale.com.br\/portal\/index.php?rest_route=\/wp\/v2\/media\/68127"}],"wp:attachment":[{"href":"https:\/\/aconteceunovale.com.br\/portal\/index.php?rest_route=%2Fwp%2Fv2%2Fmedia&parent=68123"}],"wp:term":[{"taxonomy":"category","embeddable":true,"href":"https:\/\/aconteceunovale.com.br\/portal\/index.php?rest_route=%2Fwp%2Fv2%2Fcategories&post=68123"},{"taxonomy":"post_tag","embeddable":true,"href":"https:\/\/aconteceunovale.com.br\/portal\/index.php?rest_route=%2Fwp%2Fv2%2Ftags&post=68123"}],"curies":[{"name":"wp","href":"https:\/\/api.w.org\/{rel}","templated":true}]}}