{"id":67889,"date":"2015-09-08T10:41:08","date_gmt":"2015-09-08T13:41:08","guid":{"rendered":"http:\/\/aconteceunovale.com.br\/portal\/?p=67889"},"modified":"2015-09-08T11:12:38","modified_gmt":"2015-09-08T14:12:38","slug":"situacao-caotica-de-paulistas-e-destaque-em-rede-nacional","status":"publish","type":"post","link":"https:\/\/aconteceunovale.com.br\/portal\/?p=67889","title":{"rendered":"Situa\u00e7\u00e3o ca\u00f3tica de Paulistas \u00e9 destaque em rede nacional"},"content":{"rendered":"<p>A situa\u00e7\u00e3o ca\u00f3tica do munic\u00edpio de Paulistas, no Vale do Rio Doce, ganhou destaque nacional nessa segunda-feira, 7 de setembro, no quadro Proteste J\u00e1 do programa CQC. Uma equipe da TV BAND acompanhou o sofrimento de crian\u00e7as, que enfrentam horas de caminhadas e \u00f4nibus sucateados para chegarem at\u00e9 as escolas do munic\u00edpio.<\/p>\n<p>Em entrevista ao Programa, a vereadora Katia Miranda (PMDB) afirmou que em 2013 e 2014 foram gastos aproximadamente R$ 460.000,00 com o transporte escolar. No entanto, os ve\u00edculos est\u00e3o &#8220;caindo aos peda\u00e7os&#8221; e alguns foram proibidos de circularem.<\/p>\n<p>O prefeito do munic\u00edpio, Leandro Miranda Barroso (PSDB), n\u00e3o foi localizado para esclarecer as den\u00fancias. Moradores relataram a reportagem que atualmente ele reside em Guanh\u00e3es. <\/p>\n<p>No dia das grava\u00e7\u00f5es, a Prefeitura foi fechada ainda no per\u00edodo da manh\u00e3 e alguns funcion\u00e1rios p\u00fablicos fugiram da equipe do CQC. A Secret\u00e1ria Municipal de Educa\u00e7\u00e3o chegou a correr do rep\u00f3rter para n\u00e3o falar sobre a situa\u00e7\u00e3o vergonhosa enfrentada pelos estudantes paulistanos.<\/p>\n<p>Confira a mat\u00e9ria completa no v\u00eddeo abaixo:<\/p>\n<p><iframe loading=\"lazy\" width=\"640\" height=\"360\" src=\"https:\/\/www.youtube.com\/embed\/ryzAsqxHjYM\" frameborder=\"0\" allowfullscreen><\/iframe><\/p>\n","protected":false},"excerpt":{"rendered":"<p>A situa\u00e7\u00e3o ca\u00f3tica do munic\u00edpio de Paulistas, no Vale do Rio Doce, ganhou destaque nacional nessa segunda-feira, 7 de setembro, no quadro Proteste J\u00e1 do programa CQC. Uma equipe da TV BAND acompanhou o sofrimento de crian\u00e7as, que enfrentam horas de caminhadas e \u00f4nibus sucateados para chegarem at\u00e9 as escolas do munic\u00edpio. Em entrevista ao [&hellip;]<\/p>\n","protected":false},"author":4,"featured_media":67890,"comment_status":"open","ping_status":"closed","sticky":false,"template":"","format":"standard","meta":{"amp_status":"","footnotes":""},"categories":[121],"tags":[58643,58650,14132,58644,58642,58649,305,58651,58645,58646,58640,58648,58647,58639,58638,58641],"class_list":["post-67889","post","type-post","status-publish","format-standard","has-post-thumbnail","hentry","category-leste","tag-gravacao-do-cqc-em-paulistas","tag-katia-miranda","tag-leandro-miranda-barroso","tag-materia-do-cqc-em-paulistas","tag-noticia-cqc-em-paulistas","tag-onibus-sucateados-no-transporte-escolar-de-paulistas","tag-paulistas","tag-prefeito-de-paulistas","tag-proteste-ja","tag-proteste-ja-paulistas","tag-reportagem-cqc-em-paulistas","tag-reportagem-do-cqc-em-paulistas","tag-reportagem-proteste-ja-em-paulistas","tag-situacao-caotica-de-paulistas","tag-situacao-caotica-de-paulistas-e-destaque-em-rede-nacional","tag-video-cqc-em-paulistas"],"_links":{"self":[{"href":"https:\/\/aconteceunovale.com.br\/portal\/index.php?rest_route=\/wp\/v2\/posts\/67889","targetHints":{"allow":["GET"]}}],"collection":[{"href":"https:\/\/aconteceunovale.com.br\/portal\/index.php?rest_route=\/wp\/v2\/posts"}],"about":[{"href":"https:\/\/aconteceunovale.com.br\/portal\/index.php?rest_route=\/wp\/v2\/types\/post"}],"author":[{"embeddable":true,"href":"https:\/\/aconteceunovale.com.br\/portal\/index.php?rest_route=\/wp\/v2\/users\/4"}],"replies":[{"embeddable":true,"href":"https:\/\/aconteceunovale.com.br\/portal\/index.php?rest_route=%2Fwp%2Fv2%2Fcomments&post=67889"}],"version-history":[{"count":0,"href":"https:\/\/aconteceunovale.com.br\/portal\/index.php?rest_route=\/wp\/v2\/posts\/67889\/revisions"}],"wp:featuredmedia":[{"embeddable":true,"href":"https:\/\/aconteceunovale.com.br\/portal\/index.php?rest_route=\/wp\/v2\/media\/67890"}],"wp:attachment":[{"href":"https:\/\/aconteceunovale.com.br\/portal\/index.php?rest_route=%2Fwp%2Fv2%2Fmedia&parent=67889"}],"wp:term":[{"taxonomy":"category","embeddable":true,"href":"https:\/\/aconteceunovale.com.br\/portal\/index.php?rest_route=%2Fwp%2Fv2%2Fcategories&post=67889"},{"taxonomy":"post_tag","embeddable":true,"href":"https:\/\/aconteceunovale.com.br\/portal\/index.php?rest_route=%2Fwp%2Fv2%2Ftags&post=67889"}],"curies":[{"name":"wp","href":"https:\/\/api.w.org\/{rel}","templated":true}]}}