{"id":67878,"date":"2015-09-08T10:01:19","date_gmt":"2015-09-08T13:01:19","guid":{"rendered":"http:\/\/aconteceunovale.com.br\/portal\/?p=67878"},"modified":"2015-09-08T21:56:41","modified_gmt":"2015-09-09T00:56:41","slug":"arvore-cai-sobre-onibus-em-movimento-e-mata-duas-pessoas-na-br-116","status":"publish","type":"post","link":"https:\/\/aconteceunovale.com.br\/portal\/?p=67878","title":{"rendered":"\u00c1rvore cai sobre \u00f4nibus em movimento e mata duas pessoas na BR-116"},"content":{"rendered":"<p>O Corpo de Bombeiros Militar e a Pol\u00edcia Rodovi\u00e1ria Federal (PRF) registraram o grave acidente por volta das 19 horas de ontem (07\/09), no quil\u00f4metro 579 da BR-116, em S\u00e3o Pedro do Ava\u00ed, distrito de Manhua\u00e7u (MG). Uma \u00e1rvore de grande porte caiu em cima de um \u00f4nibus da Via\u00e7\u00e3o S\u00e3o Geraldo e matou dois passageiros, sendo um homem e uma mulher.<\/p>\n<p>A \u00e1rvore pesando toneladas atingiu o \u00f4nibus devido a uma chuva acompanhada de vento forte que caiu naquela regi\u00e3o. Segundo tenente Fl\u00e1vio, comandante do Pelot\u00e3o do Corpo de Bombeiros de Manhua\u00e7u, no \u00f4nibus estavam o motorista e seis passageiros. O motorista sofreu ferimentos leves e duas v\u00edtimas &#8211; uma delas em estado grave &#8211; foram levadas para a unidade de Pronto Atendimento de Manhua\u00e7u. Outras duas v\u00edtimas n\u00e3o quiseram ser conduzidas ao pronto socorro, mas receberam toda a assist\u00eancia do Corpo de Bombeiros.<\/p>\n<p>De acordo com informa\u00e7\u00f5es, o \u00f4nibus saiu de Garanhuns, Pernambuco e tinha como destino S\u00e3o Paulo. O acidente mobilizou 11 homens do Corpo de Bombeiros, que trabalharam durante horas, para a retirada dos corpos das v\u00edtimas das ferragens. Foi preciso o aux\u00edlio de um trator e de uma motosserra para cortar os troncos da \u00e1rvore.<\/p>\n<p>A trag\u00e9dia causou quil\u00f4metros de congestionamento nos dois sentidos da rodovia. A PRF registrou um boletim de ocorr\u00eancia e um perito da Pol\u00edcia Civil periciou a cena do acidente. Um representante da Via\u00e7\u00e3o S\u00e3o Geraldo tamb\u00e9m esteve no local para acompanhar os trabalhos dos bombeiros e das pol\u00edcias.<\/p>\n<p><strong>V\u00edtimas identificadas<\/strong><\/p>\n<p>Os corpos das duas v\u00edtimas fatais do acidente com o \u00f4nibus da Via\u00e7\u00e3o S\u00e3o Geraldo j\u00e1 foram identificados por parentes. A informa\u00e7\u00e3o foi confirmada pela Assessoria de Imprensa da S\u00e3o Geraldo na tarde de hoje (08).<\/p>\n<p>Segundo a empresa, as v\u00edtimas fatais s\u00e3o: Maria dos Santos Souza, de 43 anos, que era da cidade de Jeremoabo, no estado da Bahia, e Marcos Lu\u00eds dos Santos, de 19 anos, que era de Novo Cruzeiro, no Vale do Jequitinhonha. Os corpos j\u00e1 foram liberados para translado e a empresa continua prestando toda a assist\u00eancia \u00e0s fam\u00edlias das v\u00edtimas e lamentou a trag\u00e9dia.<\/p>\n<p><img decoding=\"async\" src=\"http:\/\/aconteceunovale.com.br\/portal\/wp-content\/uploads\/2015\/09\/bus_sao_geraldo_manhuacu_1.jpg\" alt=\"\" \/><\/p>\n<p><img decoding=\"async\" src=\"http:\/\/aconteceunovale.com.br\/portal\/wp-content\/uploads\/2015\/09\/bus_sao_geraldo_manhuacu_2.jpg\" alt=\"\" \/><\/p>\n<p><img decoding=\"async\" src=\"http:\/\/aconteceunovale.com.br\/portal\/wp-content\/uploads\/2015\/09\/bus_sao_geraldo_manhuacu_3.jpg\" alt=\"\" \/><\/p>\n<p><img decoding=\"async\" src=\"http:\/\/aconteceunovale.com.br\/portal\/wp-content\/uploads\/2015\/09\/bus_sao_geraldo_manhuacu_4.jpg\" alt=\"\" \/><\/p>\n<p><img decoding=\"async\" src=\"http:\/\/aconteceunovale.com.br\/portal\/wp-content\/uploads\/2015\/09\/bus_sao_geraldo_manhuacu_5.jpg\" alt=\"\" \/><\/p>\n<p><img decoding=\"async\" src=\"http:\/\/aconteceunovale.com.br\/portal\/wp-content\/uploads\/2015\/09\/bus_sao_geraldo_manhuacu_6.jpg\" alt=\"\" \/><\/p>\n<p><img decoding=\"async\" src=\"http:\/\/aconteceunovale.com.br\/portal\/wp-content\/uploads\/2015\/09\/bus_sao_geraldo_manhuacu_7.jpg\" alt=\"\" \/><\/p>\n<p><img decoding=\"async\" src=\"http:\/\/aconteceunovale.com.br\/portal\/wp-content\/uploads\/2015\/09\/bus_sao_geraldo_manhuacu_8.jpg\" alt=\"\" \/><\/p>\n<p><img decoding=\"async\" src=\"http:\/\/aconteceunovale.com.br\/portal\/wp-content\/uploads\/2015\/09\/bus_sao_geraldo_manhuacu_9.jpg\" alt=\"\" \/><em>(Fotos e informa\u00e7\u00f5es da TV Super Canal de Caratinga)<\/em><\/p>\n","protected":false},"excerpt":{"rendered":"<p>O Corpo de Bombeiros Militar e a Pol\u00edcia Rodovi\u00e1ria Federal (PRF) registraram o grave acidente por volta das 19 horas de ontem (07\/09), no quil\u00f4metro 579 da BR-116, em S\u00e3o Pedro do Ava\u00ed, distrito de Manhua\u00e7u (MG). Uma \u00e1rvore de grande porte caiu em cima de um \u00f4nibus da Via\u00e7\u00e3o S\u00e3o Geraldo e matou dois [&hellip;]<\/p>\n","protected":false},"author":4,"featured_media":67879,"comment_status":"open","ping_status":"closed","sticky":false,"template":"","format":"standard","meta":{"amp_status":"","footnotes":""},"categories":[121],"tags":[58633,58632,58629,58635,58636,58637,58631,58630,58634,58800,209,58801,58799,175,58628,58798,58797],"class_list":["post-67878","post","type-post","status-publish","format-standard","has-post-thumbnail","hentry","category-leste","tag-acidente-com-onibus-da-viacao-sao-geraldo","tag-arvore-cai-sobre-onibus-da-viacao-sao-geraldo","tag-arvore-cai-sobre-onibus-em-manhuacu","tag-arvore-cai-sobre-onibus-em-movimento-e-mata-duas-pessoas-na-br-116","tag-arvore-cai-sobre-onibus-em-movimento-e-mata-duas-pessoas-na-br-116-em-manhuacu","tag-arvore-cai-sobre-onibus-em-movimento-e-mata-duas-pessoas-na-br-116-em-sao-pedro-do-avai","tag-arvore-cai-sobre-onibus-em-sao-pedro-do-avai","tag-arvore-cai-sobre-onibus-na-br-116","tag-garanhuns","tag-jeremoabo","tag-manhuacu","tag-marcos-luis-dos-santos","tag-maria-dos-santos-souza","tag-novo-cruzeiro","tag-sao-pedro-do-avai","tag-vitimas-da-tragedia-com-onibus-da-sao-geraldo-na-br-116","tag-vitimas-da-tragedia-com-onibus-da-sao-geraldo-na-br-116-ja-foram-identificadas"],"_links":{"self":[{"href":"https:\/\/aconteceunovale.com.br\/portal\/index.php?rest_route=\/wp\/v2\/posts\/67878","targetHints":{"allow":["GET"]}}],"collection":[{"href":"https:\/\/aconteceunovale.com.br\/portal\/index.php?rest_route=\/wp\/v2\/posts"}],"about":[{"href":"https:\/\/aconteceunovale.com.br\/portal\/index.php?rest_route=\/wp\/v2\/types\/post"}],"author":[{"embeddable":true,"href":"https:\/\/aconteceunovale.com.br\/portal\/index.php?rest_route=\/wp\/v2\/users\/4"}],"replies":[{"embeddable":true,"href":"https:\/\/aconteceunovale.com.br\/portal\/index.php?rest_route=%2Fwp%2Fv2%2Fcomments&post=67878"}],"version-history":[{"count":0,"href":"https:\/\/aconteceunovale.com.br\/portal\/index.php?rest_route=\/wp\/v2\/posts\/67878\/revisions"}],"wp:featuredmedia":[{"embeddable":true,"href":"https:\/\/aconteceunovale.com.br\/portal\/index.php?rest_route=\/wp\/v2\/media\/67879"}],"wp:attachment":[{"href":"https:\/\/aconteceunovale.com.br\/portal\/index.php?rest_route=%2Fwp%2Fv2%2Fmedia&parent=67878"}],"wp:term":[{"taxonomy":"category","embeddable":true,"href":"https:\/\/aconteceunovale.com.br\/portal\/index.php?rest_route=%2Fwp%2Fv2%2Fcategories&post=67878"},{"taxonomy":"post_tag","embeddable":true,"href":"https:\/\/aconteceunovale.com.br\/portal\/index.php?rest_route=%2Fwp%2Fv2%2Ftags&post=67878"}],"curies":[{"name":"wp","href":"https:\/\/api.w.org\/{rel}","templated":true}]}}