{"id":67726,"date":"2015-09-05T10:08:31","date_gmt":"2015-09-05T13:08:31","guid":{"rendered":"http:\/\/aconteceunovale.com.br\/portal\/?p=67726"},"modified":"2015-09-05T10:08:31","modified_gmt":"2015-09-05T13:08:31","slug":"novas-regras-de-seguranca-para-berco-devem-ser-definidas-ate-dezembro","status":"publish","type":"post","link":"https:\/\/aconteceunovale.com.br\/portal\/?p=67726","title":{"rendered":"Novas regras de seguran\u00e7a para ber\u00e7o devem ser definidas at\u00e9 dezembro"},"content":{"rendered":"<p>O Instituto Nacional de Metrologia, Qualidade e Tecnologia (Inmetro) abriu consulta p\u00fablica para revisar as regras de seguran\u00e7a para ber\u00e7os comercializados no Brasil. O\u00a0<strong><a href=\"http:\/\/www.inmetro.gov.br\/legislacao\/detalhe.asp?seq_classe=1&amp;seq_ato=2300\" target=\"_blank\">texto pode ser acessado pela internet<\/a><\/strong>\u00a0e ficar\u00e1 dispon\u00edvel durante todo o m\u00eas de setembro. A expectativa, segundo o chefe da divis\u00e3o de Regulamenta\u00e7\u00e3o T\u00e9cnica, Leonardo Rocha, \u00e9 que a nova regulamenta\u00e7\u00e3o seja publicada at\u00e9 o final deste ano.<\/p>\n<p>Rocha explicou que as atuais regras de seguran\u00e7a para ber\u00e7o est\u00e3o em vig\u00eancia no pa\u00eds desde 2011 e que a proposta que consta na consulta p\u00fablica, al\u00e9m de aperfei\u00e7oar a regulamenta\u00e7\u00e3o j\u00e1 existente, inclui diversos tipos de ber\u00e7o \u2013 como o ber\u00e7o balan\u00e7o (imita o movimento de ninar), o ber\u00e7o de movimento pendular (permite movimento em qualquer dire\u00e7\u00e3o) e o mini ber\u00e7o (utilizado nos primeiros meses do beb\u00ea).<\/p>\n<p>Outro aspecto proposto pelo Inmetro trata da proibi\u00e7\u00e3o das chamadas laterais m\u00f3veis de ber\u00e7os de madeira ou similares. Segundo Rocha, o monitoramento de acidentes registrados no pa\u00eds e no exterior demonstra que esse tipo de acess\u00f3rio representa fonte de risco para o beb\u00ea. \u201cH\u00e1 o risco de prender o bra\u00e7o, a perna, a cabe\u00e7a, tudo durante uma opera\u00e7\u00e3o normal dessa lateral. Al\u00e9m disso, com o uso, a lateral come\u00e7a a apresentar folgas que colocam a crian\u00e7a em situa\u00e7\u00e3o de risco\u201d, explicou.<\/p>\n<p>No caso dos chamados ber\u00e7os dobr\u00e1veis, o Inmetro pretende ser mais rigoroso no quesito respirabilidade do tecido utilizado na fabrica\u00e7\u00e3o, j\u00e1 que as laterais precisam ser de tecido flex\u00edvel para que o item possa ser dobrado e facilmente transportado. Outra exig\u00eancia proposta para esse tipo de ber\u00e7o \u00e9 que o espa\u00e7amento admitido nas laterais, em rela\u00e7\u00e3o ao colch\u00e3o, seja reduzido.<\/p>\n<p>A jornalista Rafaella Costa, 29 anos, aguarda a chegada da segunda filha. No s\u00e9timo m\u00eas de gesta\u00e7\u00e3o, j\u00e1 est\u00e1 com o quartinho da crian\u00e7a praticamente pronto \u2013 inclusive com o ber\u00e7o j\u00e1 montado. Ela conta que, na primeira gravidez, sua principal preocupa\u00e7\u00e3o estava relacionada \u00e0 seguran\u00e7a do ber\u00e7o e que o mesmo crit\u00e9rio foi utilizado na escolha do produto para a segunda filha.<\/p>\n<p>\u201cVoc\u00ea precisa sempre checar se est\u00e1 tudo ok, se o ber\u00e7o segue todas as regras de seguran\u00e7a. N\u00e3o estava sabendo das mudan\u00e7as propostas pelo Inmetro, mas vou manter a aten\u00e7\u00e3o redobrada\u201d, disse. \u201cUsei um ber\u00e7o dobr\u00e1vel com a minha primeira filha, mas realmente a aten\u00e7\u00e3o tem que ser maior nesse caso. \u00c9 um ber\u00e7o para emerg\u00eancia, para quando a gente sai, viaja. E, mesmo assim, tem que ficar de olho.\u201d<\/p>\n<p>A contadora Marcela Monte, 34 anos, tem tr\u00eas filhos. O mais novo, Gustavo, de 3 meses, herdou o ber\u00e7o de uma das irm\u00e3s. H\u00e1 seis anos, quando o item foi comprado, as preocupa\u00e7\u00f5es da m\u00e3e inclu\u00edam a seguran\u00e7a e a durabilidade do produto. \u201cOlhei as grades, os espa\u00e7os entre elas, para checar se estava tudo de acordo. Sabia que havia alguns padr\u00f5es a serem seguidos e \u00e9 importante estar atenta. N\u00e3o estava sabendo das mudan\u00e7as proposta pelo Inmetro, mas vou ficar com os dois olhos bem abertos.\u201d<\/p>\n<p>Quem tiver alguma d\u00favida, cr\u00edtica ou sugest\u00e3o em rela\u00e7\u00e3o \u00e0s regras de seguran\u00e7a de ber\u00e7os comercializados no Brasil pode entrar em contato com o Inmetro por meio do telefone 0800 2851818. (Ag\u00eancia Brasil)<\/p>\n","protected":false},"excerpt":{"rendered":"<p>O Instituto Nacional de Metrologia, Qualidade e Tecnologia (Inmetro) abriu consulta p\u00fablica para revisar as regras de seguran\u00e7a para ber\u00e7os comercializados no Brasil. O\u00a0texto pode ser acessado pela internet\u00a0e ficar\u00e1 dispon\u00edvel durante todo o m\u00eas de setembro. A expectativa, segundo o chefe da divis\u00e3o de Regulamenta\u00e7\u00e3o T\u00e9cnica, Leonardo Rocha, \u00e9 que a nova regulamenta\u00e7\u00e3o seja [&hellip;]<\/p>\n","protected":false},"author":4,"featured_media":67727,"comment_status":"open","ping_status":"closed","sticky":false,"template":"","format":"standard","meta":{"amp_status":"","footnotes":""},"categories":[6],"tags":[58342,58343,24388,58344,58339,58338,58340,26163,58341],"class_list":["post-67726","post","type-post","status-publish","format-standard","has-post-thumbnail","hentry","category-br","tag-bebes","tag-berco","tag-inmetro","tag-maes","tag-novas-regras-de-seguranca-para-berco","tag-novas-regras-de-seguranca-para-berco-devem-ser-definidas-ate-dezembro","tag-regras-de-seguranca-para-berco","tag-seguranca","tag-seguranca-para-berco"],"yoast_head":"<!-- This site is optimized with the Yoast SEO plugin v28.3 - https:\/\/yoast.com\/product\/yoast-seo-wordpress\/ -->\n<title>Novas regras de seguran\u00e7a para ber\u00e7o devem ser definidas at\u00e9 dezembro - Aconteceu no Vale<\/title>\n<meta name=\"robots\" content=\"index, follow, max-snippet:-1, max-image-preview:large, max-video-preview:-1\" \/>\n<link rel=\"canonical\" href=\"https:\/\/aconteceunovale.com.br\/portal\/?p=67726\" \/>\n<meta property=\"og:locale\" content=\"pt_BR\" \/>\n<meta property=\"og:type\" content=\"article\" \/>\n<meta property=\"og:title\" content=\"Novas regras de seguran\u00e7a para ber\u00e7o devem ser definidas at\u00e9 dezembro - Aconteceu no Vale\" \/>\n<meta property=\"og:description\" content=\"O Instituto Nacional de Metrologia, Qualidade e Tecnologia (Inmetro) abriu consulta p\u00fablica para revisar as regras de seguran\u00e7a para ber\u00e7os comercializados no Brasil. O\u00a0texto pode ser acessado pela internet\u00a0e ficar\u00e1 dispon\u00edvel durante todo o m\u00eas de setembro. A expectativa, segundo o chefe da divis\u00e3o de Regulamenta\u00e7\u00e3o T\u00e9cnica, Leonardo Rocha, \u00e9 que a nova regulamenta\u00e7\u00e3o seja [&hellip;]\" \/>\n<meta property=\"og:url\" content=\"https:\/\/aconteceunovale.com.br\/portal\/?p=67726\" \/>\n<meta property=\"og:site_name\" content=\"Aconteceu no Vale\" \/>\n<meta property=\"article:publisher\" content=\"https:\/\/www.facebook.com\/aconteceunovale\/\" \/>\n<meta property=\"article:published_time\" content=\"2015-09-05T13:08:31+00:00\" \/>\n<meta property=\"og:image\" content=\"https:\/\/aconteceunovale.com.br\/portal\/wp-content\/uploads\/2015\/09\/berco_bebe.jpg\" \/>\n\t<meta property=\"og:image:width\" content=\"582\" \/>\n\t<meta property=\"og:image:height\" content=\"450\" \/>\n\t<meta property=\"og:image:type\" content=\"image\/jpeg\" \/>\n<meta name=\"author\" content=\"Reda\u00e7\u00e3o Aconteceu no Vale\" \/>\n<meta name=\"twitter:card\" content=\"summary_large_image\" \/>\n<meta name=\"twitter:creator\" content=\"@noticiadosvales\" \/>\n<meta name=\"twitter:site\" content=\"@noticiadosvales\" \/>\n<meta name=\"twitter:label1\" content=\"Escrito por\" \/>\n\t<meta name=\"twitter:data1\" content=\"Reda\u00e7\u00e3o Aconteceu no Vale\" \/>\n\t<meta name=\"twitter:label2\" content=\"Est. tempo de leitura\" \/>\n\t<meta name=\"twitter:data2\" content=\"3 minutos\" \/>\n<script type=\"application\/ld+json\" class=\"yoast-schema-graph\">{\"@context\":\"https:\\\/\\\/schema.org\",\"@graph\":[{\"@type\":\"Article\",\"@id\":\"https:\\\/\\\/aconteceunovale.com.br\\\/portal\\\/?p=67726#article\",\"isPartOf\":{\"@id\":\"https:\\\/\\\/aconteceunovale.com.br\\\/portal\\\/?p=67726\"},\"author\":{\"name\":\"Reda\u00e7\u00e3o Aconteceu no Vale\",\"@id\":\"https:\\\/\\\/aconteceunovale.com.br\\\/portal\\\/#\\\/schema\\\/person\\\/7d2f26d1483f8a63de73da1ee0754d35\"},\"headline\":\"Novas regras de seguran\u00e7a para ber\u00e7o devem ser definidas at\u00e9 dezembro\",\"datePublished\":\"2015-09-05T13:08:31+00:00\",\"mainEntityOfPage\":{\"@id\":\"https:\\\/\\\/aconteceunovale.com.br\\\/portal\\\/?p=67726\"},\"wordCount\":607,\"commentCount\":0,\"image\":{\"@id\":\"https:\\\/\\\/aconteceunovale.com.br\\\/portal\\\/?p=67726#primaryimage\"},\"thumbnailUrl\":\"https:\\\/\\\/aconteceunovale.com.br\\\/portal\\\/wp-content\\\/uploads\\\/2015\\\/09\\\/berco_bebe.jpg\",\"keywords\":[\"beb\u00eas\",\"ber\u00e7o\",\"Inmetro\",\"m\u00e3es\",\"Novas regras de seguran\u00e7a para ber\u00e7o\",\"Novas regras de seguran\u00e7a para ber\u00e7o devem ser definidas at\u00e9 dezembro\",\"regras de seguran\u00e7a para ber\u00e7o\",\"seguran\u00e7a\",\"seguran\u00e7a para ber\u00e7o\"],\"articleSection\":[\"Brasil\"],\"inLanguage\":\"pt-BR\",\"potentialAction\":[{\"@type\":\"CommentAction\",\"name\":\"Comment\",\"target\":[\"https:\\\/\\\/aconteceunovale.com.br\\\/portal\\\/?p=67726#respond\"]}]},{\"@type\":\"WebPage\",\"@id\":\"https:\\\/\\\/aconteceunovale.com.br\\\/portal\\\/?p=67726\",\"url\":\"https:\\\/\\\/aconteceunovale.com.br\\\/portal\\\/?p=67726\",\"name\":\"Novas regras de seguran\u00e7a para ber\u00e7o devem ser definidas at\u00e9 dezembro - Aconteceu no Vale\",\"isPartOf\":{\"@id\":\"https:\\\/\\\/aconteceunovale.com.br\\\/portal\\\/#website\"},\"primaryImageOfPage\":{\"@id\":\"https:\\\/\\\/aconteceunovale.com.br\\\/portal\\\/?p=67726#primaryimage\"},\"image\":{\"@id\":\"https:\\\/\\\/aconteceunovale.com.br\\\/portal\\\/?p=67726#primaryimage\"},\"thumbnailUrl\":\"https:\\\/\\\/aconteceunovale.com.br\\\/portal\\\/wp-content\\\/uploads\\\/2015\\\/09\\\/berco_bebe.jpg\",\"datePublished\":\"2015-09-05T13:08:31+00:00\",\"author\":{\"@id\":\"https:\\\/\\\/aconteceunovale.com.br\\\/portal\\\/#\\\/schema\\\/person\\\/7d2f26d1483f8a63de73da1ee0754d35\"},\"breadcrumb\":{\"@id\":\"https:\\\/\\\/aconteceunovale.com.br\\\/portal\\\/?p=67726#breadcrumb\"},\"inLanguage\":\"pt-BR\",\"potentialAction\":[{\"@type\":\"ReadAction\",\"target\":[\"https:\\\/\\\/aconteceunovale.com.br\\\/portal\\\/?p=67726\"]}]},{\"@type\":\"ImageObject\",\"inLanguage\":\"pt-BR\",\"@id\":\"https:\\\/\\\/aconteceunovale.com.br\\\/portal\\\/?p=67726#primaryimage\",\"url\":\"https:\\\/\\\/aconteceunovale.com.br\\\/portal\\\/wp-content\\\/uploads\\\/2015\\\/09\\\/berco_bebe.jpg\",\"contentUrl\":\"https:\\\/\\\/aconteceunovale.com.br\\\/portal\\\/wp-content\\\/uploads\\\/2015\\\/09\\\/berco_bebe.jpg\",\"width\":582,\"height\":450},{\"@type\":\"BreadcrumbList\",\"@id\":\"https:\\\/\\\/aconteceunovale.com.br\\\/portal\\\/?p=67726#breadcrumb\",\"itemListElement\":[{\"@type\":\"ListItem\",\"position\":1,\"name\":\"In\u00edcio\",\"item\":\"https:\\\/\\\/aconteceunovale.com.br\\\/portal\\\/\"},{\"@type\":\"ListItem\",\"position\":2,\"name\":\"Novas regras de seguran\u00e7a para ber\u00e7o devem ser definidas at\u00e9 dezembro\"}]},{\"@type\":\"WebSite\",\"@id\":\"https:\\\/\\\/aconteceunovale.com.br\\\/portal\\\/#website\",\"url\":\"https:\\\/\\\/aconteceunovale.com.br\\\/portal\\\/\",\"name\":\"Aconteceu no Vale\",\"description\":\"Portal de Not\u00edcias\",\"potentialAction\":[{\"@type\":\"SearchAction\",\"target\":{\"@type\":\"EntryPoint\",\"urlTemplate\":\"https:\\\/\\\/aconteceunovale.com.br\\\/portal\\\/?s={search_term_string}\"},\"query-input\":{\"@type\":\"PropertyValueSpecification\",\"valueRequired\":true,\"valueName\":\"search_term_string\"}}],\"inLanguage\":\"pt-BR\"},{\"@type\":\"Person\",\"@id\":\"https:\\\/\\\/aconteceunovale.com.br\\\/portal\\\/#\\\/schema\\\/person\\\/7d2f26d1483f8a63de73da1ee0754d35\",\"name\":\"Reda\u00e7\u00e3o Aconteceu no Vale\",\"description\":\"Equipe de reportagem do Aconteceu no Vale, portal de not\u00edcias do Vale do Jequitinhonha, em Minas Gerais. Cobrimos as 51 cidades do Vale desde 2013. Sugest\u00f5es de pauta e pedidos de corre\u00e7\u00e3o: contato@aconteceunovale.com.br\",\"url\":\"https:\\\/\\\/aconteceunovale.com.br\\\/portal\\\/?author=4\"}]}<\/script>\n<!-- \/ Yoast SEO plugin. -->","yoast_head_json":{"title":"Novas regras de seguran\u00e7a para ber\u00e7o devem ser definidas at\u00e9 dezembro - Aconteceu no Vale","robots":{"index":"index","follow":"follow","max-snippet":"max-snippet:-1","max-image-preview":"max-image-preview:large","max-video-preview":"max-video-preview:-1"},"canonical":"https:\/\/aconteceunovale.com.br\/portal\/?p=67726","og_locale":"pt_BR","og_type":"article","og_title":"Novas regras de seguran\u00e7a para ber\u00e7o devem ser definidas at\u00e9 dezembro - Aconteceu no Vale","og_description":"O Instituto Nacional de Metrologia, Qualidade e Tecnologia (Inmetro) abriu consulta p\u00fablica para revisar as regras de seguran\u00e7a para ber\u00e7os comercializados no Brasil. O\u00a0texto pode ser acessado pela internet\u00a0e ficar\u00e1 dispon\u00edvel durante todo o m\u00eas de setembro. A expectativa, segundo o chefe da divis\u00e3o de Regulamenta\u00e7\u00e3o T\u00e9cnica, Leonardo Rocha, \u00e9 que a nova regulamenta\u00e7\u00e3o seja [&hellip;]","og_url":"https:\/\/aconteceunovale.com.br\/portal\/?p=67726","og_site_name":"Aconteceu no Vale","article_publisher":"https:\/\/www.facebook.com\/aconteceunovale\/","article_published_time":"2015-09-05T13:08:31+00:00","og_image":[{"width":582,"height":450,"url":"https:\/\/aconteceunovale.com.br\/portal\/wp-content\/uploads\/2015\/09\/berco_bebe.jpg","type":"image\/jpeg"}],"author":"Reda\u00e7\u00e3o Aconteceu no Vale","twitter_card":"summary_large_image","twitter_creator":"@noticiadosvales","twitter_site":"@noticiadosvales","twitter_misc":{"Escrito por":"Reda\u00e7\u00e3o Aconteceu no Vale","Est. tempo de leitura":"3 minutos"},"schema":{"@context":"https:\/\/schema.org","@graph":[{"@type":"Article","@id":"https:\/\/aconteceunovale.com.br\/portal\/?p=67726#article","isPartOf":{"@id":"https:\/\/aconteceunovale.com.br\/portal\/?p=67726"},"author":{"name":"Reda\u00e7\u00e3o Aconteceu no Vale","@id":"https:\/\/aconteceunovale.com.br\/portal\/#\/schema\/person\/7d2f26d1483f8a63de73da1ee0754d35"},"headline":"Novas regras de seguran\u00e7a para ber\u00e7o devem ser definidas at\u00e9 dezembro","datePublished":"2015-09-05T13:08:31+00:00","mainEntityOfPage":{"@id":"https:\/\/aconteceunovale.com.br\/portal\/?p=67726"},"wordCount":607,"commentCount":0,"image":{"@id":"https:\/\/aconteceunovale.com.br\/portal\/?p=67726#primaryimage"},"thumbnailUrl":"https:\/\/aconteceunovale.com.br\/portal\/wp-content\/uploads\/2015\/09\/berco_bebe.jpg","keywords":["beb\u00eas","ber\u00e7o","Inmetro","m\u00e3es","Novas regras de seguran\u00e7a para ber\u00e7o","Novas regras de seguran\u00e7a para ber\u00e7o devem ser definidas at\u00e9 dezembro","regras de seguran\u00e7a para ber\u00e7o","seguran\u00e7a","seguran\u00e7a para ber\u00e7o"],"articleSection":["Brasil"],"inLanguage":"pt-BR","potentialAction":[{"@type":"CommentAction","name":"Comment","target":["https:\/\/aconteceunovale.com.br\/portal\/?p=67726#respond"]}]},{"@type":"WebPage","@id":"https:\/\/aconteceunovale.com.br\/portal\/?p=67726","url":"https:\/\/aconteceunovale.com.br\/portal\/?p=67726","name":"Novas regras de seguran\u00e7a para ber\u00e7o devem ser definidas at\u00e9 dezembro - Aconteceu no Vale","isPartOf":{"@id":"https:\/\/aconteceunovale.com.br\/portal\/#website"},"primaryImageOfPage":{"@id":"https:\/\/aconteceunovale.com.br\/portal\/?p=67726#primaryimage"},"image":{"@id":"https:\/\/aconteceunovale.com.br\/portal\/?p=67726#primaryimage"},"thumbnailUrl":"https:\/\/aconteceunovale.com.br\/portal\/wp-content\/uploads\/2015\/09\/berco_bebe.jpg","datePublished":"2015-09-05T13:08:31+00:00","author":{"@id":"https:\/\/aconteceunovale.com.br\/portal\/#\/schema\/person\/7d2f26d1483f8a63de73da1ee0754d35"},"breadcrumb":{"@id":"https:\/\/aconteceunovale.com.br\/portal\/?p=67726#breadcrumb"},"inLanguage":"pt-BR","potentialAction":[{"@type":"ReadAction","target":["https:\/\/aconteceunovale.com.br\/portal\/?p=67726"]}]},{"@type":"ImageObject","inLanguage":"pt-BR","@id":"https:\/\/aconteceunovale.com.br\/portal\/?p=67726#primaryimage","url":"https:\/\/aconteceunovale.com.br\/portal\/wp-content\/uploads\/2015\/09\/berco_bebe.jpg","contentUrl":"https:\/\/aconteceunovale.com.br\/portal\/wp-content\/uploads\/2015\/09\/berco_bebe.jpg","width":582,"height":450},{"@type":"BreadcrumbList","@id":"https:\/\/aconteceunovale.com.br\/portal\/?p=67726#breadcrumb","itemListElement":[{"@type":"ListItem","position":1,"name":"In\u00edcio","item":"https:\/\/aconteceunovale.com.br\/portal\/"},{"@type":"ListItem","position":2,"name":"Novas regras de seguran\u00e7a para ber\u00e7o devem ser definidas at\u00e9 dezembro"}]},{"@type":"WebSite","@id":"https:\/\/aconteceunovale.com.br\/portal\/#website","url":"https:\/\/aconteceunovale.com.br\/portal\/","name":"Aconteceu no Vale","description":"Portal de Not\u00edcias","potentialAction":[{"@type":"SearchAction","target":{"@type":"EntryPoint","urlTemplate":"https:\/\/aconteceunovale.com.br\/portal\/?s={search_term_string}"},"query-input":{"@type":"PropertyValueSpecification","valueRequired":true,"valueName":"search_term_string"}}],"inLanguage":"pt-BR"},{"@type":"Person","@id":"https:\/\/aconteceunovale.com.br\/portal\/#\/schema\/person\/7d2f26d1483f8a63de73da1ee0754d35","name":"Reda\u00e7\u00e3o Aconteceu no Vale","description":"Equipe de reportagem do Aconteceu no Vale, portal de not\u00edcias do Vale do Jequitinhonha, em Minas Gerais. Cobrimos as 51 cidades do Vale desde 2013. Sugest\u00f5es de pauta e pedidos de corre\u00e7\u00e3o: contato@aconteceunovale.com.br","url":"https:\/\/aconteceunovale.com.br\/portal\/?author=4"}]}},"_links":{"self":[{"href":"https:\/\/aconteceunovale.com.br\/portal\/index.php?rest_route=\/wp\/v2\/posts\/67726","targetHints":{"allow":["GET"]}}],"collection":[{"href":"https:\/\/aconteceunovale.com.br\/portal\/index.php?rest_route=\/wp\/v2\/posts"}],"about":[{"href":"https:\/\/aconteceunovale.com.br\/portal\/index.php?rest_route=\/wp\/v2\/types\/post"}],"author":[{"embeddable":true,"href":"https:\/\/aconteceunovale.com.br\/portal\/index.php?rest_route=\/wp\/v2\/users\/4"}],"replies":[{"embeddable":true,"href":"https:\/\/aconteceunovale.com.br\/portal\/index.php?rest_route=%2Fwp%2Fv2%2Fcomments&post=67726"}],"version-history":[{"count":0,"href":"https:\/\/aconteceunovale.com.br\/portal\/index.php?rest_route=\/wp\/v2\/posts\/67726\/revisions"}],"wp:featuredmedia":[{"embeddable":true,"href":"https:\/\/aconteceunovale.com.br\/portal\/index.php?rest_route=\/wp\/v2\/media\/67727"}],"wp:attachment":[{"href":"https:\/\/aconteceunovale.com.br\/portal\/index.php?rest_route=%2Fwp%2Fv2%2Fmedia&parent=67726"}],"wp:term":[{"taxonomy":"category","embeddable":true,"href":"https:\/\/aconteceunovale.com.br\/portal\/index.php?rest_route=%2Fwp%2Fv2%2Fcategories&post=67726"},{"taxonomy":"post_tag","embeddable":true,"href":"https:\/\/aconteceunovale.com.br\/portal\/index.php?rest_route=%2Fwp%2Fv2%2Ftags&post=67726"}],"curies":[{"name":"wp","href":"https:\/\/api.w.org\/{rel}","templated":true}]}}