{"id":67723,"date":"2015-09-05T09:44:37","date_gmt":"2015-09-05T12:44:37","guid":{"rendered":"http:\/\/aconteceunovale.com.br\/portal\/?p=67723"},"modified":"2015-09-05T09:44:37","modified_gmt":"2015-09-05T12:44:37","slug":"estado-limita-o-uso-de-servicos-de-seguranca-pelos-ex-governadores","status":"publish","type":"post","link":"https:\/\/aconteceunovale.com.br\/portal\/?p=67723","title":{"rendered":"Estado limita o uso de servi\u00e7os de seguran\u00e7a pelos ex-governadores"},"content":{"rendered":"<p>O\u00a0Governo de Minas Gerais\u00a0publicou, nessa sexta-feira (4\/8), norma que limita a presta\u00e7\u00e3o de servi\u00e7os militares para a seguran\u00e7a e apoio pessoal de ex-governadores. De acordo com o decreto n\u00ba 46.827\/2015, ex-governadores poder\u00e3o requerer os servi\u00e7os somente at\u00e9 o mandato subsequente, ou seja, por quatro anos. Antes, os benef\u00edcios poderiam ser requeridos por tempo indeterminado.<\/p>\n<p>A limita\u00e7\u00e3o dos servi\u00e7os prestados pelo\u00a0Gabinete Militar de Minas Gerais\u00a0\u00e9 ampla e afeta tamb\u00e9m a quantidade de di\u00e1rias \u00e0 disposi\u00e7\u00e3o dos ex-governadores para que os oficiais executem as atividades de seguran\u00e7a em viagens. Com a nova norma, os militares podem usar at\u00e9 o limite de cinco di\u00e1rias mensais para cumprir com as fun\u00e7\u00f5es citadas. Antes, o limite era o dobro: 10 di\u00e1rias mensais.<\/p>\n<p>Em rela\u00e7\u00e3o aos ex-vice-governadores, a Lei Delegada n\u00ba 180, de 2011 &#8211; que disp\u00f5e sobre a estrutura org\u00e2nica da Administra\u00e7\u00e3o P\u00fablica, j\u00e1 previa a restri\u00e7\u00e3o dos servi\u00e7os militares at\u00e9 o mandato subsequente, por quatro anos. No caso deles, a \u00fanica mudan\u00e7a refere-se ao n\u00famero de di\u00e1rias dispon\u00edveis aos militares que, assim como no caso dos ex-governadores, passou de 10 para cinco mensais.<\/p>\n<p>Ao todo, cinco oficiais e 10 pra\u00e7as, restringidos ao posto de major, encontram-se dispon\u00edveis para fazer a seguran\u00e7a. Deste efetivo, ex-governadores podem usar os servi\u00e7os de at\u00e9 dois oficiais e dois pra\u00e7as. Para ex-vice-governadores, o limite \u00e9 de um oficial e dois pra\u00e7as. Para o cumprimento da miss\u00e3o, os militares est\u00e3o autorizados a utilizar um ve\u00edculo oficial, al\u00e9m de armamentos e equipamentos necess\u00e1rios.<\/p>\n<p>De acordo com o Gabinete Militar, as solicita\u00e7\u00f5es n\u00e3o s\u00e3o fixas, portanto, n\u00e3o h\u00e1 or\u00e7amento espec\u00edfico para os servi\u00e7os. Quando existentes, os custos s\u00e3o inseridos no or\u00e7amento do Estado. Para solicit\u00e1-los, os requerentes devem encaminhar o pedido junto ao governador em exerc\u00edcio e ao Gabinete Militar de Minas Gerais.<\/p>\n","protected":false},"excerpt":{"rendered":"<p>O\u00a0Governo de Minas Gerais\u00a0publicou, nessa sexta-feira (4\/8), norma que limita a presta\u00e7\u00e3o de servi\u00e7os militares para a seguran\u00e7a e apoio pessoal de ex-governadores. De acordo com o decreto n\u00ba 46.827\/2015, ex-governadores poder\u00e3o requerer os servi\u00e7os somente at\u00e9 o mandato subsequente, ou seja, por quatro anos. Antes, os benef\u00edcios poderiam ser requeridos por tempo indeterminado. A [&hellip;]<\/p>\n","protected":false},"author":4,"featured_media":67724,"comment_status":"open","ping_status":"closed","sticky":false,"template":"","format":"standard","meta":{"amp_status":"","footnotes":""},"categories":[123],"tags":[58330,58333,58334,58335,58336,58337,58331,58332],"class_list":["post-67723","post","type-post","status-publish","format-standard","has-post-thumbnail","hentry","category-gerais","tag-estado-limita-o-uso-de-servicos-de-seguranca-pelos-ex-governadores","tag-estado-limita-o-uso-de-servicos-de-seguranca-pelos-ex-governadores-de-minas-gerais","tag-norma-que-limita-a-prestacao-de-servicos-militares-para-a-seguranca-e-apoio-pessoal-de-ex-governadores","tag-prestacao-de-servicos-militares-para","tag-prestacao-de-servicos-militares-para-ex-governadores","tag-seguranca-de-ex-governadores","tag-uso-de-servicos-de-seguranca-pelos-ex-governadores","tag-uso-de-servicos-de-seguranca-pelos-ex-governadores-de-minas-gerais"],"yoast_head":"<!-- This site is optimized with the Yoast SEO plugin v28.3 - https:\/\/yoast.com\/product\/yoast-seo-wordpress\/ -->\n<title>Estado limita o uso de servi\u00e7os de seguran\u00e7a pelos ex-governadores - Aconteceu no Vale<\/title>\n<meta name=\"robots\" content=\"index, follow, max-snippet:-1, max-image-preview:large, max-video-preview:-1\" \/>\n<link rel=\"canonical\" href=\"https:\/\/aconteceunovale.com.br\/portal\/?p=67723\" \/>\n<meta property=\"og:locale\" content=\"pt_BR\" \/>\n<meta property=\"og:type\" content=\"article\" \/>\n<meta property=\"og:title\" content=\"Estado limita o uso de servi\u00e7os de seguran\u00e7a pelos ex-governadores - Aconteceu no Vale\" \/>\n<meta property=\"og:description\" content=\"O\u00a0Governo de Minas Gerais\u00a0publicou, nessa sexta-feira (4\/8), norma que limita a presta\u00e7\u00e3o de servi\u00e7os militares para a seguran\u00e7a e apoio pessoal de ex-governadores. De acordo com o decreto n\u00ba 46.827\/2015, ex-governadores poder\u00e3o requerer os servi\u00e7os somente at\u00e9 o mandato subsequente, ou seja, por quatro anos. Antes, os benef\u00edcios poderiam ser requeridos por tempo indeterminado. A [&hellip;]\" \/>\n<meta property=\"og:url\" content=\"https:\/\/aconteceunovale.com.br\/portal\/?p=67723\" \/>\n<meta property=\"og:site_name\" content=\"Aconteceu no Vale\" \/>\n<meta property=\"article:publisher\" content=\"https:\/\/www.facebook.com\/aconteceunovale\/\" \/>\n<meta property=\"article:published_time\" content=\"2015-09-05T12:44:37+00:00\" \/>\n<meta property=\"og:image\" content=\"https:\/\/aconteceunovale.com.br\/portal\/wp-content\/uploads\/2015\/09\/seguranca_mg.jpg\" \/>\n\t<meta property=\"og:image:width\" content=\"678\" \/>\n\t<meta property=\"og:image:height\" content=\"273\" \/>\n\t<meta property=\"og:image:type\" content=\"image\/jpeg\" \/>\n<meta name=\"author\" content=\"Reda\u00e7\u00e3o Aconteceu no Vale\" \/>\n<meta name=\"twitter:card\" content=\"summary_large_image\" \/>\n<meta name=\"twitter:creator\" content=\"@noticiadosvales\" \/>\n<meta name=\"twitter:site\" content=\"@noticiadosvales\" \/>\n<meta name=\"twitter:label1\" content=\"Escrito por\" \/>\n\t<meta name=\"twitter:data1\" content=\"Reda\u00e7\u00e3o Aconteceu no Vale\" \/>\n\t<meta name=\"twitter:label2\" content=\"Est. tempo de leitura\" \/>\n\t<meta name=\"twitter:data2\" content=\"2 minutos\" \/>\n<script type=\"application\/ld+json\" class=\"yoast-schema-graph\">{\"@context\":\"https:\\\/\\\/schema.org\",\"@graph\":[{\"@type\":\"Article\",\"@id\":\"https:\\\/\\\/aconteceunovale.com.br\\\/portal\\\/?p=67723#article\",\"isPartOf\":{\"@id\":\"https:\\\/\\\/aconteceunovale.com.br\\\/portal\\\/?p=67723\"},\"author\":{\"name\":\"Reda\u00e7\u00e3o Aconteceu no Vale\",\"@id\":\"https:\\\/\\\/aconteceunovale.com.br\\\/portal\\\/#\\\/schema\\\/person\\\/7d2f26d1483f8a63de73da1ee0754d35\"},\"headline\":\"Estado limita o uso de servi\u00e7os de seguran\u00e7a pelos ex-governadores\",\"datePublished\":\"2015-09-05T12:44:37+00:00\",\"mainEntityOfPage\":{\"@id\":\"https:\\\/\\\/aconteceunovale.com.br\\\/portal\\\/?p=67723\"},\"wordCount\":345,\"commentCount\":0,\"image\":{\"@id\":\"https:\\\/\\\/aconteceunovale.com.br\\\/portal\\\/?p=67723#primaryimage\"},\"thumbnailUrl\":\"https:\\\/\\\/aconteceunovale.com.br\\\/portal\\\/wp-content\\\/uploads\\\/2015\\\/09\\\/seguranca_mg.jpg\",\"keywords\":[\"Estado limita o uso de servi\u00e7os de seguran\u00e7a pelos ex-governadores\",\"Estado limita o uso de servi\u00e7os de seguran\u00e7a pelos ex-governadores de minas gerais\",\"norma que limita a presta\u00e7\u00e3o de servi\u00e7os militares para a seguran\u00e7a e apoio pessoal de ex-governadores\",\"presta\u00e7\u00e3o de servi\u00e7os militares para\",\"presta\u00e7\u00e3o de servi\u00e7os militares para ex-governadores\",\"seguran\u00e7a de ex-governadores\",\"uso de servi\u00e7os de seguran\u00e7a pelos ex-governadores\",\"uso de servi\u00e7os de seguran\u00e7a pelos ex-governadores de minas gerais\"],\"articleSection\":[\"Minas Gerais\"],\"inLanguage\":\"pt-BR\",\"potentialAction\":[{\"@type\":\"CommentAction\",\"name\":\"Comment\",\"target\":[\"https:\\\/\\\/aconteceunovale.com.br\\\/portal\\\/?p=67723#respond\"]}]},{\"@type\":\"WebPage\",\"@id\":\"https:\\\/\\\/aconteceunovale.com.br\\\/portal\\\/?p=67723\",\"url\":\"https:\\\/\\\/aconteceunovale.com.br\\\/portal\\\/?p=67723\",\"name\":\"Estado limita o uso de servi\u00e7os de seguran\u00e7a pelos ex-governadores - Aconteceu no Vale\",\"isPartOf\":{\"@id\":\"https:\\\/\\\/aconteceunovale.com.br\\\/portal\\\/#website\"},\"primaryImageOfPage\":{\"@id\":\"https:\\\/\\\/aconteceunovale.com.br\\\/portal\\\/?p=67723#primaryimage\"},\"image\":{\"@id\":\"https:\\\/\\\/aconteceunovale.com.br\\\/portal\\\/?p=67723#primaryimage\"},\"thumbnailUrl\":\"https:\\\/\\\/aconteceunovale.com.br\\\/portal\\\/wp-content\\\/uploads\\\/2015\\\/09\\\/seguranca_mg.jpg\",\"datePublished\":\"2015-09-05T12:44:37+00:00\",\"author\":{\"@id\":\"https:\\\/\\\/aconteceunovale.com.br\\\/portal\\\/#\\\/schema\\\/person\\\/7d2f26d1483f8a63de73da1ee0754d35\"},\"breadcrumb\":{\"@id\":\"https:\\\/\\\/aconteceunovale.com.br\\\/portal\\\/?p=67723#breadcrumb\"},\"inLanguage\":\"pt-BR\",\"potentialAction\":[{\"@type\":\"ReadAction\",\"target\":[\"https:\\\/\\\/aconteceunovale.com.br\\\/portal\\\/?p=67723\"]}]},{\"@type\":\"ImageObject\",\"inLanguage\":\"pt-BR\",\"@id\":\"https:\\\/\\\/aconteceunovale.com.br\\\/portal\\\/?p=67723#primaryimage\",\"url\":\"https:\\\/\\\/aconteceunovale.com.br\\\/portal\\\/wp-content\\\/uploads\\\/2015\\\/09\\\/seguranca_mg.jpg\",\"contentUrl\":\"https:\\\/\\\/aconteceunovale.com.br\\\/portal\\\/wp-content\\\/uploads\\\/2015\\\/09\\\/seguranca_mg.jpg\",\"width\":678,\"height\":273},{\"@type\":\"BreadcrumbList\",\"@id\":\"https:\\\/\\\/aconteceunovale.com.br\\\/portal\\\/?p=67723#breadcrumb\",\"itemListElement\":[{\"@type\":\"ListItem\",\"position\":1,\"name\":\"In\u00edcio\",\"item\":\"https:\\\/\\\/aconteceunovale.com.br\\\/portal\\\/\"},{\"@type\":\"ListItem\",\"position\":2,\"name\":\"Estado limita o uso de servi\u00e7os de seguran\u00e7a pelos ex-governadores\"}]},{\"@type\":\"WebSite\",\"@id\":\"https:\\\/\\\/aconteceunovale.com.br\\\/portal\\\/#website\",\"url\":\"https:\\\/\\\/aconteceunovale.com.br\\\/portal\\\/\",\"name\":\"Aconteceu no Vale\",\"description\":\"Portal de Not\u00edcias\",\"potentialAction\":[{\"@type\":\"SearchAction\",\"target\":{\"@type\":\"EntryPoint\",\"urlTemplate\":\"https:\\\/\\\/aconteceunovale.com.br\\\/portal\\\/?s={search_term_string}\"},\"query-input\":{\"@type\":\"PropertyValueSpecification\",\"valueRequired\":true,\"valueName\":\"search_term_string\"}}],\"inLanguage\":\"pt-BR\"},{\"@type\":\"Person\",\"@id\":\"https:\\\/\\\/aconteceunovale.com.br\\\/portal\\\/#\\\/schema\\\/person\\\/7d2f26d1483f8a63de73da1ee0754d35\",\"name\":\"Reda\u00e7\u00e3o Aconteceu no Vale\",\"description\":\"Equipe de reportagem do Aconteceu no Vale, portal de not\u00edcias do Vale do Jequitinhonha, em Minas Gerais. Cobrimos as 51 cidades do Vale desde 2013. Sugest\u00f5es de pauta e pedidos de corre\u00e7\u00e3o: contato@aconteceunovale.com.br\",\"url\":\"https:\\\/\\\/aconteceunovale.com.br\\\/portal\\\/?author=4\"}]}<\/script>\n<!-- \/ Yoast SEO plugin. -->","yoast_head_json":{"title":"Estado limita o uso de servi\u00e7os de seguran\u00e7a pelos ex-governadores - Aconteceu no Vale","robots":{"index":"index","follow":"follow","max-snippet":"max-snippet:-1","max-image-preview":"max-image-preview:large","max-video-preview":"max-video-preview:-1"},"canonical":"https:\/\/aconteceunovale.com.br\/portal\/?p=67723","og_locale":"pt_BR","og_type":"article","og_title":"Estado limita o uso de servi\u00e7os de seguran\u00e7a pelos ex-governadores - Aconteceu no Vale","og_description":"O\u00a0Governo de Minas Gerais\u00a0publicou, nessa sexta-feira (4\/8), norma que limita a presta\u00e7\u00e3o de servi\u00e7os militares para a seguran\u00e7a e apoio pessoal de ex-governadores. De acordo com o decreto n\u00ba 46.827\/2015, ex-governadores poder\u00e3o requerer os servi\u00e7os somente at\u00e9 o mandato subsequente, ou seja, por quatro anos. Antes, os benef\u00edcios poderiam ser requeridos por tempo indeterminado. A [&hellip;]","og_url":"https:\/\/aconteceunovale.com.br\/portal\/?p=67723","og_site_name":"Aconteceu no Vale","article_publisher":"https:\/\/www.facebook.com\/aconteceunovale\/","article_published_time":"2015-09-05T12:44:37+00:00","og_image":[{"width":678,"height":273,"url":"https:\/\/aconteceunovale.com.br\/portal\/wp-content\/uploads\/2015\/09\/seguranca_mg.jpg","type":"image\/jpeg"}],"author":"Reda\u00e7\u00e3o Aconteceu no Vale","twitter_card":"summary_large_image","twitter_creator":"@noticiadosvales","twitter_site":"@noticiadosvales","twitter_misc":{"Escrito por":"Reda\u00e7\u00e3o Aconteceu no Vale","Est. tempo de leitura":"2 minutos"},"schema":{"@context":"https:\/\/schema.org","@graph":[{"@type":"Article","@id":"https:\/\/aconteceunovale.com.br\/portal\/?p=67723#article","isPartOf":{"@id":"https:\/\/aconteceunovale.com.br\/portal\/?p=67723"},"author":{"name":"Reda\u00e7\u00e3o Aconteceu no Vale","@id":"https:\/\/aconteceunovale.com.br\/portal\/#\/schema\/person\/7d2f26d1483f8a63de73da1ee0754d35"},"headline":"Estado limita o uso de servi\u00e7os de seguran\u00e7a pelos ex-governadores","datePublished":"2015-09-05T12:44:37+00:00","mainEntityOfPage":{"@id":"https:\/\/aconteceunovale.com.br\/portal\/?p=67723"},"wordCount":345,"commentCount":0,"image":{"@id":"https:\/\/aconteceunovale.com.br\/portal\/?p=67723#primaryimage"},"thumbnailUrl":"https:\/\/aconteceunovale.com.br\/portal\/wp-content\/uploads\/2015\/09\/seguranca_mg.jpg","keywords":["Estado limita o uso de servi\u00e7os de seguran\u00e7a pelos ex-governadores","Estado limita o uso de servi\u00e7os de seguran\u00e7a pelos ex-governadores de minas gerais","norma que limita a presta\u00e7\u00e3o de servi\u00e7os militares para a seguran\u00e7a e apoio pessoal de ex-governadores","presta\u00e7\u00e3o de servi\u00e7os militares para","presta\u00e7\u00e3o de servi\u00e7os militares para ex-governadores","seguran\u00e7a de ex-governadores","uso de servi\u00e7os de seguran\u00e7a pelos ex-governadores","uso de servi\u00e7os de seguran\u00e7a pelos ex-governadores de minas gerais"],"articleSection":["Minas Gerais"],"inLanguage":"pt-BR","potentialAction":[{"@type":"CommentAction","name":"Comment","target":["https:\/\/aconteceunovale.com.br\/portal\/?p=67723#respond"]}]},{"@type":"WebPage","@id":"https:\/\/aconteceunovale.com.br\/portal\/?p=67723","url":"https:\/\/aconteceunovale.com.br\/portal\/?p=67723","name":"Estado limita o uso de servi\u00e7os de seguran\u00e7a pelos ex-governadores - Aconteceu no Vale","isPartOf":{"@id":"https:\/\/aconteceunovale.com.br\/portal\/#website"},"primaryImageOfPage":{"@id":"https:\/\/aconteceunovale.com.br\/portal\/?p=67723#primaryimage"},"image":{"@id":"https:\/\/aconteceunovale.com.br\/portal\/?p=67723#primaryimage"},"thumbnailUrl":"https:\/\/aconteceunovale.com.br\/portal\/wp-content\/uploads\/2015\/09\/seguranca_mg.jpg","datePublished":"2015-09-05T12:44:37+00:00","author":{"@id":"https:\/\/aconteceunovale.com.br\/portal\/#\/schema\/person\/7d2f26d1483f8a63de73da1ee0754d35"},"breadcrumb":{"@id":"https:\/\/aconteceunovale.com.br\/portal\/?p=67723#breadcrumb"},"inLanguage":"pt-BR","potentialAction":[{"@type":"ReadAction","target":["https:\/\/aconteceunovale.com.br\/portal\/?p=67723"]}]},{"@type":"ImageObject","inLanguage":"pt-BR","@id":"https:\/\/aconteceunovale.com.br\/portal\/?p=67723#primaryimage","url":"https:\/\/aconteceunovale.com.br\/portal\/wp-content\/uploads\/2015\/09\/seguranca_mg.jpg","contentUrl":"https:\/\/aconteceunovale.com.br\/portal\/wp-content\/uploads\/2015\/09\/seguranca_mg.jpg","width":678,"height":273},{"@type":"BreadcrumbList","@id":"https:\/\/aconteceunovale.com.br\/portal\/?p=67723#breadcrumb","itemListElement":[{"@type":"ListItem","position":1,"name":"In\u00edcio","item":"https:\/\/aconteceunovale.com.br\/portal\/"},{"@type":"ListItem","position":2,"name":"Estado limita o uso de servi\u00e7os de seguran\u00e7a pelos ex-governadores"}]},{"@type":"WebSite","@id":"https:\/\/aconteceunovale.com.br\/portal\/#website","url":"https:\/\/aconteceunovale.com.br\/portal\/","name":"Aconteceu no Vale","description":"Portal de Not\u00edcias","potentialAction":[{"@type":"SearchAction","target":{"@type":"EntryPoint","urlTemplate":"https:\/\/aconteceunovale.com.br\/portal\/?s={search_term_string}"},"query-input":{"@type":"PropertyValueSpecification","valueRequired":true,"valueName":"search_term_string"}}],"inLanguage":"pt-BR"},{"@type":"Person","@id":"https:\/\/aconteceunovale.com.br\/portal\/#\/schema\/person\/7d2f26d1483f8a63de73da1ee0754d35","name":"Reda\u00e7\u00e3o Aconteceu no Vale","description":"Equipe de reportagem do Aconteceu no Vale, portal de not\u00edcias do Vale do Jequitinhonha, em Minas Gerais. Cobrimos as 51 cidades do Vale desde 2013. Sugest\u00f5es de pauta e pedidos de corre\u00e7\u00e3o: contato@aconteceunovale.com.br","url":"https:\/\/aconteceunovale.com.br\/portal\/?author=4"}]}},"_links":{"self":[{"href":"https:\/\/aconteceunovale.com.br\/portal\/index.php?rest_route=\/wp\/v2\/posts\/67723","targetHints":{"allow":["GET"]}}],"collection":[{"href":"https:\/\/aconteceunovale.com.br\/portal\/index.php?rest_route=\/wp\/v2\/posts"}],"about":[{"href":"https:\/\/aconteceunovale.com.br\/portal\/index.php?rest_route=\/wp\/v2\/types\/post"}],"author":[{"embeddable":true,"href":"https:\/\/aconteceunovale.com.br\/portal\/index.php?rest_route=\/wp\/v2\/users\/4"}],"replies":[{"embeddable":true,"href":"https:\/\/aconteceunovale.com.br\/portal\/index.php?rest_route=%2Fwp%2Fv2%2Fcomments&post=67723"}],"version-history":[{"count":0,"href":"https:\/\/aconteceunovale.com.br\/portal\/index.php?rest_route=\/wp\/v2\/posts\/67723\/revisions"}],"wp:featuredmedia":[{"embeddable":true,"href":"https:\/\/aconteceunovale.com.br\/portal\/index.php?rest_route=\/wp\/v2\/media\/67724"}],"wp:attachment":[{"href":"https:\/\/aconteceunovale.com.br\/portal\/index.php?rest_route=%2Fwp%2Fv2%2Fmedia&parent=67723"}],"wp:term":[{"taxonomy":"category","embeddable":true,"href":"https:\/\/aconteceunovale.com.br\/portal\/index.php?rest_route=%2Fwp%2Fv2%2Fcategories&post=67723"},{"taxonomy":"post_tag","embeddable":true,"href":"https:\/\/aconteceunovale.com.br\/portal\/index.php?rest_route=%2Fwp%2Fv2%2Ftags&post=67723"}],"curies":[{"name":"wp","href":"https:\/\/api.w.org\/{rel}","templated":true}]}}