{"id":67632,"date":"2015-09-04T14:02:45","date_gmt":"2015-09-04T17:02:45","guid":{"rendered":"http:\/\/aconteceunovale.com.br\/portal\/?p=67632"},"modified":"2015-09-04T14:02:45","modified_gmt":"2015-09-04T17:02:45","slug":"policia-prende-homem-que-matou-o-proprio-irmao-em-sao-francisco","status":"publish","type":"post","link":"https:\/\/aconteceunovale.com.br\/portal\/?p=67632","title":{"rendered":"Pol\u00edcia prende homem que matou o pr\u00f3prio irm\u00e3o em S\u00e3o Francisco"},"content":{"rendered":"<p>A Pol\u00edcia Militar (PM) prendeu na madrugada desta sexta-feira (04\/09) um homem de 28 anos, que \u00e9 suspeito de ter matado o irm\u00e3o, de 20, em S\u00e3o Francisco, nesta quinta (3). O crime aconteceu depois de uma briga envolvendo os dois e mais um irm\u00e3o. Ele estava no Povoado de Vaqueta e foi detido enquanto dormia, ap\u00f3s levantamentos do servi\u00e7o de intelig\u00eancia da PM. A arma do crime ainda n\u00e3o foi localizada e a motiva\u00e7\u00e3o do homic\u00eddio est\u00e1 sendo investigada.<\/p>\n<p>Ainda acordo com a PM, o homem que morreu foi at\u00e9 a casa dos dois irm\u00e3os, de 16 e 28 anos, que moravam juntos, onde agrediu o menor com facadas. O outro irm\u00e3o pegou uma arma e atirou contra o de 20 anos, que chegou a ser levado para o hospital, mas n\u00e3o resistiu aos ferimentos. Ele foi atingido por pelo menos tr\u00eas disparos, a maioria nas costas. O corpo foi levado para o Instituto M\u00e9dico Legal de Janu\u00e1ria (MG).<\/p>\n<p>Ainda conforme a pol\u00edcia, o adolescente tamb\u00e9m foi encaminhado para uma unidade de sa\u00fade, ele teve ferimentos no bra\u00e7o e pesco\u00e7o e j\u00e1 foi liberado.<\/p>\n<p>O homem preso foi levado para a delegacia da cidade para demais provid\u00eancias. (G1)<\/p>\n","protected":false},"excerpt":{"rendered":"<p>A Pol\u00edcia Militar (PM) prendeu na madrugada desta sexta-feira (04\/09) um homem de 28 anos, que \u00e9 suspeito de ter matado o irm\u00e3o, de 20, em S\u00e3o Francisco, nesta quinta (3). O crime aconteceu depois de uma briga envolvendo os dois e mais um irm\u00e3o. Ele estava no Povoado de Vaqueta e foi detido enquanto [&hellip;]<\/p>\n","protected":false},"author":1,"featured_media":67633,"comment_status":"open","ping_status":"closed","sticky":false,"template":"","format":"standard","meta":{"amp_status":"","footnotes":""},"categories":[1236],"tags":[58199,58200,58198,56319,58201,58197,1522],"class_list":["post-67632","post","type-post","status-publish","format-standard","has-post-thumbnail","hentry","category-norte_de_minas","tag-homicidio-sao-francisco","tag-irmao-mata-irmao-em-sao-francisco","tag-matou-o-proprio-irmao-em-sao-francisco","tag-morte-em-sao-francisco","tag-morto-pelo-irmao-em-sao-francisco","tag-policia-prende-homem-que-matou-o-proprio-irmao-em-sao-francisco","tag-sao-francisco"],"_links":{"self":[{"href":"https:\/\/aconteceunovale.com.br\/portal\/index.php?rest_route=\/wp\/v2\/posts\/67632","targetHints":{"allow":["GET"]}}],"collection":[{"href":"https:\/\/aconteceunovale.com.br\/portal\/index.php?rest_route=\/wp\/v2\/posts"}],"about":[{"href":"https:\/\/aconteceunovale.com.br\/portal\/index.php?rest_route=\/wp\/v2\/types\/post"}],"author":[{"embeddable":true,"href":"https:\/\/aconteceunovale.com.br\/portal\/index.php?rest_route=\/wp\/v2\/users\/1"}],"replies":[{"embeddable":true,"href":"https:\/\/aconteceunovale.com.br\/portal\/index.php?rest_route=%2Fwp%2Fv2%2Fcomments&post=67632"}],"version-history":[{"count":0,"href":"https:\/\/aconteceunovale.com.br\/portal\/index.php?rest_route=\/wp\/v2\/posts\/67632\/revisions"}],"wp:featuredmedia":[{"embeddable":true,"href":"https:\/\/aconteceunovale.com.br\/portal\/index.php?rest_route=\/wp\/v2\/media\/67633"}],"wp:attachment":[{"href":"https:\/\/aconteceunovale.com.br\/portal\/index.php?rest_route=%2Fwp%2Fv2%2Fmedia&parent=67632"}],"wp:term":[{"taxonomy":"category","embeddable":true,"href":"https:\/\/aconteceunovale.com.br\/portal\/index.php?rest_route=%2Fwp%2Fv2%2Fcategories&post=67632"},{"taxonomy":"post_tag","embeddable":true,"href":"https:\/\/aconteceunovale.com.br\/portal\/index.php?rest_route=%2Fwp%2Fv2%2Ftags&post=67632"}],"curies":[{"name":"wp","href":"https:\/\/api.w.org\/{rel}","templated":true}]}}