{"id":67514,"date":"2015-09-03T21:48:21","date_gmt":"2015-09-04T00:48:21","guid":{"rendered":"http:\/\/aconteceunovale.com.br\/portal\/?p=67514"},"modified":"2015-09-03T21:48:21","modified_gmt":"2015-09-04T00:48:21","slug":"governo-estadual-volta-a-assumir-a-gestao-da-saude-em-montes-claros","status":"publish","type":"post","link":"https:\/\/aconteceunovale.com.br\/portal\/?p=67514","title":{"rendered":"Governo Estadual volta a assumir a Gest\u00e3o da Sa\u00fade em Montes Claros"},"content":{"rendered":"<p>A Superintend\u00eancia Regional de Sa\u00fade (SRS) em Montes Claros divulgou na tarde desta quinta-feira (03\/09) a decis\u00e3o do Tribunal de Justi\u00e7a de Minas Gerais (TJMG), que determina que os repasses dos servi\u00e7os de Sa\u00fade de m\u00e9dia e alta complexidade retornem para a gest\u00e3o da Secretaria de Estado de Sa\u00fade.<\/p>\n<p>O Minist\u00e9rio P\u00fablico Federal (MPF) j\u00e1 havia recomendado que o estado assumisse desde o dia 1\u00ba de agosto deste ano a administra\u00e7\u00e3o da gest\u00e3o dos servi\u00e7os de Sa\u00fade de m\u00e9dia e alta complexidade em Montes Claros. Mas, no dia 26 de agosto, uma liminar concedida pela 2\u00aa Vara Empresarial e Fazenda P\u00fablica de Montes Claros determinou que a administra\u00e7\u00e3o retornasse para o munic\u00edpio.<\/p>\n<p>Ainda de acordo com SRS, a transfer\u00eancia da administra\u00e7\u00e3o \u00e9 tempor\u00e1ria e cumpre a decis\u00e3o da Comiss\u00e3o Intergestores Bipartite (CIB-SUS). \u201cA suspens\u00e3o tempor\u00e1ria da gest\u00e3o hospitalar do munic\u00edpio de Montes Claros foi uma decis\u00e3o da CIB-SUS, considerando o insucesso de todas as medidas que foram tomadas durante meses para mediar os conflitos entre a gest\u00e3o municipal e as unidades hospitalares do munic\u00edpio\u201d, completa a nota.<\/p>\n<p>A procuradora do munic\u00edpio Marilda Marlei, afirmou que a Prefeitura vai recorrer da decis\u00e3o. Segundo ela, a Lei do SUS prev\u00ea que a gest\u00e3o hospitalar \u00e9 de responsabilidade do munic\u00edpio. (G1)<\/p>\n","protected":false},"excerpt":{"rendered":"<p>A Superintend\u00eancia Regional de Sa\u00fade (SRS) em Montes Claros divulgou na tarde desta quinta-feira (03\/09) a decis\u00e3o do Tribunal de Justi\u00e7a de Minas Gerais (TJMG), que determina que os repasses dos servi\u00e7os de Sa\u00fade de m\u00e9dia e alta complexidade retornem para a gest\u00e3o da Secretaria de Estado de Sa\u00fade. O Minist\u00e9rio P\u00fablico Federal (MPF) j\u00e1 [&hellip;]<\/p>\n","protected":false},"author":1,"featured_media":60435,"comment_status":"open","ping_status":"closed","sticky":false,"template":"","format":"standard","meta":{"amp_status":"","footnotes":""},"categories":[1236],"tags":[58073,58072,210],"class_list":["post-67514","post","type-post","status-publish","format-standard","has-post-thumbnail","hentry","category-norte_de_minas","tag-gestao-da-saude-em-montes-claros","tag-governo-estadual-volta-a-assumir-a-gestao-da-saude-em-montes-claros","tag-montes-claros"],"_links":{"self":[{"href":"https:\/\/aconteceunovale.com.br\/portal\/index.php?rest_route=\/wp\/v2\/posts\/67514","targetHints":{"allow":["GET"]}}],"collection":[{"href":"https:\/\/aconteceunovale.com.br\/portal\/index.php?rest_route=\/wp\/v2\/posts"}],"about":[{"href":"https:\/\/aconteceunovale.com.br\/portal\/index.php?rest_route=\/wp\/v2\/types\/post"}],"author":[{"embeddable":true,"href":"https:\/\/aconteceunovale.com.br\/portal\/index.php?rest_route=\/wp\/v2\/users\/1"}],"replies":[{"embeddable":true,"href":"https:\/\/aconteceunovale.com.br\/portal\/index.php?rest_route=%2Fwp%2Fv2%2Fcomments&post=67514"}],"version-history":[{"count":0,"href":"https:\/\/aconteceunovale.com.br\/portal\/index.php?rest_route=\/wp\/v2\/posts\/67514\/revisions"}],"wp:featuredmedia":[{"embeddable":true,"href":"https:\/\/aconteceunovale.com.br\/portal\/index.php?rest_route=\/wp\/v2\/media\/60435"}],"wp:attachment":[{"href":"https:\/\/aconteceunovale.com.br\/portal\/index.php?rest_route=%2Fwp%2Fv2%2Fmedia&parent=67514"}],"wp:term":[{"taxonomy":"category","embeddable":true,"href":"https:\/\/aconteceunovale.com.br\/portal\/index.php?rest_route=%2Fwp%2Fv2%2Fcategories&post=67514"},{"taxonomy":"post_tag","embeddable":true,"href":"https:\/\/aconteceunovale.com.br\/portal\/index.php?rest_route=%2Fwp%2Fv2%2Ftags&post=67514"}],"curies":[{"name":"wp","href":"https:\/\/api.w.org\/{rel}","templated":true}]}}