{"id":67505,"date":"2015-09-03T21:26:53","date_gmt":"2015-09-04T00:26:53","guid":{"rendered":"http:\/\/aconteceunovale.com.br\/portal\/?p=67505"},"modified":"2015-09-03T21:26:53","modified_gmt":"2015-09-04T00:26:53","slug":"suspeito-de-trafico-procurado-pela-policia-federal-e-preso-pela-pm-em-timoteo","status":"publish","type":"post","link":"https:\/\/aconteceunovale.com.br\/portal\/?p=67505","title":{"rendered":"Suspeito de tr\u00e1fico procurado pela Pol\u00edcia Federal \u00e9 preso pela PM em Tim\u00f3teo"},"content":{"rendered":"<p>Foi preso na noite dessa quarta-feira (02\/09) no bairro Quintandinha, em Tim\u00f3teo, um homem de 40 anos suspeito de ser integrante de uma quadrilha que distribu\u00eda drogas em pelo menos seis estados do pa\u00eds. Adeli Batista Em\u00eddio foi localizado em casa pela Pol\u00edcia Militar.<\/p>\n<p>Segundo informa\u00e7\u00f5es do Major Luiz Magalh\u00e3es, o suspeito era procurado pela Pol\u00edcia Federal como sendo um dos respons\u00e1veis pelo tr\u00e1fico de drogas em Minas Gerais.<\/p>\n<p>&#8220;Recebemos as informa\u00e7\u00f5es da PF de que o suspeito estaria aqui na regi\u00e3o, desde ent\u00e3o o servi\u00e7o de intelig\u00eancia estava \u00e0 procura, e conseguimos localiz\u00e1-lo em casa&#8221;, disse o major. Ainda segundo a pol\u00edcia, o suspeito faz parte de um grupo que estava sendo investigado pela PF desde 2014.<\/p>\n<p>O homem foi preso na opera\u00e7\u00e3o &#8216;Touro Branco&#8217;, desencadeada no dia 27 de agosto pela Pol\u00edcia Federal em S\u00e3o Paulo, para desarticular um esquema de tr\u00e1fico de drogas. Nos \u00faltimos meses, 40 pessoas foram presas, mais de 600 quilos de maconha e 97 quilos de coca\u00edna foram apreendidos, al\u00e9m de 23 ve\u00edculos e seis armas de fogo. (G1)<\/p>\n","protected":false},"excerpt":{"rendered":"<p>Foi preso na noite dessa quarta-feira (02\/09) no bairro Quintandinha, em Tim\u00f3teo, um homem de 40 anos suspeito de ser integrante de uma quadrilha que distribu\u00eda drogas em pelo menos seis estados do pa\u00eds. Adeli Batista Em\u00eddio foi localizado em casa pela Pol\u00edcia Militar. Segundo informa\u00e7\u00f5es do Major Luiz Magalh\u00e3es, o suspeito era procurado pela [&hellip;]<\/p>\n","protected":false},"author":1,"featured_media":67506,"comment_status":"open","ping_status":"closed","sticky":false,"template":"","format":"standard","meta":{"amp_status":"","footnotes":""},"categories":[121],"tags":[58061,58058,58060,1105,58059],"class_list":["post-67505","post","type-post","status-publish","format-standard","has-post-thumbnail","hentry","category-leste","tag-adeli-batista-emidio","tag-operacao-touro-branco","tag-suspeito-de-trafico-procurado-pela-policia-federal-e-preso-pela-pm-em-timoteo","tag-timoteo","tag-touro-branco"],"_links":{"self":[{"href":"https:\/\/aconteceunovale.com.br\/portal\/index.php?rest_route=\/wp\/v2\/posts\/67505","targetHints":{"allow":["GET"]}}],"collection":[{"href":"https:\/\/aconteceunovale.com.br\/portal\/index.php?rest_route=\/wp\/v2\/posts"}],"about":[{"href":"https:\/\/aconteceunovale.com.br\/portal\/index.php?rest_route=\/wp\/v2\/types\/post"}],"author":[{"embeddable":true,"href":"https:\/\/aconteceunovale.com.br\/portal\/index.php?rest_route=\/wp\/v2\/users\/1"}],"replies":[{"embeddable":true,"href":"https:\/\/aconteceunovale.com.br\/portal\/index.php?rest_route=%2Fwp%2Fv2%2Fcomments&post=67505"}],"version-history":[{"count":0,"href":"https:\/\/aconteceunovale.com.br\/portal\/index.php?rest_route=\/wp\/v2\/posts\/67505\/revisions"}],"wp:featuredmedia":[{"embeddable":true,"href":"https:\/\/aconteceunovale.com.br\/portal\/index.php?rest_route=\/wp\/v2\/media\/67506"}],"wp:attachment":[{"href":"https:\/\/aconteceunovale.com.br\/portal\/index.php?rest_route=%2Fwp%2Fv2%2Fmedia&parent=67505"}],"wp:term":[{"taxonomy":"category","embeddable":true,"href":"https:\/\/aconteceunovale.com.br\/portal\/index.php?rest_route=%2Fwp%2Fv2%2Fcategories&post=67505"},{"taxonomy":"post_tag","embeddable":true,"href":"https:\/\/aconteceunovale.com.br\/portal\/index.php?rest_route=%2Fwp%2Fv2%2Ftags&post=67505"}],"curies":[{"name":"wp","href":"https:\/\/api.w.org\/{rel}","templated":true}]}}