{"id":67400,"date":"2015-09-02T19:53:55","date_gmt":"2015-09-02T22:53:55","guid":{"rendered":"http:\/\/aconteceunovale.com.br\/portal\/?p=67400"},"modified":"2015-09-02T19:53:55","modified_gmt":"2015-09-02T22:53:55","slug":"ministerio-da-saude-lanca-campanha-de-atencao-as-mulheres-lesbicas-e-bissexuais","status":"publish","type":"post","link":"https:\/\/aconteceunovale.com.br\/portal\/?p=67400","title":{"rendered":"Minist\u00e9rio da Sa\u00fade lan\u00e7a campanha de aten\u00e7\u00e3o \u00e0s mulheres l\u00e9sbicas e bissexuais"},"content":{"rendered":"<p>O Minist\u00e9rio da Sa\u00fade lan\u00e7ou hoje (2) campanha com foco na sa\u00fade das mulheres l\u00e9sbicas e bissexuais. A mobiliza\u00e7\u00e3o, de car\u00e1ter informativo, tem por objetivo acabar com o atendimento ginecol\u00f3gico baseado no pressuposto de que todas as mulheres s\u00e3o heterossexuais ou precisam de aten\u00e7\u00e3o ligada \u00e0 reprodu\u00e7\u00e3o.<\/p>\n<p>Segundo o Minist\u00e9rio da Sa\u00fade, entre os desafios do atendimento est\u00e3o a cren\u00e7a equivocada de que as mulheres l\u00e9sbicas n\u00e3o t\u00eam risco de desenvolver c\u00e2nceres de mama e de colo de \u00fatero e a oferta de anticoncepcionais e preservativos masculinos. A campanha distribuir\u00e1 cartazes e folders para informar profissionais da sa\u00fade sobre as especificidades desta popula\u00e7\u00e3o.<\/p>\n<p>Al\u00e9m disso, o ministro da Sa\u00fade, Arthur Chioro, destacou a import\u00e2ncia de abordar o assunto na forma\u00e7\u00e3o dos profissionais e na educa\u00e7\u00e3o continuada de quem j\u00e1 trabalha no setor de sa\u00fade.<\/p>\n<p>De acordo com o ministro, o minist\u00e9rio tem ind\u00edcios de que as mulheres l\u00e9sbicas s\u00e3o menos acolhidas que as demais na preven\u00e7\u00e3o e tratamento dos c\u00e2nceres de colo de \u00fatero e de mama.&#8221;N\u00e3o podemos aceitar nenhuma forma de exclus\u00e3o&#8221;, afirmou Chioro.<\/p>\n<p>Para a enfermeira e militante Carmem L\u00facia, as mulheres l\u00e9sbicas s\u00e3o extremamente invis\u00edveis na sociedade.<\/p>\n<p>&#8220;As pessoas pensam que todos s\u00e3o heterossexuais. Se voc\u00ea n\u00e3o afirma sua lesbianidade ou seu lugar diferente, n\u00e3o tem direitos ou cuidados espec\u00edficos&#8221;, disse.<\/p>\n<p>Com o slogan &#8220;Cuidar da Sa\u00fade de Todos. Faz Bem para a Sa\u00fade das Mulheres L\u00e9sbicas e Bissexuais. Faz bem para o Brasil&#8221;, a campanha \u00e9 uma parceria entre o Minist\u00e9rio da Sa\u00fade,  Secretaria de Direitos Humanos da Presid\u00eancia da Rep\u00fablica e  Secretaria de Pol\u00edticas para Mulheres da Presid\u00eancia da Rep\u00fablica. (Ag\u00eancia Brasil)<\/p>\n","protected":false},"excerpt":{"rendered":"<p>O Minist\u00e9rio da Sa\u00fade lan\u00e7ou hoje (2) campanha com foco na sa\u00fade das mulheres l\u00e9sbicas e bissexuais. A mobiliza\u00e7\u00e3o, de car\u00e1ter informativo, tem por objetivo acabar com o atendimento ginecol\u00f3gico baseado no pressuposto de que todas as mulheres s\u00e3o heterossexuais ou precisam de aten\u00e7\u00e3o ligada \u00e0 reprodu\u00e7\u00e3o. Segundo o Minist\u00e9rio da Sa\u00fade, entre os desafios [&hellip;]<\/p>\n","protected":false},"author":1,"featured_media":60054,"comment_status":"open","ping_status":"closed","sticky":false,"template":"","format":"standard","meta":{"amp_status":"","footnotes":""},"categories":[6,40242],"tags":[15623,57900,57898,57897,57896,53619,57899,57895,20807,19152],"class_list":["post-67400","post","type-post","status-publish","format-standard","has-post-thumbnail","hentry","category-br","category-saude-2","tag-campanha","tag-campanha-com-foco-na-saude-das-mulheres-lesbicas-e-bissexuais","tag-campanha-de-atencao-as-mulheres-bissexuais","tag-campanha-de-atencao-as-mulheres-lesbicas","tag-campanha-de-atencao-as-mulheres-lesbicas-e-bissexuais","tag-informacoes","tag-lesbicas","tag-ministerio-da-saude-lanca-campanha-de-atencao-as-mulheres-lesbicas-e-bissexuais","tag-mulheres","tag-saude"],"yoast_head":"<!-- This site is optimized with the Yoast SEO plugin v28.3 - https:\/\/yoast.com\/product\/yoast-seo-wordpress\/ -->\n<title>Minist\u00e9rio da Sa\u00fade lan\u00e7a campanha de aten\u00e7\u00e3o \u00e0s mulheres l\u00e9sbicas e bissexuais - Aconteceu no Vale<\/title>\n<meta name=\"robots\" content=\"index, follow, max-snippet:-1, max-image-preview:large, max-video-preview:-1\" \/>\n<link rel=\"canonical\" href=\"https:\/\/aconteceunovale.com.br\/portal\/?p=67400\" \/>\n<meta property=\"og:locale\" content=\"pt_BR\" \/>\n<meta property=\"og:type\" content=\"article\" \/>\n<meta property=\"og:title\" content=\"Minist\u00e9rio da Sa\u00fade lan\u00e7a campanha de aten\u00e7\u00e3o \u00e0s mulheres l\u00e9sbicas e bissexuais - Aconteceu no Vale\" \/>\n<meta property=\"og:description\" content=\"O Minist\u00e9rio da Sa\u00fade lan\u00e7ou hoje (2) campanha com foco na sa\u00fade das mulheres l\u00e9sbicas e bissexuais. A mobiliza\u00e7\u00e3o, de car\u00e1ter informativo, tem por objetivo acabar com o atendimento ginecol\u00f3gico baseado no pressuposto de que todas as mulheres s\u00e3o heterossexuais ou precisam de aten\u00e7\u00e3o ligada \u00e0 reprodu\u00e7\u00e3o. Segundo o Minist\u00e9rio da Sa\u00fade, entre os desafios [&hellip;]\" \/>\n<meta property=\"og:url\" content=\"https:\/\/aconteceunovale.com.br\/portal\/?p=67400\" \/>\n<meta property=\"og:site_name\" content=\"Aconteceu no Vale\" \/>\n<meta property=\"article:publisher\" content=\"https:\/\/www.facebook.com\/aconteceunovale\/\" \/>\n<meta property=\"article:published_time\" content=\"2015-09-02T22:53:55+00:00\" \/>\n<meta property=\"og:image\" content=\"https:\/\/aconteceunovale.com.br\/portal\/wp-content\/uploads\/2015\/05\/ministro_da_saude.jpg\" \/>\n\t<meta property=\"og:image:width\" content=\"620\" \/>\n\t<meta property=\"og:image:height\" content=\"415\" \/>\n\t<meta property=\"og:image:type\" content=\"image\/jpeg\" \/>\n<meta name=\"author\" content=\"Aconteceu no Vale\" \/>\n<meta name=\"twitter:card\" content=\"summary_large_image\" \/>\n<meta name=\"twitter:creator\" content=\"@noticiadosvales\" \/>\n<meta name=\"twitter:site\" content=\"@noticiadosvales\" \/>\n<meta name=\"twitter:label1\" content=\"Escrito por\" \/>\n\t<meta name=\"twitter:data1\" content=\"Aconteceu no Vale\" \/>\n\t<meta name=\"twitter:label2\" content=\"Est. tempo de leitura\" \/>\n\t<meta name=\"twitter:data2\" content=\"2 minutos\" \/>\n<script type=\"application\/ld+json\" class=\"yoast-schema-graph\">{\"@context\":\"https:\\\/\\\/schema.org\",\"@graph\":[{\"@type\":\"Article\",\"@id\":\"https:\\\/\\\/aconteceunovale.com.br\\\/portal\\\/?p=67400#article\",\"isPartOf\":{\"@id\":\"https:\\\/\\\/aconteceunovale.com.br\\\/portal\\\/?p=67400\"},\"author\":{\"name\":\"Aconteceu no Vale\",\"@id\":\"https:\\\/\\\/aconteceunovale.com.br\\\/portal\\\/#\\\/schema\\\/person\\\/633529146f2c94272bef50ac2953d589\"},\"headline\":\"Minist\u00e9rio da Sa\u00fade lan\u00e7a campanha de aten\u00e7\u00e3o \u00e0s mulheres l\u00e9sbicas e bissexuais\",\"datePublished\":\"2015-09-02T22:53:55+00:00\",\"mainEntityOfPage\":{\"@id\":\"https:\\\/\\\/aconteceunovale.com.br\\\/portal\\\/?p=67400\"},\"wordCount\":336,\"commentCount\":0,\"image\":{\"@id\":\"https:\\\/\\\/aconteceunovale.com.br\\\/portal\\\/?p=67400#primaryimage\"},\"thumbnailUrl\":\"https:\\\/\\\/aconteceunovale.com.br\\\/portal\\\/wp-content\\\/uploads\\\/2015\\\/05\\\/ministro_da_saude.jpg\",\"keywords\":[\"Campanha\",\"campanha com foco na sa\u00fade das mulheres l\u00e9sbicas e bissexuais\",\"campanha de aten\u00e7\u00e3o \u00e0s mulheres bissexuais\",\"campanha de aten\u00e7\u00e3o \u00e0s mulheres l\u00e9sbicas\",\"campanha de aten\u00e7\u00e3o \u00e0s mulheres l\u00e9sbicas e bissexuais\",\"informa\u00e7\u00f5es\",\"l\u00e9sbicas\",\"Minist\u00e9rio da Sa\u00fade lan\u00e7a campanha de aten\u00e7\u00e3o \u00e0s mulheres l\u00e9sbicas e bissexuais\",\"mulheres\",\"sa\u00fade\"],\"articleSection\":[\"Brasil\",\"Sa\u00fade\"],\"inLanguage\":\"pt-BR\",\"potentialAction\":[{\"@type\":\"CommentAction\",\"name\":\"Comment\",\"target\":[\"https:\\\/\\\/aconteceunovale.com.br\\\/portal\\\/?p=67400#respond\"]}]},{\"@type\":\"WebPage\",\"@id\":\"https:\\\/\\\/aconteceunovale.com.br\\\/portal\\\/?p=67400\",\"url\":\"https:\\\/\\\/aconteceunovale.com.br\\\/portal\\\/?p=67400\",\"name\":\"Minist\u00e9rio da Sa\u00fade lan\u00e7a campanha de aten\u00e7\u00e3o \u00e0s mulheres l\u00e9sbicas e bissexuais - Aconteceu no Vale\",\"isPartOf\":{\"@id\":\"https:\\\/\\\/aconteceunovale.com.br\\\/portal\\\/#website\"},\"primaryImageOfPage\":{\"@id\":\"https:\\\/\\\/aconteceunovale.com.br\\\/portal\\\/?p=67400#primaryimage\"},\"image\":{\"@id\":\"https:\\\/\\\/aconteceunovale.com.br\\\/portal\\\/?p=67400#primaryimage\"},\"thumbnailUrl\":\"https:\\\/\\\/aconteceunovale.com.br\\\/portal\\\/wp-content\\\/uploads\\\/2015\\\/05\\\/ministro_da_saude.jpg\",\"datePublished\":\"2015-09-02T22:53:55+00:00\",\"author\":{\"@id\":\"https:\\\/\\\/aconteceunovale.com.br\\\/portal\\\/#\\\/schema\\\/person\\\/633529146f2c94272bef50ac2953d589\"},\"breadcrumb\":{\"@id\":\"https:\\\/\\\/aconteceunovale.com.br\\\/portal\\\/?p=67400#breadcrumb\"},\"inLanguage\":\"pt-BR\",\"potentialAction\":[{\"@type\":\"ReadAction\",\"target\":[\"https:\\\/\\\/aconteceunovale.com.br\\\/portal\\\/?p=67400\"]}]},{\"@type\":\"ImageObject\",\"inLanguage\":\"pt-BR\",\"@id\":\"https:\\\/\\\/aconteceunovale.com.br\\\/portal\\\/?p=67400#primaryimage\",\"url\":\"https:\\\/\\\/aconteceunovale.com.br\\\/portal\\\/wp-content\\\/uploads\\\/2015\\\/05\\\/ministro_da_saude.jpg\",\"contentUrl\":\"https:\\\/\\\/aconteceunovale.com.br\\\/portal\\\/wp-content\\\/uploads\\\/2015\\\/05\\\/ministro_da_saude.jpg\",\"width\":620,\"height\":415},{\"@type\":\"BreadcrumbList\",\"@id\":\"https:\\\/\\\/aconteceunovale.com.br\\\/portal\\\/?p=67400#breadcrumb\",\"itemListElement\":[{\"@type\":\"ListItem\",\"position\":1,\"name\":\"In\u00edcio\",\"item\":\"https:\\\/\\\/aconteceunovale.com.br\\\/portal\\\/\"},{\"@type\":\"ListItem\",\"position\":2,\"name\":\"Minist\u00e9rio da Sa\u00fade lan\u00e7a campanha de aten\u00e7\u00e3o \u00e0s mulheres l\u00e9sbicas e bissexuais\"}]},{\"@type\":\"WebSite\",\"@id\":\"https:\\\/\\\/aconteceunovale.com.br\\\/portal\\\/#website\",\"url\":\"https:\\\/\\\/aconteceunovale.com.br\\\/portal\\\/\",\"name\":\"Aconteceu no Vale\",\"description\":\"Portal de Not\u00edcias\",\"potentialAction\":[{\"@type\":\"SearchAction\",\"target\":{\"@type\":\"EntryPoint\",\"urlTemplate\":\"https:\\\/\\\/aconteceunovale.com.br\\\/portal\\\/?s={search_term_string}\"},\"query-input\":{\"@type\":\"PropertyValueSpecification\",\"valueRequired\":true,\"valueName\":\"search_term_string\"}}],\"inLanguage\":\"pt-BR\"},{\"@type\":\"Person\",\"@id\":\"https:\\\/\\\/aconteceunovale.com.br\\\/portal\\\/#\\\/schema\\\/person\\\/633529146f2c94272bef50ac2953d589\",\"name\":\"Aconteceu no Vale\",\"description\":\"Equipe de reportagem do Aconteceu no Vale, portal de not\u00edcias do Vale do Jequitinhonha, em Minas Gerais. Cobrimos as 51 cidades do Vale desde 2013. Sugest\u00f5es de pauta e pedidos de corre\u00e7\u00e3o: contato@aconteceunovale.com.br\",\"sameAs\":[\"http:\\\/\\\/www.aconteceunovale.com.br\"],\"url\":\"https:\\\/\\\/aconteceunovale.com.br\\\/portal\\\/?author=1\"}]}<\/script>\n<!-- \/ Yoast SEO plugin. -->","yoast_head_json":{"title":"Minist\u00e9rio da Sa\u00fade lan\u00e7a campanha de aten\u00e7\u00e3o \u00e0s mulheres l\u00e9sbicas e bissexuais - Aconteceu no Vale","robots":{"index":"index","follow":"follow","max-snippet":"max-snippet:-1","max-image-preview":"max-image-preview:large","max-video-preview":"max-video-preview:-1"},"canonical":"https:\/\/aconteceunovale.com.br\/portal\/?p=67400","og_locale":"pt_BR","og_type":"article","og_title":"Minist\u00e9rio da Sa\u00fade lan\u00e7a campanha de aten\u00e7\u00e3o \u00e0s mulheres l\u00e9sbicas e bissexuais - Aconteceu no Vale","og_description":"O Minist\u00e9rio da Sa\u00fade lan\u00e7ou hoje (2) campanha com foco na sa\u00fade das mulheres l\u00e9sbicas e bissexuais. A mobiliza\u00e7\u00e3o, de car\u00e1ter informativo, tem por objetivo acabar com o atendimento ginecol\u00f3gico baseado no pressuposto de que todas as mulheres s\u00e3o heterossexuais ou precisam de aten\u00e7\u00e3o ligada \u00e0 reprodu\u00e7\u00e3o. Segundo o Minist\u00e9rio da Sa\u00fade, entre os desafios [&hellip;]","og_url":"https:\/\/aconteceunovale.com.br\/portal\/?p=67400","og_site_name":"Aconteceu no Vale","article_publisher":"https:\/\/www.facebook.com\/aconteceunovale\/","article_published_time":"2015-09-02T22:53:55+00:00","og_image":[{"width":620,"height":415,"url":"https:\/\/aconteceunovale.com.br\/portal\/wp-content\/uploads\/2015\/05\/ministro_da_saude.jpg","type":"image\/jpeg"}],"author":"Aconteceu no Vale","twitter_card":"summary_large_image","twitter_creator":"@noticiadosvales","twitter_site":"@noticiadosvales","twitter_misc":{"Escrito por":"Aconteceu no Vale","Est. tempo de leitura":"2 minutos"},"schema":{"@context":"https:\/\/schema.org","@graph":[{"@type":"Article","@id":"https:\/\/aconteceunovale.com.br\/portal\/?p=67400#article","isPartOf":{"@id":"https:\/\/aconteceunovale.com.br\/portal\/?p=67400"},"author":{"name":"Aconteceu no Vale","@id":"https:\/\/aconteceunovale.com.br\/portal\/#\/schema\/person\/633529146f2c94272bef50ac2953d589"},"headline":"Minist\u00e9rio da Sa\u00fade lan\u00e7a campanha de aten\u00e7\u00e3o \u00e0s mulheres l\u00e9sbicas e bissexuais","datePublished":"2015-09-02T22:53:55+00:00","mainEntityOfPage":{"@id":"https:\/\/aconteceunovale.com.br\/portal\/?p=67400"},"wordCount":336,"commentCount":0,"image":{"@id":"https:\/\/aconteceunovale.com.br\/portal\/?p=67400#primaryimage"},"thumbnailUrl":"https:\/\/aconteceunovale.com.br\/portal\/wp-content\/uploads\/2015\/05\/ministro_da_saude.jpg","keywords":["Campanha","campanha com foco na sa\u00fade das mulheres l\u00e9sbicas e bissexuais","campanha de aten\u00e7\u00e3o \u00e0s mulheres bissexuais","campanha de aten\u00e7\u00e3o \u00e0s mulheres l\u00e9sbicas","campanha de aten\u00e7\u00e3o \u00e0s mulheres l\u00e9sbicas e bissexuais","informa\u00e7\u00f5es","l\u00e9sbicas","Minist\u00e9rio da Sa\u00fade lan\u00e7a campanha de aten\u00e7\u00e3o \u00e0s mulheres l\u00e9sbicas e bissexuais","mulheres","sa\u00fade"],"articleSection":["Brasil","Sa\u00fade"],"inLanguage":"pt-BR","potentialAction":[{"@type":"CommentAction","name":"Comment","target":["https:\/\/aconteceunovale.com.br\/portal\/?p=67400#respond"]}]},{"@type":"WebPage","@id":"https:\/\/aconteceunovale.com.br\/portal\/?p=67400","url":"https:\/\/aconteceunovale.com.br\/portal\/?p=67400","name":"Minist\u00e9rio da Sa\u00fade lan\u00e7a campanha de aten\u00e7\u00e3o \u00e0s mulheres l\u00e9sbicas e bissexuais - Aconteceu no Vale","isPartOf":{"@id":"https:\/\/aconteceunovale.com.br\/portal\/#website"},"primaryImageOfPage":{"@id":"https:\/\/aconteceunovale.com.br\/portal\/?p=67400#primaryimage"},"image":{"@id":"https:\/\/aconteceunovale.com.br\/portal\/?p=67400#primaryimage"},"thumbnailUrl":"https:\/\/aconteceunovale.com.br\/portal\/wp-content\/uploads\/2015\/05\/ministro_da_saude.jpg","datePublished":"2015-09-02T22:53:55+00:00","author":{"@id":"https:\/\/aconteceunovale.com.br\/portal\/#\/schema\/person\/633529146f2c94272bef50ac2953d589"},"breadcrumb":{"@id":"https:\/\/aconteceunovale.com.br\/portal\/?p=67400#breadcrumb"},"inLanguage":"pt-BR","potentialAction":[{"@type":"ReadAction","target":["https:\/\/aconteceunovale.com.br\/portal\/?p=67400"]}]},{"@type":"ImageObject","inLanguage":"pt-BR","@id":"https:\/\/aconteceunovale.com.br\/portal\/?p=67400#primaryimage","url":"https:\/\/aconteceunovale.com.br\/portal\/wp-content\/uploads\/2015\/05\/ministro_da_saude.jpg","contentUrl":"https:\/\/aconteceunovale.com.br\/portal\/wp-content\/uploads\/2015\/05\/ministro_da_saude.jpg","width":620,"height":415},{"@type":"BreadcrumbList","@id":"https:\/\/aconteceunovale.com.br\/portal\/?p=67400#breadcrumb","itemListElement":[{"@type":"ListItem","position":1,"name":"In\u00edcio","item":"https:\/\/aconteceunovale.com.br\/portal\/"},{"@type":"ListItem","position":2,"name":"Minist\u00e9rio da Sa\u00fade lan\u00e7a campanha de aten\u00e7\u00e3o \u00e0s mulheres l\u00e9sbicas e bissexuais"}]},{"@type":"WebSite","@id":"https:\/\/aconteceunovale.com.br\/portal\/#website","url":"https:\/\/aconteceunovale.com.br\/portal\/","name":"Aconteceu no Vale","description":"Portal de Not\u00edcias","potentialAction":[{"@type":"SearchAction","target":{"@type":"EntryPoint","urlTemplate":"https:\/\/aconteceunovale.com.br\/portal\/?s={search_term_string}"},"query-input":{"@type":"PropertyValueSpecification","valueRequired":true,"valueName":"search_term_string"}}],"inLanguage":"pt-BR"},{"@type":"Person","@id":"https:\/\/aconteceunovale.com.br\/portal\/#\/schema\/person\/633529146f2c94272bef50ac2953d589","name":"Aconteceu no Vale","description":"Equipe de reportagem do Aconteceu no Vale, portal de not\u00edcias do Vale do Jequitinhonha, em Minas Gerais. Cobrimos as 51 cidades do Vale desde 2013. Sugest\u00f5es de pauta e pedidos de corre\u00e7\u00e3o: contato@aconteceunovale.com.br","sameAs":["http:\/\/www.aconteceunovale.com.br"],"url":"https:\/\/aconteceunovale.com.br\/portal\/?author=1"}]}},"_links":{"self":[{"href":"https:\/\/aconteceunovale.com.br\/portal\/index.php?rest_route=\/wp\/v2\/posts\/67400","targetHints":{"allow":["GET"]}}],"collection":[{"href":"https:\/\/aconteceunovale.com.br\/portal\/index.php?rest_route=\/wp\/v2\/posts"}],"about":[{"href":"https:\/\/aconteceunovale.com.br\/portal\/index.php?rest_route=\/wp\/v2\/types\/post"}],"author":[{"embeddable":true,"href":"https:\/\/aconteceunovale.com.br\/portal\/index.php?rest_route=\/wp\/v2\/users\/1"}],"replies":[{"embeddable":true,"href":"https:\/\/aconteceunovale.com.br\/portal\/index.php?rest_route=%2Fwp%2Fv2%2Fcomments&post=67400"}],"version-history":[{"count":0,"href":"https:\/\/aconteceunovale.com.br\/portal\/index.php?rest_route=\/wp\/v2\/posts\/67400\/revisions"}],"wp:featuredmedia":[{"embeddable":true,"href":"https:\/\/aconteceunovale.com.br\/portal\/index.php?rest_route=\/wp\/v2\/media\/60054"}],"wp:attachment":[{"href":"https:\/\/aconteceunovale.com.br\/portal\/index.php?rest_route=%2Fwp%2Fv2%2Fmedia&parent=67400"}],"wp:term":[{"taxonomy":"category","embeddable":true,"href":"https:\/\/aconteceunovale.com.br\/portal\/index.php?rest_route=%2Fwp%2Fv2%2Fcategories&post=67400"},{"taxonomy":"post_tag","embeddable":true,"href":"https:\/\/aconteceunovale.com.br\/portal\/index.php?rest_route=%2Fwp%2Fv2%2Ftags&post=67400"}],"curies":[{"name":"wp","href":"https:\/\/api.w.org\/{rel}","templated":true}]}}