{"id":67338,"date":"2015-09-02T11:34:35","date_gmt":"2015-09-02T14:34:35","guid":{"rendered":"http:\/\/aconteceunovale.com.br\/portal\/?p=67338"},"modified":"2015-09-02T11:34:35","modified_gmt":"2015-09-02T14:34:35","slug":"parceria-vai-simplificar-abertura-de-empresas-na-regiao-do-vale-do-aco","status":"publish","type":"post","link":"https:\/\/aconteceunovale.com.br\/portal\/?p=67338","title":{"rendered":"Parceria vai simplificar abertura de empresas na regi\u00e3o do Vale do A\u00e7o"},"content":{"rendered":"<p>A Ag\u00eancia de Desenvolvimento da Regi\u00e3o Metropolitana do Vale do A\u00e7o (ARMVA), em parceria com o Sebrae-MG, vai facilitar o processo de registro e formaliza\u00e7\u00e3o de empresas nos munic\u00edpios do Vale do A\u00e7o, com a ado\u00e7\u00e3o de procedimentos padr\u00e3o que v\u00e3o simplificar a vida dos empres\u00e1rios e fomentar o desenvolvimento econ\u00f4mico da regi\u00e3o.<\/p>\n<p>Os munic\u00edpios de Coronel Fabriciano, Ipatinga, Tim\u00f3teo e Santana do Para\u00edso assumiram compromissos que ser\u00e3o formalizados, com a assinatura do Manual de Padroniza\u00e7\u00e3o, que ser\u00e1 realizada nesta quarta-feira (2\/9), em Ipatinga, durante o Encontro de Oportunidades para Micro e Pequenas Empresas nas Compras Governamentais &#8211; o VI Fomenta Minas, que conta com a participa\u00e7\u00e3o do Governo do Estado de Minas Gerais.<\/p>\n<p>Verificou-se nos munic\u00edpios do Vale do A\u00e7o, que abrir uma empresa \u00e9 processo muito burocr\u00e1tico e pouco transparente, no qual a falta de informa\u00e7\u00e3o e excesso de procedimentos, constituem enormes desafios para os empres\u00e1rios que buscam legalizar seus neg\u00f3cios. Enquanto no \u00e2mbito das prefeituras h\u00e1 informa\u00e7\u00f5es dispersas e sobrepostas, falta sincroniza\u00e7\u00e3o entre os \u00f3rg\u00e3os envolvidos no processo de registro.<\/p>\n<p>A ARMVA iniciou ent\u00e3o um trabalho para padronizar, simplificar e facilitar os procedimentos junto aos munic\u00edpios de sua \u00e1rea de atua\u00e7\u00e3o. Trata-se da constru\u00e7\u00e3o de mecanismos que permitam a redu\u00e7\u00e3o de fluxos desconexos, do retrabalho, da duplicidade de procedimentos e da tramita\u00e7\u00e3o de documentos, o que atrasa a formaliza\u00e7\u00e3o e leva \u00e0 m\u00e1 utiliza\u00e7\u00e3o de recursos.<\/p>\n<p>\u201cAcreditamos que desburocratizar \u00e9 importante para desenvolver, e como uma ag\u00eancia de desenvolvimento, vinculada \u00e0 Secretaria de Desenvolvimento Regional, assumimos o compromisso de acompanhar e manter em funcionamento esse processo de padroniza\u00e7\u00e3o que vai favorecer o empreendedor, o contribuinte e os munic\u00edpios como um todo\u201d, explica o diretor da ARMVA, Carlos Magno Xavier. (Ag\u00eancia Minas)<\/p>\n","protected":false},"excerpt":{"rendered":"<p>A Ag\u00eancia de Desenvolvimento da Regi\u00e3o Metropolitana do Vale do A\u00e7o (ARMVA), em parceria com o Sebrae-MG, vai facilitar o processo de registro e formaliza\u00e7\u00e3o de empresas nos munic\u00edpios do Vale do A\u00e7o, com a ado\u00e7\u00e3o de procedimentos padr\u00e3o que v\u00e3o simplificar a vida dos empres\u00e1rios e fomentar o desenvolvimento econ\u00f4mico da regi\u00e3o. Os munic\u00edpios [&hellip;]<\/p>\n","protected":false},"author":1,"featured_media":66538,"comment_status":"open","ping_status":"closed","sticky":false,"template":"","format":"standard","meta":{"amp_status":"","footnotes":""},"categories":[121],"tags":[57814,57815,57816,1524,57818,201,57813,2101,1105,57817],"class_list":["post-67338","post","type-post","status-publish","format-standard","has-post-thumbnail","hentry","category-leste","tag-abertura-de-empresas-na-regiao-do-vale-do-aco","tag-agencia-de-desenvolvimento-da-regiao-metropolitana-do-vale-do-aco","tag-armva","tag-coronel-fabriciano","tag-fomenta-minas","tag-ipatinga","tag-parceria-vai-simplificar-abertura-de-empresas-na-regiao-do-vale-do-aco","tag-santana-do-paraiso","tag-timoteo","tag-vi-fomenta-minas"],"_links":{"self":[{"href":"https:\/\/aconteceunovale.com.br\/portal\/index.php?rest_route=\/wp\/v2\/posts\/67338","targetHints":{"allow":["GET"]}}],"collection":[{"href":"https:\/\/aconteceunovale.com.br\/portal\/index.php?rest_route=\/wp\/v2\/posts"}],"about":[{"href":"https:\/\/aconteceunovale.com.br\/portal\/index.php?rest_route=\/wp\/v2\/types\/post"}],"author":[{"embeddable":true,"href":"https:\/\/aconteceunovale.com.br\/portal\/index.php?rest_route=\/wp\/v2\/users\/1"}],"replies":[{"embeddable":true,"href":"https:\/\/aconteceunovale.com.br\/portal\/index.php?rest_route=%2Fwp%2Fv2%2Fcomments&post=67338"}],"version-history":[{"count":0,"href":"https:\/\/aconteceunovale.com.br\/portal\/index.php?rest_route=\/wp\/v2\/posts\/67338\/revisions"}],"wp:featuredmedia":[{"embeddable":true,"href":"https:\/\/aconteceunovale.com.br\/portal\/index.php?rest_route=\/wp\/v2\/media\/66538"}],"wp:attachment":[{"href":"https:\/\/aconteceunovale.com.br\/portal\/index.php?rest_route=%2Fwp%2Fv2%2Fmedia&parent=67338"}],"wp:term":[{"taxonomy":"category","embeddable":true,"href":"https:\/\/aconteceunovale.com.br\/portal\/index.php?rest_route=%2Fwp%2Fv2%2Fcategories&post=67338"},{"taxonomy":"post_tag","embeddable":true,"href":"https:\/\/aconteceunovale.com.br\/portal\/index.php?rest_route=%2Fwp%2Fv2%2Ftags&post=67338"}],"curies":[{"name":"wp","href":"https:\/\/api.w.org\/{rel}","templated":true}]}}