{"id":67329,"date":"2015-09-02T10:15:34","date_gmt":"2015-09-02T13:15:34","guid":{"rendered":"http:\/\/aconteceunovale.com.br\/portal\/?p=67329"},"modified":"2015-09-02T19:23:37","modified_gmt":"2015-09-02T22:23:37","slug":"motorista-morre-apos-cair-com-caminhao-em-corrego-as-margens-da-br-116-no-vale-do-mucuri","status":"publish","type":"post","link":"https:\/\/aconteceunovale.com.br\/portal\/?p=67329","title":{"rendered":"Motorista morre ap\u00f3s cair com caminh\u00e3o em c\u00f3rrego \u00e0s margens da BR-116, no Vale do Mucuri"},"content":{"rendered":"<p>O motorista de um caminh\u00e3o morreu em um acidente na manh\u00e3 desta quarta-feira, 2 de setembro, na BR-116, pr\u00f3ximo a Serra do Hon\u00f3rio, entre Te\u00f3filo Otoni e Catuji, na regi\u00e3o do Vale do Mucuri. De acordo com informa\u00e7\u00f5es da Pol\u00edcia Rodovi\u00e1ria Federal (PRF), o ve\u00edculo transitava no sentido Norte\/Sul, quando sem motivos aparentes, saiu da pista e caiu dentro de um c\u00f3rrego.<\/p>\n<p>O caminhoneiro, um homem de 52 anos, ficou preso \u00e0s ferragens e veio a \u00f3bito no local. O caminh\u00e3o, com placa de S\u00e3o Paulo, estava carregado com chapas decorativas e colas de contato.<\/p>\n<p>O Corpo de Bombeiros, a Per\u00edcia T\u00e9cnica da Pol\u00edcia Civil e o Instituto M\u00e9dico Legal (IML) de Te\u00f3filo Otoni foram acionados para os trabalhos de praxe. As causas do acidente est\u00e3o sendo apuradas.<\/p>\n<p><img decoding=\"async\" src=\"http:\/\/aconteceunovale.com.br\/portal\/wp-content\/uploads\/2015\/09\/acidente_caminhao_teo_1.jpg\" alt=\"\" \/><\/p>\n<p><img decoding=\"async\" src=\"http:\/\/aconteceunovale.com.br\/portal\/wp-content\/uploads\/2015\/09\/acidente_caminhao_teo_2.jpg\" alt=\"\" \/><\/p>\n<p><img decoding=\"async\" src=\"http:\/\/aconteceunovale.com.br\/portal\/wp-content\/uploads\/2015\/09\/acidente_caminhao_teo_3.jpg\" alt=\"\" \/><\/p>\n<p><img decoding=\"async\" src=\"http:\/\/aconteceunovale.com.br\/portal\/wp-content\/uploads\/2015\/09\/acidente_caminhao_teo_4.jpg\" alt=\"\" \/><\/p>\n<p><img decoding=\"async\" src=\"http:\/\/aconteceunovale.com.br\/portal\/wp-content\/uploads\/2015\/09\/acidente_caminhao_teo_5.jpg\" alt=\"\" \/><\/p>\n<p><img decoding=\"async\" src=\"http:\/\/aconteceunovale.com.br\/portal\/wp-content\/uploads\/2015\/09\/acidente_caminhao_teo_6.jpg\" alt=\"\" \/><\/p>\n<p><img decoding=\"async\" src=\"http:\/\/aconteceunovale.com.br\/portal\/wp-content\/uploads\/2015\/09\/acidente_caminhao_teo_7.jpg\" alt=\"\" \/><em>(Fotos: Reprodu\u00e7\u00e3o \/ Grupo Te\u00f3filo Otoni 24 horas)<\/em><\/p>\n","protected":false},"excerpt":{"rendered":"<p>O motorista de um caminh\u00e3o morreu em um acidente na manh\u00e3 desta quarta-feira, 2 de setembro, na BR-116, pr\u00f3ximo a Serra do Hon\u00f3rio, entre Te\u00f3filo Otoni e Catuji, na regi\u00e3o do Vale do Mucuri. De acordo com informa\u00e7\u00f5es da Pol\u00edcia Rodovi\u00e1ria Federal (PRF), o ve\u00edculo transitava no sentido Norte\/Sul, quando sem motivos aparentes, saiu da [&hellip;]<\/p>\n","protected":false},"author":1,"featured_media":67331,"comment_status":"open","ping_status":"closed","sticky":false,"template":"","format":"standard","meta":{"amp_status":"","footnotes":""},"categories":[122],"tags":[57810,57809,57811,54860,660,57894,57805,57808,57807,57812,57806,164],"class_list":["post-67329","post","type-post","status-publish","format-standard","has-post-thumbnail","hentry","category-mucuri","tag-acidente-com-caminhao-na-serra-do-honorio","tag-acidente-com-caminhao-vermelho-na-br-116","tag-acidente-na-br-116-entre-teofilo-otoni-e-catuji","tag-acidente-na-serra-do-honorio","tag-catuji","tag-marcos-marques-araujo","tag-motorista-de-caminhao-morre-em-acidente-na-br-116","tag-motorista-de-caminhao-morre-em-acidente-na-br-116-entre-teofilo-otoni-e-catuji","tag-motorista-de-caminhao-morre-em-acidente-na-br-116-no-vale-do-mucuri","tag-motorista-morre-apos-cair-com-caminhao-em-corrego-as-margens-da-br-116","tag-no-vale-do-mucuri","tag-teofilo-otoni"],"_links":{"self":[{"href":"https:\/\/aconteceunovale.com.br\/portal\/index.php?rest_route=\/wp\/v2\/posts\/67329","targetHints":{"allow":["GET"]}}],"collection":[{"href":"https:\/\/aconteceunovale.com.br\/portal\/index.php?rest_route=\/wp\/v2\/posts"}],"about":[{"href":"https:\/\/aconteceunovale.com.br\/portal\/index.php?rest_route=\/wp\/v2\/types\/post"}],"author":[{"embeddable":true,"href":"https:\/\/aconteceunovale.com.br\/portal\/index.php?rest_route=\/wp\/v2\/users\/1"}],"replies":[{"embeddable":true,"href":"https:\/\/aconteceunovale.com.br\/portal\/index.php?rest_route=%2Fwp%2Fv2%2Fcomments&post=67329"}],"version-history":[{"count":0,"href":"https:\/\/aconteceunovale.com.br\/portal\/index.php?rest_route=\/wp\/v2\/posts\/67329\/revisions"}],"wp:featuredmedia":[{"embeddable":true,"href":"https:\/\/aconteceunovale.com.br\/portal\/index.php?rest_route=\/wp\/v2\/media\/67331"}],"wp:attachment":[{"href":"https:\/\/aconteceunovale.com.br\/portal\/index.php?rest_route=%2Fwp%2Fv2%2Fmedia&parent=67329"}],"wp:term":[{"taxonomy":"category","embeddable":true,"href":"https:\/\/aconteceunovale.com.br\/portal\/index.php?rest_route=%2Fwp%2Fv2%2Fcategories&post=67329"},{"taxonomy":"post_tag","embeddable":true,"href":"https:\/\/aconteceunovale.com.br\/portal\/index.php?rest_route=%2Fwp%2Fv2%2Ftags&post=67329"}],"curies":[{"name":"wp","href":"https:\/\/api.w.org\/{rel}","templated":true}]}}