{"id":67294,"date":"2015-09-01T20:55:34","date_gmt":"2015-09-01T23:55:34","guid":{"rendered":"http:\/\/aconteceunovale.com.br\/portal\/?p=67294"},"modified":"2015-09-01T20:55:34","modified_gmt":"2015-09-01T23:55:34","slug":"projeto-obriga-uso-de-farol-baixo-ate-durante-o-dia-nas-rodovias","status":"publish","type":"post","link":"https:\/\/aconteceunovale.com.br\/portal\/?p=67294","title":{"rendered":"Projeto obriga uso de farol baixo at\u00e9 durante o dia nas rodovias"},"content":{"rendered":"<p>O projeto de lei que torna obrigat\u00f3rio o uso de farol baixo para todos os ve\u00edculos em rodovias, tamb\u00e9m durante o dia, passou na C\u00e2mara dos Deputados, na \u00faltima quinta-feira (27\/08), e seguir\u00e1 para avalia\u00e7\u00e3o no Senado.<\/p>\n<p>Atualmente, s\u00f3 \u00e9 exigido o uso de farol aceso durante a noite e nos t\u00faneis, mesmo de dia. Transportes coletivos devem manter o farol ligado &#8220;ao circular em vias em faixas ou pistas a eles destinadas&#8221;. E as motos tamb\u00e9m s\u00e3o obrigadas a utilizar o farol baixo de dia. A desobedi\u00eancia \u00e9 considerada infra\u00e7\u00e3o m\u00e9dia, com multa de R$ 85,13 e 4 pontos? na carteira de habilita\u00e7\u00e3o.<\/p>\n<p>Para os demais ve\u00edculos, atualmente o Conselho Nacional de Tr\u00e2nsito (Contran) apenas recomenda o uso de farol baixo aceso durante o dia nas rodovias. O Projeto de Lei 5070\/13, que pretende tornar esse h\u00e1bito obrigat\u00f3rio nas estradas, \u00e9 do deputado Rubens Bueno (PPS-PR) e j\u00e1 havia sido discutido e arquivado em 2013, mas as discuss\u00f5es foram retomadas em fevereiro passado.<\/p>\n","protected":false},"excerpt":{"rendered":"<p>O projeto de lei que torna obrigat\u00f3rio o uso de farol baixo para todos os ve\u00edculos em rodovias, tamb\u00e9m durante o dia, passou na C\u00e2mara dos Deputados, na \u00faltima quinta-feira (27\/08), e seguir\u00e1 para avalia\u00e7\u00e3o no Senado. Atualmente, s\u00f3 \u00e9 exigido o uso de farol aceso durante a noite e nos t\u00faneis, mesmo de dia. [&hellip;]<\/p>\n","protected":false},"author":1,"featured_media":67295,"comment_status":"open","ping_status":"closed","sticky":false,"template":"","format":"standard","meta":{"amp_status":"","footnotes":""},"categories":[6],"tags":[57767,57770,57768,57769,57765,57766],"class_list":["post-67294","post","type-post","status-publish","format-standard","has-post-thumbnail","hentry","category-br","tag-projeto-de-lei-507013","tag-projeto-obriga-uso-de-farol-baixo-ate-durante-o-dia-nas-rodovias","tag-rubens-bueno","tag-rubens-bueno-farol-baixo","tag-uso-de-farol-baixo","tag-uso-de-farol-baixo-durante-o-dia"],"_links":{"self":[{"href":"https:\/\/aconteceunovale.com.br\/portal\/index.php?rest_route=\/wp\/v2\/posts\/67294","targetHints":{"allow":["GET"]}}],"collection":[{"href":"https:\/\/aconteceunovale.com.br\/portal\/index.php?rest_route=\/wp\/v2\/posts"}],"about":[{"href":"https:\/\/aconteceunovale.com.br\/portal\/index.php?rest_route=\/wp\/v2\/types\/post"}],"author":[{"embeddable":true,"href":"https:\/\/aconteceunovale.com.br\/portal\/index.php?rest_route=\/wp\/v2\/users\/1"}],"replies":[{"embeddable":true,"href":"https:\/\/aconteceunovale.com.br\/portal\/index.php?rest_route=%2Fwp%2Fv2%2Fcomments&post=67294"}],"version-history":[{"count":0,"href":"https:\/\/aconteceunovale.com.br\/portal\/index.php?rest_route=\/wp\/v2\/posts\/67294\/revisions"}],"wp:featuredmedia":[{"embeddable":true,"href":"https:\/\/aconteceunovale.com.br\/portal\/index.php?rest_route=\/wp\/v2\/media\/67295"}],"wp:attachment":[{"href":"https:\/\/aconteceunovale.com.br\/portal\/index.php?rest_route=%2Fwp%2Fv2%2Fmedia&parent=67294"}],"wp:term":[{"taxonomy":"category","embeddable":true,"href":"https:\/\/aconteceunovale.com.br\/portal\/index.php?rest_route=%2Fwp%2Fv2%2Fcategories&post=67294"},{"taxonomy":"post_tag","embeddable":true,"href":"https:\/\/aconteceunovale.com.br\/portal\/index.php?rest_route=%2Fwp%2Fv2%2Ftags&post=67294"}],"curies":[{"name":"wp","href":"https:\/\/api.w.org\/{rel}","templated":true}]}}