{"id":67290,"date":"2015-09-01T20:33:18","date_gmt":"2015-09-01T23:33:18","guid":{"rendered":"http:\/\/aconteceunovale.com.br\/portal\/?p=67290"},"modified":"2015-09-01T20:33:18","modified_gmt":"2015-09-01T23:33:18","slug":"camara-aprova-r-904-milhoes-para-defesa-civil-e-combate-a-seca","status":"publish","type":"post","link":"https:\/\/aconteceunovale.com.br\/portal\/?p=67290","title":{"rendered":"C\u00e2mara aprova R$ 904 milh\u00f5es para defesa civil e combate \u00e0 seca"},"content":{"rendered":"<p>A C\u00e2mara dos Deputados aprovou, h\u00e1 pouco, a Medida Provis\u00f3ria (MP) 674, que abre cr\u00e9dito extraordin\u00e1rio de R$ 904 milh\u00f5es para a\u00e7\u00f5es de combate \u00e0 seca e para a defesa civil. Os recursos se destinam aos minist\u00e9rios do Desenvolvimento Agr\u00e1rio, da Defesa e da Integra\u00e7\u00e3o Nacional. A MP ser\u00e1 agora apreciada pelo Senado antes de ser encaminhada \u00e0 san\u00e7\u00e3o presidencial.<\/p>\n<p>Dos recursos constantes do cr\u00e9dito aprovado, mais de R$ 540 milh\u00f5es destinam-se ao Minist\u00e9rio da Integra\u00e7\u00e3o Nacional para a\u00e7\u00f5es na \u00e1rea da defesa civil, tais como compra de alimentos, distribui\u00e7\u00e3o de \u00e1gua em carros-pipa, constru\u00e7\u00e3o de adutoras e recupera\u00e7\u00e3o de po\u00e7os para o atendimento \u00e0 popula\u00e7\u00e3o atingida por desastres naturais.   <\/p>\n<p>Para o Minist\u00e9rio do Desenvolvimento Agr\u00e1rio, est\u00e3o previstos R$ 243 milh\u00f5es para o pagamento de parcelas do programa Benef\u00edcio Garantia-Safra a agricultores, principalmente da \u00e1rea da Superintend\u00eancia de Desenvolvimento do Nordeste (Sudene), que perderam a produ\u00e7\u00e3o em consequ\u00eancia da estiagem de 2013\/2014. Os recursos destinam-se a 260 mil fam\u00edlias.<\/p>\n<p>Ao Minist\u00e9rio da Defesa, a MP destina R$ 114,97 milh\u00f5es. (Ag\u00eancia Brasil)<\/p>\n","protected":false},"excerpt":{"rendered":"<p>A C\u00e2mara dos Deputados aprovou, h\u00e1 pouco, a Medida Provis\u00f3ria (MP) 674, que abre cr\u00e9dito extraordin\u00e1rio de R$ 904 milh\u00f5es para a\u00e7\u00f5es de combate \u00e0 seca e para a defesa civil. Os recursos se destinam aos minist\u00e9rios do Desenvolvimento Agr\u00e1rio, da Defesa e da Integra\u00e7\u00e3o Nacional. A MP ser\u00e1 agora apreciada pelo Senado antes de [&hellip;]<\/p>\n","protected":false},"author":1,"featured_media":58929,"comment_status":"open","ping_status":"closed","sticky":false,"template":"","format":"standard","meta":{"amp_status":"","footnotes":""},"categories":[6],"tags":[57760,35319,19650],"class_list":["post-67290","post","type-post","status-publish","format-standard","has-post-thumbnail","hentry","category-br","tag-camara-aprova-r-904-milhoes-para-defesa-civil-e-combate-a-seca","tag-combate-a-seca","tag-defesa-civil"],"_links":{"self":[{"href":"https:\/\/aconteceunovale.com.br\/portal\/index.php?rest_route=\/wp\/v2\/posts\/67290","targetHints":{"allow":["GET"]}}],"collection":[{"href":"https:\/\/aconteceunovale.com.br\/portal\/index.php?rest_route=\/wp\/v2\/posts"}],"about":[{"href":"https:\/\/aconteceunovale.com.br\/portal\/index.php?rest_route=\/wp\/v2\/types\/post"}],"author":[{"embeddable":true,"href":"https:\/\/aconteceunovale.com.br\/portal\/index.php?rest_route=\/wp\/v2\/users\/1"}],"replies":[{"embeddable":true,"href":"https:\/\/aconteceunovale.com.br\/portal\/index.php?rest_route=%2Fwp%2Fv2%2Fcomments&post=67290"}],"version-history":[{"count":0,"href":"https:\/\/aconteceunovale.com.br\/portal\/index.php?rest_route=\/wp\/v2\/posts\/67290\/revisions"}],"wp:featuredmedia":[{"embeddable":true,"href":"https:\/\/aconteceunovale.com.br\/portal\/index.php?rest_route=\/wp\/v2\/media\/58929"}],"wp:attachment":[{"href":"https:\/\/aconteceunovale.com.br\/portal\/index.php?rest_route=%2Fwp%2Fv2%2Fmedia&parent=67290"}],"wp:term":[{"taxonomy":"category","embeddable":true,"href":"https:\/\/aconteceunovale.com.br\/portal\/index.php?rest_route=%2Fwp%2Fv2%2Fcategories&post=67290"},{"taxonomy":"post_tag","embeddable":true,"href":"https:\/\/aconteceunovale.com.br\/portal\/index.php?rest_route=%2Fwp%2Fv2%2Ftags&post=67290"}],"curies":[{"name":"wp","href":"https:\/\/api.w.org\/{rel}","templated":true}]}}