{"id":67005,"date":"2015-08-31T09:47:39","date_gmt":"2015-08-31T12:47:39","guid":{"rendered":"http:\/\/aconteceunovale.com.br\/portal\/?p=67005"},"modified":"2015-08-31T09:47:39","modified_gmt":"2015-08-31T12:47:39","slug":"plantao-do-samu-no-norte-de-minas-gerais-28-a-30-de-agosto-de-2015","status":"publish","type":"post","link":"https:\/\/aconteceunovale.com.br\/portal\/?p=67005","title":{"rendered":"Plant\u00e3o do Samu no Norte de Minas Gerais, 28 a 30 de agosto de 2015"},"content":{"rendered":"<h4><strong><em>Final de semana, 28 a 30 de agosto de 2015<\/em><\/strong><\/h4>\n<p>As unidades do SAMU realizaram em Montes Claros, no final de semana, 162 atendimentos, sendo 106 casos cl\u00ednicos, 53 pessoas feridas em acidentes de tr\u00e2nsito, dois casos de agress\u00e3o f\u00edsica, e um ferimento por arma de fogo.<\/p>\n<p>No domingo, 30\/08, foi realizado atendimento a 08 pessoas feridas em acidentes de tr\u00e2nsito envolvendo motocicleta; 03 pessoas feridas em um acidente envolvendo dois carros, ocorrido na Avenida Deputado Pl\u00ednio Ribeiro por volta das 10h05; 02 pessoas feridas em um capotamento de ve\u00edculo ocorrido por volta das 6h40, na MG-135, pr\u00f3ximo a Nova Esperan\u00e7a, zona rural de Montes Claros; outras 04 pessoas feridas em acidentes envolvendo autom\u00f3vel, entre elas uma crian\u00e7a de 2 anos e 3 meses.  Tamb\u00e9m foi realizado atendimento a um homem de 45 anos que caiu de uma escada e se queixava de dor na regi\u00e3o lombar, com dificuldade de movimentos, e a um homem de 39 anos que sofreu agress\u00e3o f\u00edsica, por volta das 2h da madrugada, no bairro Cintra.<\/p>\n<p>No s\u00e1bado, 29\/08, foram registrados 18 atendimentos a v\u00edtimas de acidentes de tr\u00e2nsito; um homem de 33 anos que sofreu agress\u00e3o f\u00edsica no bairro Camilo Prates; e um jovem de 16 anos ferido por arma de fogo no bairro Cintra, por volta das 9h.<\/p>\n<p>Na sexta-feira, 29\/08, os socorristas do SAMU prestaram atendimento a 14 pessoas feridas em acidente de transito.<\/p>\n<p>Em todas as ocorr\u00eancias os feridos receberam os primeiros atendimentos no local e foram encaminhados ao hospital para avalia\u00e7\u00e3o. (Jer\u00fasia Arruda)<\/p>\n","protected":false},"excerpt":{"rendered":"<p>Final de semana, 28 a 30 de agosto de 2015 As unidades do SAMU realizaram em Montes Claros, no final de semana, 162 atendimentos, sendo 106 casos cl\u00ednicos, 53 pessoas feridas em acidentes de tr\u00e2nsito, dois casos de agress\u00e3o f\u00edsica, e um ferimento por arma de fogo. No domingo, 30\/08, foi realizado atendimento a 08 [&hellip;]<\/p>\n","protected":false},"author":1,"featured_media":58741,"comment_status":"open","ping_status":"closed","sticky":false,"template":"","format":"standard","meta":{"amp_status":"","footnotes":""},"categories":[1236],"tags":[57490,206036,210,24659,24089,18898,18108,57491,18629,21139,4040],"class_list":["post-67005","post","type-post","status-publish","format-standard","has-post-thumbnail","hentry","category-norte_de_minas","tag-28-a-30-de-agosto-de-2015","tag-jerusia-arruda","tag-montes-claros","tag-plantao-do-samu-de-montes-claros","tag-plantao-do-samu-do-norte-de-minas","tag-plantao-do-samu-macro-norte","tag-plantao-do-samu-no-norte-de-minas-gerais","tag-plantao-do-samu-no-norte-de-minas-gerais-28-a-30-de-agosto-de-2015","tag-samu-de-montes-claros","tag-samu-do-norte-de-minas","tag-samu-macro-norte"],"_links":{"self":[{"href":"https:\/\/aconteceunovale.com.br\/portal\/index.php?rest_route=\/wp\/v2\/posts\/67005","targetHints":{"allow":["GET"]}}],"collection":[{"href":"https:\/\/aconteceunovale.com.br\/portal\/index.php?rest_route=\/wp\/v2\/posts"}],"about":[{"href":"https:\/\/aconteceunovale.com.br\/portal\/index.php?rest_route=\/wp\/v2\/types\/post"}],"author":[{"embeddable":true,"href":"https:\/\/aconteceunovale.com.br\/portal\/index.php?rest_route=\/wp\/v2\/users\/1"}],"replies":[{"embeddable":true,"href":"https:\/\/aconteceunovale.com.br\/portal\/index.php?rest_route=%2Fwp%2Fv2%2Fcomments&post=67005"}],"version-history":[{"count":0,"href":"https:\/\/aconteceunovale.com.br\/portal\/index.php?rest_route=\/wp\/v2\/posts\/67005\/revisions"}],"wp:featuredmedia":[{"embeddable":true,"href":"https:\/\/aconteceunovale.com.br\/portal\/index.php?rest_route=\/wp\/v2\/media\/58741"}],"wp:attachment":[{"href":"https:\/\/aconteceunovale.com.br\/portal\/index.php?rest_route=%2Fwp%2Fv2%2Fmedia&parent=67005"}],"wp:term":[{"taxonomy":"category","embeddable":true,"href":"https:\/\/aconteceunovale.com.br\/portal\/index.php?rest_route=%2Fwp%2Fv2%2Fcategories&post=67005"},{"taxonomy":"post_tag","embeddable":true,"href":"https:\/\/aconteceunovale.com.br\/portal\/index.php?rest_route=%2Fwp%2Fv2%2Ftags&post=67005"}],"curies":[{"name":"wp","href":"https:\/\/api.w.org\/{rel}","templated":true}]}}