{"id":67003,"date":"2015-08-31T09:43:08","date_gmt":"2015-08-31T12:43:08","guid":{"rendered":"http:\/\/aconteceunovale.com.br\/portal\/?p=67003"},"modified":"2015-08-31T09:43:08","modified_gmt":"2015-08-31T12:43:08","slug":"previsao-do-tempo-para-minas-gerais-nesta-segunda-feira-31-de-agosto","status":"publish","type":"post","link":"https:\/\/aconteceunovale.com.br\/portal\/?p=67003","title":{"rendered":"Previs\u00e3o do tempo para Minas Gerais, nesta segunda-feira, 31 de agosto"},"content":{"rendered":"<h4><strong><em>Parcialmente nublado, sem chuvas, na maior parte do estado. Ar seco promove \u00edndices de umidade abaixo de 30% em v\u00e1rias regi\u00f5es.<\/em><\/strong><\/h4>\n<p>Nesta  segunda-feira (31\/8), o tempo segue est\u00e1vel sobre o Sudeste do Brasil, por causa da atua\u00e7\u00e3o de uma massa de ar seco. Em Minas Gerais, o tempo deve ficar parcialmente nublado, sem chuvas no Vale do Jequitinhonha, Vale do Mucuri, Vale do Rio Doce e Zona da Mata.<\/p>\n<p>Nas outras regi\u00f5es do estado, o tempo deve ficar est\u00e1vel com predom\u00ednio de sol. O ar seco tamb\u00e9m promove baixos \u00edndices de umidade, abaixo de 30%, \u00e0 tarde no Norte, Noroeste, Sul, Centro e Oeste mineiro.<\/p>\n<p> Na Regi\u00e3o Metropolitana de Belo Horizonte mais um dia de sol entre poucas nuvens. A temperatura m\u00ednima registrada na capital foi de 15\u00b0C, a m\u00e1xima deve ficar na casa dos 30\u00b0C e a umidade do ar \u00e0 tarde deve atingir 30%.<\/p>\n<p>A tend\u00eancia \u00e9 de tempo est\u00e1vel nas regi\u00f5es mineiras ao longo da semana.<\/p>\n","protected":false},"excerpt":{"rendered":"<p>Parcialmente nublado, sem chuvas, na maior parte do estado. Ar seco promove \u00edndices de umidade abaixo de 30% em v\u00e1rias regi\u00f5es. Nesta segunda-feira (31\/8), o tempo segue est\u00e1vel sobre o Sudeste do Brasil, por causa da atua\u00e7\u00e3o de uma massa de ar seco. Em Minas Gerais, o tempo deve ficar parcialmente nublado, sem chuvas no [&hellip;]<\/p>\n","protected":false},"author":1,"featured_media":51728,"comment_status":"open","ping_status":"closed","sticky":false,"template":"","format":"standard","meta":{"amp_status":"","footnotes":""},"categories":[123],"tags":[57487,44471,57489,1956,1839,28170,57488],"class_list":["post-67003","post","type-post","status-publish","format-standard","has-post-thumbnail","hentry","category-gerais","tag-31-de-agosto","tag-nesta-segunda-feira","tag-nesta-segunda-feira-31-de-agosto","tag-previsao-do-tempo","tag-previsao-do-tempo-para-minas-gerais","tag-previsao-do-tempo-para-minas-gerais-nesta-segunda-feira","tag-previsao-do-tempo-para-minas-gerais-nesta-segunda-feira-31-de-agosto"],"_links":{"self":[{"href":"https:\/\/aconteceunovale.com.br\/portal\/index.php?rest_route=\/wp\/v2\/posts\/67003","targetHints":{"allow":["GET"]}}],"collection":[{"href":"https:\/\/aconteceunovale.com.br\/portal\/index.php?rest_route=\/wp\/v2\/posts"}],"about":[{"href":"https:\/\/aconteceunovale.com.br\/portal\/index.php?rest_route=\/wp\/v2\/types\/post"}],"author":[{"embeddable":true,"href":"https:\/\/aconteceunovale.com.br\/portal\/index.php?rest_route=\/wp\/v2\/users\/1"}],"replies":[{"embeddable":true,"href":"https:\/\/aconteceunovale.com.br\/portal\/index.php?rest_route=%2Fwp%2Fv2%2Fcomments&post=67003"}],"version-history":[{"count":0,"href":"https:\/\/aconteceunovale.com.br\/portal\/index.php?rest_route=\/wp\/v2\/posts\/67003\/revisions"}],"wp:featuredmedia":[{"embeddable":true,"href":"https:\/\/aconteceunovale.com.br\/portal\/index.php?rest_route=\/wp\/v2\/media\/51728"}],"wp:attachment":[{"href":"https:\/\/aconteceunovale.com.br\/portal\/index.php?rest_route=%2Fwp%2Fv2%2Fmedia&parent=67003"}],"wp:term":[{"taxonomy":"category","embeddable":true,"href":"https:\/\/aconteceunovale.com.br\/portal\/index.php?rest_route=%2Fwp%2Fv2%2Fcategories&post=67003"},{"taxonomy":"post_tag","embeddable":true,"href":"https:\/\/aconteceunovale.com.br\/portal\/index.php?rest_route=%2Fwp%2Fv2%2Ftags&post=67003"}],"curies":[{"name":"wp","href":"https:\/\/api.w.org\/{rel}","templated":true}]}}