{"id":66488,"date":"2015-08-25T22:09:48","date_gmt":"2015-08-26T01:09:48","guid":{"rendered":"http:\/\/aconteceunovale.com.br\/portal\/?p=66488"},"modified":"2015-08-25T22:09:48","modified_gmt":"2015-08-26T01:09:48","slug":"homem-e-preso-com-oito-armas-na-zona-rural-de-sao-joao-do-oriente","status":"publish","type":"post","link":"https:\/\/aconteceunovale.com.br\/portal\/?p=66488","title":{"rendered":"Homem \u00e9 preso com oito armas na zona rural de S\u00e3o Jo\u00e3o do Oriente"},"content":{"rendered":"<p>Um homem de 48 anos foi preso na tarde desta ter\u00e7a-feira, 25 de agosto, no C\u00f3rrego da Perdida, zona rural de S\u00e3o Jo\u00e3o do Oriente (MG), por porte ilegal de armas. Com ele, os militares apreenderam oito armas, muni\u00e7\u00e3o, dois coldres e recipientes com chumbo e p\u00f3lvoras.<\/p>\n<p>De acordo com a Pol\u00edcia Militar, o suspeito foi localizado ap\u00f3s uma den\u00fancia an\u00f4nima. Ele foi encaminhado \u00e0 delegacia, juntamente com o material apreendido. Ainda segundo a PM, um idoso de 80 anos, que teria envolvimento no crime, est\u00e1 sendo procurado.<\/p>\n<p><img decoding=\"async\" src=\"http:\/\/aconteceunovale.com.br\/portal\/wp-content\/uploads\/2015\/08\/apreensao_sao_joao_do_oriente.jpg\" alt=\"\" \/><em>Pol\u00edcia apreendeu oito armas e muni\u00e7\u00e3o (Foto: Divulga\u00e7\u00e3o \/ Pol\u00edcia Militar)<\/em><br \/>\n<\/br><\/p>\n<p><em>(Fonte: Inter TV dos Vales)<\/em><\/p>\n","protected":false},"excerpt":{"rendered":"<p>Um homem de 48 anos foi preso na tarde desta ter\u00e7a-feira, 25 de agosto, no C\u00f3rrego da Perdida, zona rural de S\u00e3o Jo\u00e3o do Oriente (MG), por porte ilegal de armas. Com ele, os militares apreenderam oito armas, muni\u00e7\u00e3o, dois coldres e recipientes com chumbo e p\u00f3lvoras. De acordo com a Pol\u00edcia Militar, o suspeito [&hellip;]<\/p>\n","protected":false},"author":1,"featured_media":66489,"comment_status":"open","ping_status":"closed","sticky":false,"template":"","format":"standard","meta":{"amp_status":"","footnotes":""},"categories":[121],"tags":[56573,1734],"class_list":["post-66488","post","type-post","status-publish","format-standard","has-post-thumbnail","hentry","category-leste","tag-homem-e-preso-com-oito-armas-na-zona-rural-de-sao-joao-do-oriente","tag-sao-joao-do-oriente"],"_links":{"self":[{"href":"https:\/\/aconteceunovale.com.br\/portal\/index.php?rest_route=\/wp\/v2\/posts\/66488","targetHints":{"allow":["GET"]}}],"collection":[{"href":"https:\/\/aconteceunovale.com.br\/portal\/index.php?rest_route=\/wp\/v2\/posts"}],"about":[{"href":"https:\/\/aconteceunovale.com.br\/portal\/index.php?rest_route=\/wp\/v2\/types\/post"}],"author":[{"embeddable":true,"href":"https:\/\/aconteceunovale.com.br\/portal\/index.php?rest_route=\/wp\/v2\/users\/1"}],"replies":[{"embeddable":true,"href":"https:\/\/aconteceunovale.com.br\/portal\/index.php?rest_route=%2Fwp%2Fv2%2Fcomments&post=66488"}],"version-history":[{"count":0,"href":"https:\/\/aconteceunovale.com.br\/portal\/index.php?rest_route=\/wp\/v2\/posts\/66488\/revisions"}],"wp:featuredmedia":[{"embeddable":true,"href":"https:\/\/aconteceunovale.com.br\/portal\/index.php?rest_route=\/wp\/v2\/media\/66489"}],"wp:attachment":[{"href":"https:\/\/aconteceunovale.com.br\/portal\/index.php?rest_route=%2Fwp%2Fv2%2Fmedia&parent=66488"}],"wp:term":[{"taxonomy":"category","embeddable":true,"href":"https:\/\/aconteceunovale.com.br\/portal\/index.php?rest_route=%2Fwp%2Fv2%2Fcategories&post=66488"},{"taxonomy":"post_tag","embeddable":true,"href":"https:\/\/aconteceunovale.com.br\/portal\/index.php?rest_route=%2Fwp%2Fv2%2Ftags&post=66488"}],"curies":[{"name":"wp","href":"https:\/\/api.w.org\/{rel}","templated":true}]}}