{"id":66483,"date":"2015-08-25T21:38:59","date_gmt":"2015-08-26T00:38:59","guid":{"rendered":"http:\/\/aconteceunovale.com.br\/portal\/?p=66483"},"modified":"2015-08-25T21:38:59","modified_gmt":"2015-08-26T00:38:59","slug":"quatro-pessoas-sao-presas-durante-operacao-em-sao-sebastiao-do-maranhao","status":"publish","type":"post","link":"https:\/\/aconteceunovale.com.br\/portal\/?p=66483","title":{"rendered":"Quatro pessoas s\u00e3o presas durante opera\u00e7\u00e3o em S\u00e3o Sebasti\u00e3o do Maranh\u00e3o"},"content":{"rendered":"<p>Quatro pessoas foram presas na manh\u00e3 desta ter\u00e7a-feira, 25 de agosto, durante a \u201cOpera\u00e7\u00e3o Maranh\u00e3o&#8221; desencadeada em S\u00e3o Sebasti\u00e3o do Maranh\u00e3o, no Vale do Rio Doce. De acordo com a Pol\u00edcia Militar (PM), o objetivo da opera\u00e7\u00e3o era localizar armas e drogas, e dessa forma propiciar maior tranquilidade \u00e0 popula\u00e7\u00e3o do munic\u00edpio. <\/p>\n<p>Ao todo foram apreendidas uma arma de fogo, tr\u00eas tabletes e 29 buchas de maconha e ainda dois pinos de coca\u00edna, uma pulseira de ouro e R$ 400,00 em dinheiro. A opera\u00e7\u00e3o contou com a atua\u00e7\u00e3o de cerca de 60 policiais militares, que cumpriram 19 mandados de busca e apreens\u00e3o. Policiais de Governador Valadares e Diamantina tamb\u00e9m deram suporte \u00e0 Opera\u00e7\u00e3o.<\/p>\n<p>Os autores e o material apreendido foram encaminhados \u00e0 Delegacia de Pol\u00edcia Civil de Santa Maria do Sua\u00e7u\u00ed.<\/p>\n<p><img decoding=\"async\" src=\"http:\/\/aconteceunovale.com.br\/portal\/wp-content\/uploads\/2015\/08\/operacao_maranhao_1.jpg\" alt=\"\" \/><\/p>\n<p><img decoding=\"async\" src=\"http:\/\/aconteceunovale.com.br\/portal\/wp-content\/uploads\/2015\/08\/operacao_maranhao_2.jpg\" alt=\"\" \/><\/p>\n<p><img decoding=\"async\" src=\"http:\/\/aconteceunovale.com.br\/portal\/wp-content\/uploads\/2015\/08\/operacao_maranhao_3.jpg\" alt=\"\" \/><em>(Fotos: Divulga\u00e7\u00e3o \/ Ascom da 25\u00ba CIA PM IND)<\/em><\/p>\n","protected":false},"excerpt":{"rendered":"<p>Quatro pessoas foram presas na manh\u00e3 desta ter\u00e7a-feira, 25 de agosto, durante a \u201cOpera\u00e7\u00e3o Maranh\u00e3o&#8221; desencadeada em S\u00e3o Sebasti\u00e3o do Maranh\u00e3o, no Vale do Rio Doce. De acordo com a Pol\u00edcia Militar (PM), o objetivo da opera\u00e7\u00e3o era localizar armas e drogas, e dessa forma propiciar maior tranquilidade \u00e0 popula\u00e7\u00e3o do munic\u00edpio. Ao todo foram [&hellip;]<\/p>\n","protected":false},"author":1,"featured_media":66486,"comment_status":"open","ping_status":"closed","sticky":false,"template":"","format":"standard","meta":{"amp_status":"","footnotes":""},"categories":[121],"tags":[56572,56571,56570,324],"class_list":["post-66483","post","type-post","status-publish","format-standard","has-post-thumbnail","hentry","category-leste","tag-operacao-maranhao-em-sao-sebastiao-do-maranhao","tag-presos-em-sao-sebastiao-do-maranhao","tag-quatro-pessoas-sao-presas-durante-operacao-em-sao-sebastiao-do-maranhao","tag-sao-sebastiao-do-maranhao"],"_links":{"self":[{"href":"https:\/\/aconteceunovale.com.br\/portal\/index.php?rest_route=\/wp\/v2\/posts\/66483","targetHints":{"allow":["GET"]}}],"collection":[{"href":"https:\/\/aconteceunovale.com.br\/portal\/index.php?rest_route=\/wp\/v2\/posts"}],"about":[{"href":"https:\/\/aconteceunovale.com.br\/portal\/index.php?rest_route=\/wp\/v2\/types\/post"}],"author":[{"embeddable":true,"href":"https:\/\/aconteceunovale.com.br\/portal\/index.php?rest_route=\/wp\/v2\/users\/1"}],"replies":[{"embeddable":true,"href":"https:\/\/aconteceunovale.com.br\/portal\/index.php?rest_route=%2Fwp%2Fv2%2Fcomments&post=66483"}],"version-history":[{"count":0,"href":"https:\/\/aconteceunovale.com.br\/portal\/index.php?rest_route=\/wp\/v2\/posts\/66483\/revisions"}],"wp:featuredmedia":[{"embeddable":true,"href":"https:\/\/aconteceunovale.com.br\/portal\/index.php?rest_route=\/wp\/v2\/media\/66486"}],"wp:attachment":[{"href":"https:\/\/aconteceunovale.com.br\/portal\/index.php?rest_route=%2Fwp%2Fv2%2Fmedia&parent=66483"}],"wp:term":[{"taxonomy":"category","embeddable":true,"href":"https:\/\/aconteceunovale.com.br\/portal\/index.php?rest_route=%2Fwp%2Fv2%2Fcategories&post=66483"},{"taxonomy":"post_tag","embeddable":true,"href":"https:\/\/aconteceunovale.com.br\/portal\/index.php?rest_route=%2Fwp%2Fv2%2Ftags&post=66483"}],"curies":[{"name":"wp","href":"https:\/\/api.w.org\/{rel}","templated":true}]}}