{"id":66477,"date":"2015-08-25T21:00:24","date_gmt":"2015-08-26T00:00:24","guid":{"rendered":"http:\/\/aconteceunovale.com.br\/portal\/?p=66477"},"modified":"2015-08-25T22:30:29","modified_gmt":"2015-08-26T01:30:29","slug":"policias-civil-e-militar-iniciam-fiscalizacoes-dos-cinquentinhas-em-20-de-novembro","status":"publish","type":"post","link":"https:\/\/aconteceunovale.com.br\/portal\/?p=66477","title":{"rendered":"Fiscaliza\u00e7\u00e3o das cinquentinhas come\u00e7a em novembro"},"content":{"rendered":"<p>As pol\u00edcias\u00a0Civil\u00a0e\u00a0Militar\u00a0divulgaram, nesta ter\u00e7a-feira (25\/8), as regras e os prazos para o registro dos ciclomotores, mais conhecidos como cinquentinhas. Os propriet\u00e1rios dos ve\u00edculos adquiridos at\u00e9 31 de julho de 2015 v\u00e3o ter o prazo de 90 dias para o registro e licenciamento, a contar da publica\u00e7\u00e3o da portaria, ocorrida na \u00faltima sexta-feira (21\/8).<\/p>\n<p>Com isso, as fiscaliza\u00e7\u00f5es ter\u00e3o in\u00edcio em 20 de novembro quando, al\u00e9m da exig\u00eancia do licenciamento, os motoristas dever\u00e3o seguir todas as regras do C\u00f3digo de Tr\u00e2nsito, como portar a Carteira Nacional de Habilita\u00e7\u00e3o (CNH) na categoria ACC ou A e fazer uso de capacete (inclusive o passageiro). Por sua vez, os ciclomotores adquiridos a partir 31 de julho de 2015 ter\u00e3o o prazo para registro de acordo com o C\u00f3digo de Tr\u00e2nsito: 15 dias.<\/p>\n<p>Para obter o registro, o propriet\u00e1rio dever\u00e1 preencher a ficha cadastro no site do\u00a0Detran-MG, quitar a taxa do primeiro emplacamento (R$ 133,42) e comparecer \u00e0 Divis\u00e3o de Registro de Ve\u00edculos, no Bairro Gameleira, em Belo Horizonte. Caso esteja no interior, ele ter\u00e1 que se dirigir \u00e0 delegacia de tr\u00e2nsito com a nota fiscal do ciclomotor, identidade, CPF, a ficha cadastro preenchida e o comprovante de pagamento da taxa do primeiro emplacamento.<\/p>\n<p>Em seguida, o motorista poder\u00e1 comprar a placa e retornar \u00e0 delegacia para efetuar a selagem. Ap\u00f3s o cumprimento das exig\u00eancias, ser\u00e1 emitido o Certificado de Registro de Ve\u00edculo (CRV) e o Certificado de Registro e Licenciamento de Ve\u00edculo (CRLV\/ 2015).<\/p>\n<p>As fiscaliza\u00e7\u00f5es come\u00e7am em 20 de novembro e que aqueles que descumprirem as regras estar\u00e3o sujeitos a diversas multas, que podem ser motivadas por falta de capacete, falta de CNH, al\u00e9m da aus\u00eancia de registro e licenciamento.<\/p>\n<p><strong>Entenda o que mudou<\/strong><\/p>\n<p>Em 30 de julho deste ano foi sancionada a Lei Federal 13.154, que alterou o C\u00f3digo de Tr\u00e2nsito Brasileiro (CTB) e retirou dos munic\u00edpios o poder de registrar e licenciar os ciclomotores. A tarefa passou a ser compet\u00eancia dos estados. Desta forma, o Detran-MG publicou uma portaria e uma instru\u00e7\u00e3o normativa para uniformizar o registro e licenciamento dos ciclomotores em Minas Gerais.<\/p>\n<p>As normas trazem ainda esclarecimentos para propriet\u00e1rios que n\u00e3o possuem mais a nota fiscal do ciclomotor, alertando que poder\u00e1 ser aceita a segunda via ou mesmo uma declara\u00e7\u00e3o de propriedade.<\/p>\n<p>O ciclomotor \u00e9 o ve\u00edculo de duas ou tr\u00eas rodas, provido de um motor de combust\u00e3o interna, cuja cilindrada n\u00e3o exceda a cinquenta cent\u00edmetros c\u00fabicos (3,05 polegadas c\u00fabicas) e cuja velocidade m\u00e1xima de fabrica\u00e7\u00e3o n\u00e3o exceda a cinquenta quil\u00f4metros por hora.<\/p>\n<p><strong>Passo a passo para o registro e licenciamento<\/strong><\/p>\n<p><strong>1.\u00a0<\/strong>O propriet\u00e1rio que adquiriu o ciclomotor antes de 31 de julho de 2015 ter\u00e1 at\u00e9 20 de novembro para se regularizar. Os ciclomotores adquiridos a partir 31 de julho ter\u00e3o o prazo para registro de acordo com o CTB (15 dias).<\/p>\n<p><strong>2.\u00a0<\/strong>O ciclomotor dever\u00e1 ser cadastrado (pelo revendedor, fabricante ou montadora) na Base \u00cdndice Nacional (BIN).<\/p>\n<p><strong>3.<\/strong>\u00a0O propriet\u00e1rio dever\u00e1 preencher a Ficha Cadastro no site\u00a0<a href=\"http:\/\/www.detran.mg.gov.br\/veiculos\/emplacamento\/primeiro-emplacamento-veiculo-zero\" target=\"_blank\">www.detran.mg.gov.br\/veiculos\/emplacamento\/primeiro-emplacamento-veiculo-zero<\/a>\u00a0e, em seguida, emitir o Documento de Arrecada\u00e7\u00e3o Estadual (DAE), no valor de R$ 133,42.<\/p>\n<p><strong>4.\u00a0<\/strong>Procurar a Divis\u00e3o de Registro de Ve\u00edculos, no Bairro Gameleira na capital, ou, se no interior, a delegacia de tr\u00e2nsito com os seguintes documentos:<\/p>\n<p>&#8211; Nota fiscal de compra do ve\u00edculo.<\/p>\n<p>&#8211; Documento de Identidade e CPF do propriet\u00e1rio.<\/p>\n<p>&#8211; Ficha Cadastro.<\/p>\n<p>&#8211; Comprovante de pagamento do DAE.<\/p>\n<p><strong>5.<\/strong>\u00a0Ap\u00f3s o registro, o propriet\u00e1rio dever\u00e1 adquirir a placa de identifica\u00e7\u00e3o.<\/p>\n<p><strong>6.<\/strong>\u00a0Com a placa em m\u00e3os, o propriet\u00e1rio dever\u00e1 retornar ao setor de vistoria para a selagem da placa e emiss\u00e3o do Certificado de Registro de Ve\u00edculo (CRV) e do Certificado de Registro e Licenciamento de Ve\u00edculos (CRLV 2015).<\/p>\n<p><strong>7.<\/strong>\u00a0Por fim, o propriet\u00e1rio dever\u00e1 se dirigir a qualquer ag\u00eancia banc\u00e1ria da rede credenciada e efetuar o pagamento do IPVA e seguro obrigat\u00f3rio proporcionais.<\/p>\n","protected":false},"excerpt":{"rendered":"<p>As pol\u00edcias\u00a0Civil\u00a0e\u00a0Militar\u00a0divulgaram, nesta ter\u00e7a-feira (25\/8), as regras e os prazos para o registro dos ciclomotores, mais conhecidos como cinquentinhas. Os propriet\u00e1rios dos ve\u00edculos adquiridos at\u00e9 31 de julho de 2015 v\u00e3o ter o prazo de 90 dias para o registro e licenciamento, a contar da publica\u00e7\u00e3o da portaria, ocorrida na \u00faltima sexta-feira (21\/8). Com isso, [&hellip;]<\/p>\n","protected":false},"author":1,"featured_media":64320,"comment_status":"open","ping_status":"closed","sticky":false,"template":"","format":"standard","meta":{"amp_status":"","footnotes":""},"categories":[123],"tags":[54159,53276,1018,56559,56560,56580,56558,56563,56557,56562,56561,53274,54349],"class_list":["post-66477","post","type-post","status-publish","format-standard","has-post-thumbnail","hentry","category-gerais","tag-ciclomotores","tag-cinquentinhas","tag-destaque","tag-fiscalizacao-ciclomotores","tag-fiscalizacao-cinquentinhas","tag-fiscalizacao-das-cinquentinhas-comeca-em-novembro","tag-fiscalizacoes-dos-ciclomotores","tag-policias-civil-e-militar-iniciam-fiscalizacoes-das-cinquentinhas-em-20-de-novembro","tag-policias-civil-e-militar-iniciam-fiscalizacoes-dos-ciclomotores-em-20-de-novembro","tag-prazos-para-o-registro-das-cinquentinhas","tag-prazos-para-o-registro-dos-ciclomotores","tag-registro-das-cinquentinhas","tag-registro-dos-ciclomotores"],"_links":{"self":[{"href":"https:\/\/aconteceunovale.com.br\/portal\/index.php?rest_route=\/wp\/v2\/posts\/66477","targetHints":{"allow":["GET"]}}],"collection":[{"href":"https:\/\/aconteceunovale.com.br\/portal\/index.php?rest_route=\/wp\/v2\/posts"}],"about":[{"href":"https:\/\/aconteceunovale.com.br\/portal\/index.php?rest_route=\/wp\/v2\/types\/post"}],"author":[{"embeddable":true,"href":"https:\/\/aconteceunovale.com.br\/portal\/index.php?rest_route=\/wp\/v2\/users\/1"}],"replies":[{"embeddable":true,"href":"https:\/\/aconteceunovale.com.br\/portal\/index.php?rest_route=%2Fwp%2Fv2%2Fcomments&post=66477"}],"version-history":[{"count":0,"href":"https:\/\/aconteceunovale.com.br\/portal\/index.php?rest_route=\/wp\/v2\/posts\/66477\/revisions"}],"wp:featuredmedia":[{"embeddable":true,"href":"https:\/\/aconteceunovale.com.br\/portal\/index.php?rest_route=\/wp\/v2\/media\/64320"}],"wp:attachment":[{"href":"https:\/\/aconteceunovale.com.br\/portal\/index.php?rest_route=%2Fwp%2Fv2%2Fmedia&parent=66477"}],"wp:term":[{"taxonomy":"category","embeddable":true,"href":"https:\/\/aconteceunovale.com.br\/portal\/index.php?rest_route=%2Fwp%2Fv2%2Fcategories&post=66477"},{"taxonomy":"post_tag","embeddable":true,"href":"https:\/\/aconteceunovale.com.br\/portal\/index.php?rest_route=%2Fwp%2Fv2%2Ftags&post=66477"}],"curies":[{"name":"wp","href":"https:\/\/api.w.org\/{rel}","templated":true}]}}