{"id":66430,"date":"2015-08-25T13:53:27","date_gmt":"2015-08-25T16:53:27","guid":{"rendered":"http:\/\/aconteceunovale.com.br\/portal\/?p=66430"},"modified":"2015-08-25T13:53:27","modified_gmt":"2015-08-25T16:53:27","slug":"itaobim-debate-implantacao-de-rede-de-comerciantes-protegidos","status":"publish","type":"post","link":"https:\/\/aconteceunovale.com.br\/portal\/?p=66430","title":{"rendered":"Itaobim debate implanta\u00e7\u00e3o de Rede de Comerciantes Protegidos"},"content":{"rendered":"<p>A Pol\u00edcia Militar (PM) promoveu na \u00faltima sexta-feira, 21 de agosto, no Sal\u00e3o Paroquial da Igreja Cat\u00f3lica de Itaobim, no Vale do Jequitinhonha, uma reuni\u00e3o para implanta\u00e7\u00e3o da Rede de Comerciantes Protegidos (RCP). A rede \u00e9 um projeto de coopera\u00e7\u00e3o e parceria entre a PM e comerciantes, que incentiva  a organiza\u00e7\u00e3o e mudan\u00e7a de comportamento para ado\u00e7\u00e3o de medidas preventivas para redu\u00e7\u00e3o da criminalidade.<\/p>\n<p>Uma das ideias abordadas foi a utiliza\u00e7\u00e3o do WhatsApp, tendo em vista que o aplicativo \u00e9 de f\u00e1cil manuseio, contendo recursos que ampliam e agilizam a troca de informa\u00e7\u00f5es.<\/p>\n<p>Durante a reuni\u00e3o, o Capit\u00e3o Kleber Santos citou parte do artigo 144 da Constitui\u00e7\u00e3o Federal que diz: A seguran\u00e7a p\u00fablica \u00e9 dever do Estado, direito e responsabilidade de todos. <\/p>\n<p>O texto teve como objetivo conscientizar os presentes de que a parceria, a intera\u00e7\u00e3o e o trabalho em grupo s\u00e3o importantes ferramentas para a constru\u00e7\u00e3o de um ambiente mais seguro.<\/p>\n<p>A reuni\u00e3o foi bastante elogiada pelos comerciantes, que demonstraram total apoio para a implanta\u00e7\u00e3o do projeto.<\/p>\n<p>Estiveram presentes no encontro o Subcomandante da 26\u00aa Cia PM Capit\u00e3o Kleber de Sousa Santos, o Comandante do 1\u00ba Pelot\u00e3o de Itaobim que presidiu a reuni\u00e3o, 2\u00ba Tenente Gild\u00e1sio Ferreira Santiago, vereadores e diversos representantes dos estabelecimentos comerciais da cidade.<\/p>\n<p><img decoding=\"async\" src=\"http:\/\/aconteceunovale.com.br\/portal\/wp-content\/uploads\/2015\/08\/rcp_itaobim.jpg\" alt=\"\" \/><em>Encontro foi realizado no sal\u00e3o paroquial de Itaobim &#8211; Foto: Divulga\u00e7\u00e3o \/ PMMG<\/em><br \/>\n<\/br><\/p>\n<p><em>(Fonte: Gazeta de Ara\u00e7ua\u00ed)<\/em><\/p>\n","protected":false},"excerpt":{"rendered":"<p>A Pol\u00edcia Militar (PM) promoveu na \u00faltima sexta-feira, 21 de agosto, no Sal\u00e3o Paroquial da Igreja Cat\u00f3lica de Itaobim, no Vale do Jequitinhonha, uma reuni\u00e3o para implanta\u00e7\u00e3o da Rede de Comerciantes Protegidos (RCP). A rede \u00e9 um projeto de coopera\u00e7\u00e3o e parceria entre a PM e comerciantes, que incentiva a organiza\u00e7\u00e3o e mudan\u00e7a de comportamento [&hellip;]<\/p>\n","protected":false},"author":1,"featured_media":66431,"comment_status":"open","ping_status":"closed","sticky":false,"template":"","format":"standard","meta":{"amp_status":"","footnotes":""},"categories":[120],"tags":[391,56495,56496],"class_list":["post-66430","post","type-post","status-publish","format-standard","has-post-thumbnail","hentry","category-jequi","tag-itaobim","tag-itaobim-debate-implantacao-de-rede-de-comerciantes-protegidos","tag-rede-de-comerciantes-protegidos-em-itaobim"],"_links":{"self":[{"href":"https:\/\/aconteceunovale.com.br\/portal\/index.php?rest_route=\/wp\/v2\/posts\/66430","targetHints":{"allow":["GET"]}}],"collection":[{"href":"https:\/\/aconteceunovale.com.br\/portal\/index.php?rest_route=\/wp\/v2\/posts"}],"about":[{"href":"https:\/\/aconteceunovale.com.br\/portal\/index.php?rest_route=\/wp\/v2\/types\/post"}],"author":[{"embeddable":true,"href":"https:\/\/aconteceunovale.com.br\/portal\/index.php?rest_route=\/wp\/v2\/users\/1"}],"replies":[{"embeddable":true,"href":"https:\/\/aconteceunovale.com.br\/portal\/index.php?rest_route=%2Fwp%2Fv2%2Fcomments&post=66430"}],"version-history":[{"count":0,"href":"https:\/\/aconteceunovale.com.br\/portal\/index.php?rest_route=\/wp\/v2\/posts\/66430\/revisions"}],"wp:featuredmedia":[{"embeddable":true,"href":"https:\/\/aconteceunovale.com.br\/portal\/index.php?rest_route=\/wp\/v2\/media\/66431"}],"wp:attachment":[{"href":"https:\/\/aconteceunovale.com.br\/portal\/index.php?rest_route=%2Fwp%2Fv2%2Fmedia&parent=66430"}],"wp:term":[{"taxonomy":"category","embeddable":true,"href":"https:\/\/aconteceunovale.com.br\/portal\/index.php?rest_route=%2Fwp%2Fv2%2Fcategories&post=66430"},{"taxonomy":"post_tag","embeddable":true,"href":"https:\/\/aconteceunovale.com.br\/portal\/index.php?rest_route=%2Fwp%2Fv2%2Ftags&post=66430"}],"curies":[{"name":"wp","href":"https:\/\/api.w.org\/{rel}","templated":true}]}}