{"id":66427,"date":"2015-08-25T11:51:49","date_gmt":"2015-08-25T14:51:49","guid":{"rendered":"http:\/\/aconteceunovale.com.br\/portal\/?p=66427"},"modified":"2015-08-25T11:51:49","modified_gmt":"2015-08-25T14:51:49","slug":"trio-e-detido-apos-assaltar-a-casa-de-capitao-da-policia-militar-em-montes-claros","status":"publish","type":"post","link":"https:\/\/aconteceunovale.com.br\/portal\/?p=66427","title":{"rendered":"Trio \u00e9 detido ap\u00f3s assaltar a casa de capit\u00e3o da Pol\u00edcia Militar em Montes Claros"},"content":{"rendered":"<p>Tr\u00eas rapazes foram detidos nesta ter\u00e7a-feira, 25 de agosto ap\u00f3s um assalto a casa de um capit\u00e3o da Pol\u00edcia Militar (PM), em Montes Claros, na regi\u00e3o Norte de Minas Gerais. Um deles usava uma camisa do Centro de Controle de Zoonoses.<\/p>\n<p>Segundo informa\u00e7\u00f5es da PM, os assaltantes entraram armados no im\u00f3vel, no Bairro S\u00e3o Judas, amarraram as pessoas que estavam dentro da casa e fugiram levando um carro e aparelhos eletr\u00f4nicos.<\/p>\n<p>A PM fez buscas e os tr\u00eas foram detidos depois do posto da Pol\u00edcia Rodovi\u00e1ria Federal. O autom\u00f3vel e alguns materiais foram recuperados. A arma usada no crime foi apreendida.<\/p>\n<p><img decoding=\"async\" src=\"http:\/\/aconteceunovale.com.br\/portal\/wp-content\/uploads\/2015\/08\/assalto_casa_pm_moc.jpg\" alt=\"\" \/><em>Assaltantes foram detidos em estrada perto do posto da PRF (Foto: Divulga\u00e7\u00e3o \/ Pol\u00edcia Militar)<\/em><br \/>\n<\/br><\/p>\n<p><em>(Fonte: Inter TV Grande Minas \/ G1)<\/em><\/p>\n","protected":false},"excerpt":{"rendered":"<p>Tr\u00eas rapazes foram detidos nesta ter\u00e7a-feira, 25 de agosto ap\u00f3s um assalto a casa de um capit\u00e3o da Pol\u00edcia Militar (PM), em Montes Claros, na regi\u00e3o Norte de Minas Gerais. Um deles usava uma camisa do Centro de Controle de Zoonoses. Segundo informa\u00e7\u00f5es da PM, os assaltantes entraram armados no im\u00f3vel, no Bairro S\u00e3o Judas, [&hellip;]<\/p>\n","protected":false},"author":1,"featured_media":66428,"comment_status":"open","ping_status":"closed","sticky":false,"template":"","format":"standard","meta":{"amp_status":"","footnotes":""},"categories":[1236],"tags":[56493,56492,210,56491,56494],"class_list":["post-66427","post","type-post","status-publish","format-standard","has-post-thumbnail","hentry","category-norte_de_minas","tag-assalto-na-casa-de-capitao-da-policia-militar-em-montes-claros","tag-casa-de-capitao-da-policia-militar-em-montes-claros","tag-montes-claros","tag-tres-jovens-sao-detidos-apos-assaltar-a-casa-de-capitao-da-policia-militar-em-montes-claros","tag-trio-e-detido-apos-assaltar-a-casa-de-capitao-da-policia-militar-em-montes-claros"],"_links":{"self":[{"href":"https:\/\/aconteceunovale.com.br\/portal\/index.php?rest_route=\/wp\/v2\/posts\/66427","targetHints":{"allow":["GET"]}}],"collection":[{"href":"https:\/\/aconteceunovale.com.br\/portal\/index.php?rest_route=\/wp\/v2\/posts"}],"about":[{"href":"https:\/\/aconteceunovale.com.br\/portal\/index.php?rest_route=\/wp\/v2\/types\/post"}],"author":[{"embeddable":true,"href":"https:\/\/aconteceunovale.com.br\/portal\/index.php?rest_route=\/wp\/v2\/users\/1"}],"replies":[{"embeddable":true,"href":"https:\/\/aconteceunovale.com.br\/portal\/index.php?rest_route=%2Fwp%2Fv2%2Fcomments&post=66427"}],"version-history":[{"count":0,"href":"https:\/\/aconteceunovale.com.br\/portal\/index.php?rest_route=\/wp\/v2\/posts\/66427\/revisions"}],"wp:featuredmedia":[{"embeddable":true,"href":"https:\/\/aconteceunovale.com.br\/portal\/index.php?rest_route=\/wp\/v2\/media\/66428"}],"wp:attachment":[{"href":"https:\/\/aconteceunovale.com.br\/portal\/index.php?rest_route=%2Fwp%2Fv2%2Fmedia&parent=66427"}],"wp:term":[{"taxonomy":"category","embeddable":true,"href":"https:\/\/aconteceunovale.com.br\/portal\/index.php?rest_route=%2Fwp%2Fv2%2Fcategories&post=66427"},{"taxonomy":"post_tag","embeddable":true,"href":"https:\/\/aconteceunovale.com.br\/portal\/index.php?rest_route=%2Fwp%2Fv2%2Ftags&post=66427"}],"curies":[{"name":"wp","href":"https:\/\/api.w.org\/{rel}","templated":true}]}}