{"id":66419,"date":"2015-08-25T11:18:10","date_gmt":"2015-08-25T14:18:10","guid":{"rendered":"http:\/\/aconteceunovale.com.br\/portal\/?p=66419"},"modified":"2015-08-25T11:18:10","modified_gmt":"2015-08-25T14:18:10","slug":"cemig-ja-investiu-r-575-milhoes-na-expansao-e-melhoria-das-redes-de-distribuicao-em-2015","status":"publish","type":"post","link":"https:\/\/aconteceunovale.com.br\/portal\/?p=66419","title":{"rendered":"Cemig j\u00e1 investiu R$ 575 milh\u00f5es na expans\u00e3o e melhoria das redes de distribui\u00e7\u00e3o em 2015"},"content":{"rendered":"<p>A Companhia Energ\u00e9tica de Minas Gerais (Cemig) investiu R$ 575 milh\u00f5es na expans\u00e3o e melhoria das redes de distribui\u00e7\u00e3o de energia el\u00e9trica de Minas Gerais s\u00f3 no primeiro semestre deste ano. Segundo o presidente da companhia, Mauro Borges Lemos, o valor corresponde a 46% do total previsto, de R$ 1,24 bilh\u00e3o, para o atendimento aos 8 milh\u00f5es de consumidores no primeiro ano de sua gest\u00e3o.<\/p>\n<p>A expans\u00e3o da rede de distribui\u00e7\u00e3o da Cemig possibilitou, at\u00e9 o momento, a instala\u00e7\u00e3o de 160 mil novas liga\u00e7\u00f5es nas zonas rural e urbana de Minas Gerais. O plano de investimentos viabilizou, tamb\u00e9m, a amplia\u00e7\u00e3o de sete subesta\u00e7\u00f5es e a constru\u00e7\u00e3o de mais de 1.500 quil\u00f4metros de redes de m\u00e9dia e baixa tens\u00e3o.<\/p>\n<p>De acordo com Mauro Borges, a expans\u00e3o de redes de alta tens\u00e3o, no total de 140 quil\u00f4metros a mais no primeiro semestre, precisa ser feita de forma cont\u00ednua para acelerar o desenvolvimento econ\u00f4mico do estado, n\u00e3o apenas para suprir o aumento da demanda por energia dos atuais clientes, mas tamb\u00e9m para permitir a abertura de novos neg\u00f3cios no territ\u00f3rio.<\/p>\n<p>\u201cA manuten\u00e7\u00e3o e a melhoria de nosso sistema de distribui\u00e7\u00e3o tamb\u00e9m s\u00e3o realizadas ininterruptamente. Tamb\u00e9m estamos alterando o patamar tecnol\u00f3gico do sistema el\u00e9trico. com investimentos em automa\u00e7\u00e3o, que permitir\u00e3o o restabelecimento autom\u00e1tico e remoto do fornecimento de energia em caso de interrup\u00e7\u00f5es\u201d, afirma o presidente.<\/p>\n<p>Durante a apresenta\u00e7\u00e3o dos resultados trimestrais, na \u00faltima semana, a diretoria da Cemig ainda anunciou a compra de 15 subesta\u00e7\u00f5es m\u00f3veis, no valor total de R$ 60 milh\u00f5es, equipamentos que contribuem na estabiliza\u00e7\u00e3o do sistema e no aumento de disponibilidade de energia para clientes finais.<\/p>\n<p>\u201cSe contabilizarmos tamb\u00e9m os investimentos em usinas e linhas de transmiss\u00e3o, estaremos falando de mais de R$ 2,5 bilh\u00f5es apenas em 2015. A previs\u00e3o \u00e9 que cumpramos os prazos, j\u00e1 que R$ 1,1 bilh\u00e3o desse total j\u00e1 foi gasto e grande parte das obras e aquisi\u00e7\u00f5es est\u00e3o prontas\u201d, conclui Mauro Borges. (Cemig)<\/p>\n","protected":false},"excerpt":{"rendered":"<p>A Companhia Energ\u00e9tica de Minas Gerais (Cemig) investiu R$ 575 milh\u00f5es na expans\u00e3o e melhoria das redes de distribui\u00e7\u00e3o de energia el\u00e9trica de Minas Gerais s\u00f3 no primeiro semestre deste ano. Segundo o presidente da companhia, Mauro Borges Lemos, o valor corresponde a 46% do total previsto, de R$ 1,24 bilh\u00e3o, para o atendimento aos [&hellip;]<\/p>\n","protected":false},"author":1,"featured_media":61659,"comment_status":"open","ping_status":"closed","sticky":false,"template":"","format":"standard","meta":{"amp_status":"","footnotes":""},"categories":[123],"tags":[347,56485,56484,56487,56486,55336,28398],"class_list":["post-66419","post","type-post","status-publish","format-standard","has-post-thumbnail","hentry","category-gerais","tag-cemig","tag-cemig-investimento","tag-cemig-ja-investiu-r-575-milhoes-na-expansao-e-melhoria-das-redes-de-distribuicao-em-2015","tag-expansao-da-rede-de-distribuicao-da-cemig","tag-expansao-e-melhoria-das-redes-de-distribuicao-da-cemig-em-minas-gerais","tag-investimento-cemig","tag-mauro-borges-lemos"],"_links":{"self":[{"href":"https:\/\/aconteceunovale.com.br\/portal\/index.php?rest_route=\/wp\/v2\/posts\/66419","targetHints":{"allow":["GET"]}}],"collection":[{"href":"https:\/\/aconteceunovale.com.br\/portal\/index.php?rest_route=\/wp\/v2\/posts"}],"about":[{"href":"https:\/\/aconteceunovale.com.br\/portal\/index.php?rest_route=\/wp\/v2\/types\/post"}],"author":[{"embeddable":true,"href":"https:\/\/aconteceunovale.com.br\/portal\/index.php?rest_route=\/wp\/v2\/users\/1"}],"replies":[{"embeddable":true,"href":"https:\/\/aconteceunovale.com.br\/portal\/index.php?rest_route=%2Fwp%2Fv2%2Fcomments&post=66419"}],"version-history":[{"count":0,"href":"https:\/\/aconteceunovale.com.br\/portal\/index.php?rest_route=\/wp\/v2\/posts\/66419\/revisions"}],"wp:featuredmedia":[{"embeddable":true,"href":"https:\/\/aconteceunovale.com.br\/portal\/index.php?rest_route=\/wp\/v2\/media\/61659"}],"wp:attachment":[{"href":"https:\/\/aconteceunovale.com.br\/portal\/index.php?rest_route=%2Fwp%2Fv2%2Fmedia&parent=66419"}],"wp:term":[{"taxonomy":"category","embeddable":true,"href":"https:\/\/aconteceunovale.com.br\/portal\/index.php?rest_route=%2Fwp%2Fv2%2Fcategories&post=66419"},{"taxonomy":"post_tag","embeddable":true,"href":"https:\/\/aconteceunovale.com.br\/portal\/index.php?rest_route=%2Fwp%2Fv2%2Ftags&post=66419"}],"curies":[{"name":"wp","href":"https:\/\/api.w.org\/{rel}","templated":true}]}}