{"id":66255,"date":"2015-08-23T14:28:32","date_gmt":"2015-08-23T17:28:32","guid":{"rendered":"http:\/\/aconteceunovale.com.br\/portal\/?p=66255"},"modified":"2015-08-23T14:28:32","modified_gmt":"2015-08-23T17:28:32","slug":"novo-trem-da-efvm-alcanca-a-marca-de-um-milhao-de-passageiros-transportados","status":"publish","type":"post","link":"https:\/\/aconteceunovale.com.br\/portal\/?p=66255","title":{"rendered":"Novo Trem da EFVM alcan\u00e7a a marca de um milh\u00e3o de passageiros transportados"},"content":{"rendered":"<p>No dia 21 de agosto, sexta-feira, o Novo Trem da Estrada de Ferro Vit\u00f3ria a Minas (EFVM) alcan\u00e7ou a marca de um milh\u00e3o de passageiros desde que iniciou as suas opera\u00e7\u00f5es, em 5 de agosto de 2014. Morador de Belo Horizonte, o jovem Douglas Yuri Mendes Silva fazia o trajeto entre a capital mineira e o munic\u00edpio de Tim\u00f3teo, tamb\u00e9m em Minas Gerais, onde encontra a esposa a cada 15 dias. A composi\u00e7\u00e3o em que Douglas viajava, e que tem a esta\u00e7\u00e3o Pedro Nolasco, em Cariacica (ES), como destino final, transportou mais de 1.250 pessoas na sexta-feira.<\/p>\n<p>Para celebrar o marco hist\u00f3rico, a Vale anunciou a presen\u00e7a do viajante ilustre aos demais passageiros pelo sistema de som do Trem, numa homenagem singela ao &#8220;passageiro n\u00famero 1 milh\u00e3o&#8221;. Al\u00e9m da homenagem, Douglas tamb\u00e9m foi presenteado pela Vale com uma passagem de ida e volta, com direito a acompanhante, para um destino de sua escolha entre os 30 pontos de parada existentes ao longo da Estrada de Ferro Vit\u00f3ria a Minas (EFVM).<\/p>\n<p>Douglas disse que aproveita o trajeto entre as duas cidades, que dura pouco mais de quatro horas, para apreciar a bela paisagem que margeia a Estrada de Ferro Vit\u00f3ria a Minas (EFVM). &#8220;Sempre embarco no trem e considero a viagem bastante confort\u00e1vel e aconchegante. Fiquei surpreso quando escutei o meu nome no sistema de som, e achei muito bacana a homenagem que recebi&#8221;, relata.<\/p>\n<p><img decoding=\"async\" src=\"http:\/\/aconteceunovale.com.br\/portal\/wp-content\/uploads\/2015\/08\/passageiro_1_milhao_vale.jpg\" alt=\"\" \/><em>Douglas Yuri \u00e9 recebido por representantes da Vale em Tim\u00f3teo &#8211; Foto: Divulga\u00e7\u00e3o \/ Vale<\/em><br \/>\n<\/br><\/p>\n<p><strong>Sobre o Novo Trem de Passageiros da EFVM<\/strong><\/p>\n<p>Fruto de um investimento de U$ 80,2 milh\u00f5es, o Novo Trem de Passageiros da Estrada de Ferro Vit\u00f3ria a Minas conta com conta com 56 novos carros, sendo 10 executivos e 30 econ\u00f4micos, al\u00e9m de carros restaurante, lanchonete, gerador e cadeirante (destinado a pessoas com dificuldade de locomo\u00e7\u00e3o). Cada carro executivo tem capacidade para transportar 57 passageiros. J\u00e1 nos econ\u00f4micos acomodam 75 pessoas. Em ambas as classes os carros s\u00e3o climatizados e contam com tomadas el\u00e9tricas para possibilitar o carregamento de equipamentos eletr\u00f4nicos, como notebooks e telefones celulares.<\/p>\n<p>Mais modernos, os banheiros receberam novo layout e tecnologias voltadas a priorizar o uso sustent\u00e1vel dos recursos naturais, como a substitui\u00e7\u00e3o do papel toalha por ar quente para a secagem das m\u00e3os. O sistema de descarga \u00e9 a v\u00e1cuo, semelhante ao utilizado na ind\u00fastria da avia\u00e7\u00e3o, o que reduz o consumo de \u00e1gua. Al\u00e9m disso, toda a composi\u00e7\u00e3o conta com detector de fuma\u00e7a, aumentando a seguran\u00e7a dos usu\u00e1rios.<\/p>\n<p>Os carros da classe executiva contam com sistema de som e ilumina\u00e7\u00e3o individualizados para dar maior conforto e comodidade aos viajantes. Outro diferencial s\u00e3o as poltronas, mais largas. As novidades contemplam tamb\u00e9m os carros-restaurante e cadeirante. O primeiro possui 72 lugares, o que representa um acr\u00e9scimo de 56% em rela\u00e7\u00e3o \u00e0s composi\u00e7\u00f5es que operam atualmente.<\/p>\n<p><strong>Seguran\u00e7a e conforto<\/strong><\/p>\n<p>O Novo Trem conta ainda um novo sistema de abertura e fechamento das portas externas, bem como as localizadas entre um carro e outro, que \u00e9 autom\u00e1tico. A travessia entre os carros tamb\u00e9m mereceu melhorias e ficou ainda mais segura e confort\u00e1vel. Isso porque a conex\u00e3o entre os vag\u00f5es passou a ser vedada por um sistema de pl\u00e1stico emborrachado.<\/p>\n<p>Os novos carros de passageiros contam ainda com displays externos e internos, que exibem informa\u00e7\u00f5es gerais sobre a viagem. Dados como destino e trajeto do trem, n\u00famero dos carros, esta\u00e7\u00f5es e paradas de embarque e de desembarque, entre outros, s\u00e3o algumas das orienta\u00e7\u00f5es voltadas a facilitar ainda mais a viagem.<\/p>\n<p><strong>Sobre a Estrada de Ferro Vit\u00f3ria a Minas<\/strong><\/p>\n<p>&#8211; 664 km de percurso completo<br \/>\n&#8211; 30 pontos de embarque e desembarque<br \/>\n&#8211; 42 munic\u00edpios atendidos<br \/>\n&#8211; 1 milh\u00e3o de passageiros transportados por ano (m\u00e9dia hist\u00f3rica)<br \/>\n&#8211; Pre\u00e7o da passagem (percurso completo): Executiva &#8211; R$ 91 \/ Econ\u00f4mica &#8211; R$ 58<\/p>\n<p><em>(Fonte: Assessoria de Imprensa da Vale)<\/em><\/p>\n","protected":false},"excerpt":{"rendered":"<p>No dia 21 de agosto, sexta-feira, o Novo Trem da Estrada de Ferro Vit\u00f3ria a Minas (EFVM) alcan\u00e7ou a marca de um milh\u00e3o de passageiros desde que iniciou as suas opera\u00e7\u00f5es, em 5 de agosto de 2014. Morador de Belo Horizonte, o jovem Douglas Yuri Mendes Silva fazia o trajeto entre a capital mineira e [&hellip;]<\/p>\n","protected":false},"author":1,"featured_media":66256,"comment_status":"open","ping_status":"closed","sticky":false,"template":"","format":"standard","meta":{"amp_status":"","footnotes":""},"categories":[123],"tags":[56205,27760,26413,56204,56211,56203,56210,56209,56206,56207,1105,56208],"class_list":["post-66255","post","type-post","status-publish","format-standard","has-post-thumbnail","hentry","category-gerais","tag-douglas-yuri-mendes-silva","tag-efvm","tag-estrada-de-ferro-vitoria-a-minas","tag-novo-trem-da-efvm","tag-novo-trem-da-efvm-alcanca-a-marca-de-um-milhao-de-passageiros-transportados","tag-novo-trem-da-estrada-de-ferro-vitoria-a-minas","tag-novo-trem-da-ferrovia-vitoria-a-minas-alcanca-a-marca-de-um-milhao-de-passageiros-transportados","tag-novo-trem-de-passageiros-da-efvm","tag-passageiro-numero-1-milhao","tag-passageiro-numero-1-milhao-do-trem-da-vale","tag-timoteo","tag-trem-da-vale-passageiro-numero-1-milhao"],"_links":{"self":[{"href":"https:\/\/aconteceunovale.com.br\/portal\/index.php?rest_route=\/wp\/v2\/posts\/66255","targetHints":{"allow":["GET"]}}],"collection":[{"href":"https:\/\/aconteceunovale.com.br\/portal\/index.php?rest_route=\/wp\/v2\/posts"}],"about":[{"href":"https:\/\/aconteceunovale.com.br\/portal\/index.php?rest_route=\/wp\/v2\/types\/post"}],"author":[{"embeddable":true,"href":"https:\/\/aconteceunovale.com.br\/portal\/index.php?rest_route=\/wp\/v2\/users\/1"}],"replies":[{"embeddable":true,"href":"https:\/\/aconteceunovale.com.br\/portal\/index.php?rest_route=%2Fwp%2Fv2%2Fcomments&post=66255"}],"version-history":[{"count":0,"href":"https:\/\/aconteceunovale.com.br\/portal\/index.php?rest_route=\/wp\/v2\/posts\/66255\/revisions"}],"wp:featuredmedia":[{"embeddable":true,"href":"https:\/\/aconteceunovale.com.br\/portal\/index.php?rest_route=\/wp\/v2\/media\/66256"}],"wp:attachment":[{"href":"https:\/\/aconteceunovale.com.br\/portal\/index.php?rest_route=%2Fwp%2Fv2%2Fmedia&parent=66255"}],"wp:term":[{"taxonomy":"category","embeddable":true,"href":"https:\/\/aconteceunovale.com.br\/portal\/index.php?rest_route=%2Fwp%2Fv2%2Fcategories&post=66255"},{"taxonomy":"post_tag","embeddable":true,"href":"https:\/\/aconteceunovale.com.br\/portal\/index.php?rest_route=%2Fwp%2Fv2%2Ftags&post=66255"}],"curies":[{"name":"wp","href":"https:\/\/api.w.org\/{rel}","templated":true}]}}